{"id":459950,"date":"2021-07-03T13:28:32","date_gmt":"2021-07-03T11:28:32","guid":{"rendered":"https:\/\/hashtag.al\/?p=459950"},"modified":"2021-07-03T13:28:32","modified_gmt":"2021-07-03T11:28:32","slug":"jemi-nje-popull-zelensky-zemerohet-pas-deklarates-se-putinit-jo-nuk-jemi","status":"publish","type":"post","link":"https:\/\/www.hashtag.al\/index.php\/2021\/07\/03\/jemi-nje-popull-zelensky-zemerohet-pas-deklarates-se-putinit-jo-nuk-jemi\/","title":{"rendered":"\u201cJemi nj\u00eb popull\u201d &#8211; Zelensky zem\u00ebrohet pas deklarat\u00ebs s\u00eb Putinit: Jo, nuk jemi","gt_translate_keys":[{"key":"rendered","format":"text"}]},"content":{"rendered":"<p><span style=\"color: #000000;\"><a href=\"https:\/\/hashtag.al\/wp-content\/uploads\/2021\/07\/Zelensky.jpg\"><img loading=\"lazy\" decoding=\"async\" class=\"aligncenter size-full wp-image-459951\" src=\"https:\/\/hashtag.al\/wp-content\/uploads\/2021\/07\/Zelensky.jpg\" alt=\"\" width=\"980\" height=\"551\" srcset=\"https:\/\/www.hashtag.al\/wp-content\/uploads\/2021\/07\/Zelensky.jpg 980w, https:\/\/www.hashtag.al\/wp-content\/uploads\/2021\/07\/Zelensky-300x169.jpg 300w, https:\/\/www.hashtag.al\/wp-content\/uploads\/2021\/07\/Zelensky-768x432.jpg 768w\" sizes=\"auto, (max-width: 980px) 100vw, 980px\" \/><\/a><br \/>\nPresidenti ukrainas Volodymyr Zelensky nuk \u00ebsht\u00eb ndjer\u00eb mir\u00eb k\u00ebt\u00eb jav\u00eb kur ka d\u00ebgjuar homologun e tij rus, t\u00eb d\u00ebgjoj\u00eb t\u00eb thot\u00eb se rus\u00ebt dhe ukrainasit jan\u00eb <em>\u201cnj\u00eb popull\u201d.<\/em><\/span><\/p>\n<p><span style=\"color: #000000;\">N\u00eb nj\u00eb seanc\u00eb me pyetje-p\u00ebrgjigje me publikun t\u00eb m\u00ebrkur\u00ebn, Vladimir Putin tha<em>:\u201dUn\u00eb besoj se ukrainasit dhe rus\u00ebt jan\u00eb p\u00ebrgjith\u00ebsisht nj\u00eb popull &#8230; ne jemi nj\u00eb t\u00ebr\u00ebsi e vetme.&#8221; <\/em><\/span><\/p>\n<p><span style=\"color: #000000;\">Ai vazhdoi duke th\u00ebn\u00eb se p\u00ebrkeq\u00ebsimi n\u00eb marr\u00ebdh\u00ebniet dypal\u00ebshe midis Mosk\u00ebs dhe Kievit ishte p\u00ebr t\u00eb ardhur keq dhe kritikoi nj\u00eb ligj t\u00eb ri q\u00eb po miratohet nga ligjv\u00ebn\u00ebsit ukrainas q\u00eb do t\u00eb privoj\u00eb popullatat historike ruse.<\/span><\/p>\n<p><span style=\"color: #000000;\">Por dit\u00ebn tjet\u00ebr reagoi Zelensky duke th\u00ebn\u00eb se ai donte t\u00eb <em>&#8220;vendoste p\u00ebrfundimisht pikat mbi i&#8221;<\/em> kur b\u00ebhet fjal\u00eb p\u00ebr \u00e7\u00ebshtjen e historis\u00eb s\u00eb p\u00ebrbashk\u00ebt midis ukrainasve dhe rus\u00ebve.<\/span><\/p>\n<p><span style=\"color: #000000;\"><em>&#8220;Ne padyshim nuk jemi nj\u00eb popull.&#8221;-<\/em> tha ai sipas <span style=\"color: #0000ff;\"><a style=\"color: #0000ff;\" href=\"https:\/\/www.rt.com\/russia\/528188-zelensky-ukraine-one-people\/\">RT<\/a><\/span>, duke shtuar vet\u00ebm se <em>&#8220;kemi shum\u00eb gj\u00ebra t\u00eb p\u00ebrbashk\u00ebta&#8221;,<\/em> duke p\u00ebrfshir\u00eb nj\u00eb histori t\u00eb p\u00ebrbashk\u00ebt.<\/span><\/p>\n<p><span style=\"color: #000000;\">Sidoqoft\u00eb t\u00eb premten, z\u00ebdh\u00ebn\u00ebsja e Ministris\u00eb s\u00eb Jashtme ruse Maria Zakharova kujtoi n\u00eb \u200b\u200bnj\u00eb deklarat\u00eb nj\u00eb intervist\u00eb q\u00eb lideri ukrainas kishte b\u00ebr\u00eb n\u00eb prill t\u00eb vitit 2014 me nj\u00eb gazet\u00eb lokale nj\u00eb muaj pas aneksimit t\u00eb Krimes\u00eb nga Rusia.<\/span><\/p>\n<p><span style=\"color: #000000;\"><em>&#8220;N\u00eb at\u00eb intervist\u00eb &#8230; Zelensky p\u00ebrcaktoi bindjen e tij se ukrainasit dhe rus\u00ebt jan\u00eb i nj\u00ebjti popull<\/em>.&#8221;- tha Zakharova.<\/span><\/p>\n<p><span style=\"color: #000000;\">Presidenti rus Putin hodhi posht\u00eb mund\u00ebsin\u00eb e nj\u00eb takimi me homologun ukrainas m\u00eb von\u00eb k\u00ebt\u00eb vit, pas nj\u00eb k\u00ebrkese p\u00ebr nj\u00eb samit nga Kievi.<\/span><\/p>\n<p><span style=\"color: #000000;\"><em>&#8220;Pse duhet ta takoj Zelensky-n?\u201d-<\/em> pyeti Putini. <em>\u201cN\u00ebse ai ka hequr dor\u00eb nga vendi i tij p\u00ebr kontroll t\u00eb plot\u00eb t\u00eb jasht\u00ebm, \u00e7\u00ebshtjet kryesore p\u00ebr jet\u00ebn n\u00eb Ukrain\u00eb nuk zgjidhen n\u00eb Kiev por n\u00eb Uashington dhe, deri diku, n\u00eb Berlin dhe Paris. P\u00ebr \u00e7far\u00eb do t\u00eb flisnim at\u00ebher\u00eb? &#8220;<\/em><\/span><\/p>\n","protected":false,"gt_translate_keys":[{"key":"rendered","format":"html"}]},"excerpt":{"rendered":"<p>Presidenti ukrainas Volodymyr Zelensky nuk \u00ebsht\u00eb ndjer\u00eb mir\u00eb k\u00ebt\u00eb jav\u00eb kur ka d\u00ebgjuar homologun e tij rus, t\u00eb d\u00ebgjoj\u00eb t\u00eb thot\u00eb se rus\u00ebt dhe ukrainasit jan\u00eb \u201cnj\u00eb popull\u201d. N\u00eb nj\u00eb seanc\u00eb me pyetje-p\u00ebrgjigje me publikun t\u00eb m\u00ebrkur\u00ebn, Vladimir Putin tha:\u201dUn\u00eb besoj se ukrainasit dhe rus\u00ebt jan\u00eb p\u00ebrgjith\u00ebsisht nj\u00eb popull &#8230; ne jemi nj\u00eb t\u00ebr\u00ebsi e [&hellip;]<\/p>\n","protected":false,"gt_translate_keys":[{"key":"rendered","format":"html"}]},"author":30,"featured_media":459951,"comment_status":"closed","ping_status":"open","sticky":false,"template":"","format":"standard","meta":{"footnotes":""},"categories":[6,13],"tags":[],"class_list":["post-459950","post","type-post","status-publish","format-standard","has-post-thumbnail","hentry","category-nderkombetare","category-te-fundit"],"gt_translate_keys":[{"key":"link","format":"url"}],"_links":{"self":[{"href":"https:\/\/www.hashtag.al\/index.php\/wp-json\/wp\/v2\/posts\/459950","targetHints":{"allow":["GET"]}}],"collection":[{"href":"https:\/\/www.hashtag.al\/index.php\/wp-json\/wp\/v2\/posts"}],"about":[{"href":"https:\/\/www.hashtag.al\/index.php\/wp-json\/wp\/v2\/types\/post"}],"author":[{"embeddable":true,"href":"https:\/\/www.hashtag.al\/index.php\/wp-json\/wp\/v2\/users\/30"}],"replies":[{"embeddable":true,"href":"https:\/\/www.hashtag.al\/index.php\/wp-json\/wp\/v2\/comments?post=459950"}],"version-history":[{"count":0,"href":"https:\/\/www.hashtag.al\/index.php\/wp-json\/wp\/v2\/posts\/459950\/revisions"}],"wp:featuredmedia":[{"embeddable":true,"href":"https:\/\/www.hashtag.al\/index.php\/wp-json\/wp\/v2\/media\/459951"}],"wp:attachment":[{"href":"https:\/\/www.hashtag.al\/index.php\/wp-json\/wp\/v2\/media?parent=459950"}],"wp:term":[{"taxonomy":"category","embeddable":true,"href":"https:\/\/www.hashtag.al\/index.php\/wp-json\/wp\/v2\/categories?post=459950"},{"taxonomy":"post_tag","embeddable":true,"href":"https:\/\/www.hashtag.al\/index.php\/wp-json\/wp\/v2\/tags?post=459950"}],"curies":[{"name":"wp","href":"https:\/\/api.w.org\/{rel}","templated":true}]}}