{"id":459940,"date":"2021-07-03T12:57:58","date_gmt":"2021-07-03T10:57:58","guid":{"rendered":"https:\/\/hashtag.al\/?p=459940"},"modified":"2021-07-03T12:57:58","modified_gmt":"2021-07-03T10:57:58","slug":"kishte-dale-per-peshkim-45-vjecari-gjendet-i-mbytur-ne-lumin-osum","status":"publish","type":"post","link":"https:\/\/www.hashtag.al\/index.php\/2021\/07\/03\/kishte-dale-per-peshkim-45-vjecari-gjendet-i-mbytur-ne-lumin-osum\/","title":{"rendered":"Kishte dal\u00eb p\u00ebr peshkim, 45-vje\u00e7ari gjendet i mbytur n\u00eb lumin Osum","gt_translate_keys":[{"key":"rendered","format":"text"}]},"content":{"rendered":"<p><a href=\"https:\/\/hashtag.al\/wp-content\/uploads\/2021\/07\/ura-e-gorices-berat.jpg\"><img loading=\"lazy\" decoding=\"async\" class=\"aligncenter size-full wp-image-459941\" src=\"https:\/\/hashtag.al\/wp-content\/uploads\/2021\/07\/ura-e-gorices-berat.jpg\" alt=\"\" width=\"733\" height=\"468\" srcset=\"https:\/\/www.hashtag.al\/wp-content\/uploads\/2021\/07\/ura-e-gorices-berat.jpg 733w, https:\/\/www.hashtag.al\/wp-content\/uploads\/2021\/07\/ura-e-gorices-berat-300x192.jpg 300w\" sizes=\"auto, (max-width: 733px) 100vw, 733px\" \/><\/a><\/p>\n<p><span style=\"color: #000000;\">Nj\u00eb 45-vje\u00e7ar nga Berati \u00ebsht\u00eb gjetur sot i mbytur n\u00eb lumin Osum.<\/span><\/p>\n<p><span style=\"color: #000000;\">Sipas televizionit \u201cNews 24\u201d b\u00ebhet fjal\u00eb p\u00ebr shtetasin Ilir Mejdani, i cili kishte dal\u00eb p\u00ebr peshkim, por nuk ishte kthyer m\u00eb.<\/span><\/p>\n<p><span style=\"color: #000000;\">Zot\u00ebria u gjet i mbytur n\u00eb af\u00ebrsi t\u00eb Ur\u00ebs s\u00eb Goric\u00ebs, nd\u00ebrsa nuk dihen ende rrethanat e ngjarjes.<\/span><\/p>\n<p><span style=\"color: #000000;\">Policia dhe grupi hetimor\u00a0kan\u00eb shkuar n\u00eb vendngjarje dhe po punojn\u00eb p\u00ebr zbardhjen e rrethanave t\u00eb k\u00ebsaj ndodhie.<\/span><\/p>\n","protected":false,"gt_translate_keys":[{"key":"rendered","format":"html"}]},"excerpt":{"rendered":"<p>Nj\u00eb 45-vje\u00e7ar nga Berati \u00ebsht\u00eb gjetur sot i mbytur n\u00eb lumin Osum. Sipas televizionit \u201cNews 24\u201d b\u00ebhet fjal\u00eb p\u00ebr shtetasin Ilir Mejdani, i cili kishte dal\u00eb p\u00ebr peshkim, por nuk ishte kthyer m\u00eb. Zot\u00ebria u gjet i mbytur n\u00eb af\u00ebrsi t\u00eb Ur\u00ebs s\u00eb Goric\u00ebs, nd\u00ebrsa nuk dihen ende rrethanat e ngjarjes. Policia dhe grupi hetimor\u00a0kan\u00eb [&hellip;]<\/p>\n","protected":false,"gt_translate_keys":[{"key":"rendered","format":"html"}]},"author":30,"featured_media":459941,"comment_status":"closed","ping_status":"open","sticky":false,"template":"","format":"standard","meta":{"footnotes":""},"categories":[65,13],"tags":[],"class_list":["post-459940","post","type-post","status-publish","format-standard","has-post-thumbnail","hentry","category-lajme","category-te-fundit"],"gt_translate_keys":[{"key":"link","format":"url"}],"_links":{"self":[{"href":"https:\/\/www.hashtag.al\/index.php\/wp-json\/wp\/v2\/posts\/459940","targetHints":{"allow":["GET"]}}],"collection":[{"href":"https:\/\/www.hashtag.al\/index.php\/wp-json\/wp\/v2\/posts"}],"about":[{"href":"https:\/\/www.hashtag.al\/index.php\/wp-json\/wp\/v2\/types\/post"}],"author":[{"embeddable":true,"href":"https:\/\/www.hashtag.al\/index.php\/wp-json\/wp\/v2\/users\/30"}],"replies":[{"embeddable":true,"href":"https:\/\/www.hashtag.al\/index.php\/wp-json\/wp\/v2\/comments?post=459940"}],"version-history":[{"count":0,"href":"https:\/\/www.hashtag.al\/index.php\/wp-json\/wp\/v2\/posts\/459940\/revisions"}],"wp:featuredmedia":[{"embeddable":true,"href":"https:\/\/www.hashtag.al\/index.php\/wp-json\/wp\/v2\/media\/459941"}],"wp:attachment":[{"href":"https:\/\/www.hashtag.al\/index.php\/wp-json\/wp\/v2\/media?parent=459940"}],"wp:term":[{"taxonomy":"category","embeddable":true,"href":"https:\/\/www.hashtag.al\/index.php\/wp-json\/wp\/v2\/categories?post=459940"},{"taxonomy":"post_tag","embeddable":true,"href":"https:\/\/www.hashtag.al\/index.php\/wp-json\/wp\/v2\/tags?post=459940"}],"curies":[{"name":"wp","href":"https:\/\/api.w.org\/{rel}","templated":true}]}}