{"id":459876,"date":"2021-07-02T22:11:35","date_gmt":"2021-07-02T20:11:35","guid":{"rendered":"https:\/\/hashtag.al\/?p=459876"},"modified":"2021-07-02T23:15:19","modified_gmt":"2021-07-02T21:15:19","slug":"lukashenko-urdheron-mbylljen-e-kufirit-me-ukrainen","status":"publish","type":"post","link":"https:\/\/www.hashtag.al\/index.php\/2021\/07\/02\/lukashenko-urdheron-mbylljen-e-kufirit-me-ukrainen\/","title":{"rendered":"Lukashenko urdh\u00ebron mbylljen e kufirit me Ukrain\u00ebn","gt_translate_keys":[{"key":"rendered","format":"text"}]},"content":{"rendered":"<div>\n<dl id=\"attachment_459877\">\n<dt><img loading=\"lazy\" decoding=\"async\" class=\"aligncenter\" src=\"https:\/\/hashtag.al\/wp-content\/uploads\/2021\/07\/kharkiv-border-web.jpg\" alt=\"\" width=\"768\" height=\"505\" \/><\/dt>\n<\/dl>\n<\/div>\n<p><span style=\"color: #000000;\">Aleksand\u00ebr Lukashenko, Presidenti i Bjellorusis\u00eb, tha se ka urdh\u00ebruar mbylljen e plot\u00eb t\u00eb kufirit me Ukrain\u00ebn, me pretendimet se nga vendi fqinj po hyn nj\u00eb sasi e madhe arm\u00ebsh.<\/span><\/p>\n<p><span style=\"color: #000000;\">Njoftimi u b\u00eb p\u00ebrmes medias shtet\u00ebrore, m\u00eb 2 korrik. Lukashenko nuk i v\u00ebrtetoi me asnj\u00eb fakt pretendimet e tij.<\/span><\/p>\n<p><span style=\"color: #000000;\">Regjimi i tij po p\u00ebrballet me presion nd\u00ebrkomb\u00ebtar p\u00ebr shtypjen e opozit\u00ebs dhe protestuesve, pas rezultateve t\u00eb kund\u00ebrshtuara t\u00eb zgjedhjeve presidenciale t\u00eb mbajtura n\u00eb gusht t\u00eb vitit 2020.<\/span><\/p>\n<p><span style=\"color: #000000;\">Bashkimi Evropian, Shtetet e Bashkuara dhe vendet e tjera kan\u00eb vendosur sanksione ndaj entiteteve bjelloruse dhe rrethit t\u00eb ngusht\u00eb t\u00eb Lukashenkas p\u00ebr dhun\u00ebn ndaj aktivist\u00ebve pro-demokracis\u00eb dhe politikan\u00ebve t\u00eb opozit\u00ebs.<\/span><\/p>\n<p><span style=\"color: #000000;\">Rezultatet e zgjedhjeve e nxor\u00ebn fitues Lukashenkan, por opozita thot\u00eb se zgjedhjet ishin t\u00eb manipuluara dhe Per\u00ebndimi ka refuzuar t\u00eb njoh\u00eb rezultatet zyrtare si dhe nuk e konsideron Lukashenkan si udh\u00ebheq\u00ebsin legjitim t\u00eb vendit.<\/span><\/p>\n<p><span style=\"color: #000000;\">Lukashenko gjithashtu pretendoi se disa \u201cqeliza t\u00eb fjetura terroriste\u201d t\u00eb lidhura me Gjermanin\u00eb, Shtetet e Bashkuara, Lituanin\u00eb, Polonin\u00eb dhe Ukrain\u00ebn jan\u00eb ekspozuar n\u00eb Bjellorusi, sipas agjencis\u00eb s\u00eb lajmeve BelTA.<\/span><\/p>\n<p><span style=\"color: #000000;\">Vendet e p\u00ebrmendura nga Lukashenka ende nuk i kan\u00eb komentuar deklaratat e tij.<\/span><\/p>\n<p><span style=\"color: #000000;\">M\u00eb her\u00ebt, autoritetet lituaneze than\u00eb se migrant\u00ebt vazhdojn\u00eb t\u00eb arrijn\u00eb nga Bjellorusia.<\/span><\/p>\n<p><span style=\"color: #000000;\">Sh\u00ebrbimi i Siguris\u00eb s\u00eb Kufirit Shtet\u00ebror tha p\u00ebrmes nj\u00eb deklarate se 150 emigrant\u00eb t\u00eb paligjsh\u00ebm ishin z\u00ebn\u00eb derisa po p\u00ebrpiqeshin t\u00eb kalonin n\u00eb m\u00ebnyr\u00eb t\u00eb paligjshme kufirin Bjellorusi-Lituani.<\/span><\/p>\n<p><span style=\"color: #000000;\">Q\u00eb nga janari, numri i p\u00ebrgjithsh\u00ebm i emigrant\u00ebve t\u00eb paligjsh\u00ebm, t\u00eb cil\u00ebt hyn\u00eb ilegalisht n\u00eb Lituani nga Bjellorusia \u00ebsht\u00eb 822, shtoi deklarata.<\/span><\/p>\n<p><span style=\"color: #000000;\">Lituania ka k\u00ebrkuar ndihm\u00ebn e agjencis\u00eb evropiane p\u00ebr kufijt, Frontex, p\u00ebr shkak t\u00eb fluksit t\u00eb migrant\u00ebve.<\/span><\/p>\n<p><span style=\"color: #000000;\">Lituania ka qen\u00eb nj\u00eb nga vendet m\u00eb kritike ndaj Lukashenkas.<\/span><\/p>\n<p><span style=\"color: #000000;\">Shteti baltik i ka ofruar streh\u00eb, Svyatlana Tsikhanouskaya, p\u00ebr t\u00eb cil\u00ebn mb\u00ebshtet\u00ebsit thon\u00eb se ishte fituesja e v\u00ebrtet\u00eb e zgjedhjeve n\u00eb Bjellorusi.<\/span><\/p>\n<p>&nbsp;<\/p>\n","protected":false,"gt_translate_keys":[{"key":"rendered","format":"html"}]},"excerpt":{"rendered":"<p>Aleksand\u00ebr Lukashenko, Presidenti i Bjellorusis\u00eb, tha se ka urdh\u00ebruar mbylljen e plot\u00eb t\u00eb kufirit me Ukrain\u00ebn, me pretendimet se nga vendi fqinj po hyn nj\u00eb sasi e madhe arm\u00ebsh. Njoftimi u b\u00eb p\u00ebrmes medias shtet\u00ebrore, m\u00eb 2 korrik. Lukashenko nuk i v\u00ebrtetoi me asnj\u00eb fakt pretendimet e tij. Regjimi i tij po p\u00ebrballet me presion [&hellip;]<\/p>\n","protected":false,"gt_translate_keys":[{"key":"rendered","format":"html"}]},"author":32,"featured_media":459877,"comment_status":"closed","ping_status":"open","sticky":false,"template":"","format":"standard","meta":{"footnotes":""},"categories":[6,13],"tags":[],"class_list":["post-459876","post","type-post","status-publish","format-standard","has-post-thumbnail","hentry","category-nderkombetare","category-te-fundit"],"gt_translate_keys":[{"key":"link","format":"url"}],"_links":{"self":[{"href":"https:\/\/www.hashtag.al\/index.php\/wp-json\/wp\/v2\/posts\/459876","targetHints":{"allow":["GET"]}}],"collection":[{"href":"https:\/\/www.hashtag.al\/index.php\/wp-json\/wp\/v2\/posts"}],"about":[{"href":"https:\/\/www.hashtag.al\/index.php\/wp-json\/wp\/v2\/types\/post"}],"author":[{"embeddable":true,"href":"https:\/\/www.hashtag.al\/index.php\/wp-json\/wp\/v2\/users\/32"}],"replies":[{"embeddable":true,"href":"https:\/\/www.hashtag.al\/index.php\/wp-json\/wp\/v2\/comments?post=459876"}],"version-history":[{"count":0,"href":"https:\/\/www.hashtag.al\/index.php\/wp-json\/wp\/v2\/posts\/459876\/revisions"}],"wp:featuredmedia":[{"embeddable":true,"href":"https:\/\/www.hashtag.al\/index.php\/wp-json\/wp\/v2\/media\/459877"}],"wp:attachment":[{"href":"https:\/\/www.hashtag.al\/index.php\/wp-json\/wp\/v2\/media?parent=459876"}],"wp:term":[{"taxonomy":"category","embeddable":true,"href":"https:\/\/www.hashtag.al\/index.php\/wp-json\/wp\/v2\/categories?post=459876"},{"taxonomy":"post_tag","embeddable":true,"href":"https:\/\/www.hashtag.al\/index.php\/wp-json\/wp\/v2\/tags?post=459876"}],"curies":[{"name":"wp","href":"https:\/\/api.w.org\/{rel}","templated":true}]}}