{"id":459859,"date":"2021-07-02T19:47:16","date_gmt":"2021-07-02T17:47:16","guid":{"rendered":"https:\/\/hashtag.al\/?p=459859"},"modified":"2021-07-02T19:47:16","modified_gmt":"2021-07-02T17:47:16","slug":"prokurori-maksim-sota-reagon-per-arrestimin-nese-me-gjejne-nje-prove-do-shkoj-vete-ne-burg","status":"publish","type":"post","link":"https:\/\/www.hashtag.al\/index.php\/2021\/07\/02\/prokurori-maksim-sota-reagon-per-arrestimin-nese-me-gjejne-nje-prove-do-shkoj-vete-ne-burg\/","title":{"rendered":"Prokurori Maksim Sota reagon p\u00ebr arrestimin: N\u00ebse m\u00eb gjejn\u00eb nj\u00eb prov\u00eb do shkoj vet\u00eb n\u00eb burg","gt_translate_keys":[{"key":"rendered","format":"text"}]},"content":{"rendered":"<p><span style=\"color: #000000;\"><img loading=\"lazy\" decoding=\"async\" class=\"aligncenter size-full wp-image-459743\" src=\"https:\/\/hashtag.al\/wp-content\/uploads\/2021\/07\/Maksim-Sota.jpg\" alt=\"\" width=\"780\" height=\"440\" srcset=\"https:\/\/www.hashtag.al\/wp-content\/uploads\/2021\/07\/Maksim-Sota.jpg 780w, https:\/\/www.hashtag.al\/wp-content\/uploads\/2021\/07\/Maksim-Sota-300x169.jpg 300w, https:\/\/www.hashtag.al\/wp-content\/uploads\/2021\/07\/Maksim-Sota-768x433.jpg 768w\" sizes=\"auto, (max-width: 780px) 100vw, 780px\" \/><\/span><\/p>\n<p><span style=\"color: #000000;\">Prokurori i Vlor\u00ebs, Maksim Sota \u00ebsht\u00eb arrestuar dit\u00ebn e sotme si pjes\u00eb e nj\u00eb operacioni nd\u00ebrshtet\u00ebror mes 28 persona t\u00eb tjer\u00eb.<\/span><\/p>\n<p><span style=\"color: #000000;\">Ndaj tij Gjykata ka dh\u00ebn\u00eb mas\u00ebn e siguris\u00eb \u201cArrest Sht\u00ebpie\u201d.<\/span><\/p>\n<p><span style=\"color: #000000;\">Lidhur me arrestimin e tij prokuror Sota ka reaguar p\u00ebr \u201cTop Channel\u201d ku ka deklaruar se do pranoj\u00eb t\u00eb shkoj\u00eb n\u00eb burg dhe jo t\u00eb q\u00ebndroj\u00eb n\u00eb arrest sht\u00ebpie n\u00ebse ka nj\u00eb prov\u00eb t\u00eb vetme q\u00eb ai ka pasur lidhje me k\u00ebta persona.<\/span><\/p>\n<p><span style=\"color: #000000;\"><em>\u201cE th\u00ebn\u00eb nga un\u00eb, n\u00eb qoft\u00eb se ka nj\u00eb prov\u00eb t\u00eb vetme q\u00eb kam ndihmuar k\u00ebta persona, do pranoj t\u00eb shkoj n\u00eb burg me ta dhe jo n\u00eb arrest sht\u00ebpie.\u00a0N\u00eb qoft\u00eb se ka nj\u00eb \u00e7\u00ebshtje t\u00eb vetme q\u00eb un\u00eb kam pasur lidhje me k\u00ebta persona, do k\u00ebrkoj t\u00eb shkoj n\u00eb burg me ata. T\u00eb gjith\u00eb t\u00eb tjerat jan\u00eb fjal\u00eb dhe trillime p\u00ebr t\u00eb cilat m\u00eb dhemb vet\u00ebm gjendja q\u00eb m\u00eb shkaktuan n\u00eb familje.<\/em><\/span><\/p>\n<p><span style=\"color: #000000;\">Por gazetarja e TCH, Anila Hoxha ka siguruar edhe d\u00ebshmit\u00eb e dy bashk\u00ebpun\u00ebtor\u00ebve t\u00eb drejt\u00ebsis\u00eb, t\u00eb cil\u00ebt kan\u00eb th\u00ebn\u00eb se drejtuesi i grupit kriminal shqiptar Ilirjan Du\u00e7ellari\/ Zaimi (Lani) kishte lidhje me prokurorin Maksim Sota.<\/span><\/p>\n<p><span style=\"color: #000000;\">Sipas tyre Lani kishte siguruar edhe nj\u00eb sht\u00ebpi t\u00eb marr\u00eb me qira, t\u00eb cil\u00ebn e paguante vet\u00eb, por n\u00eb t\u00eb kishte q\u00ebndruar edhe Prokurori.<\/span><\/p>\n<p><span style=\"color: #000000;\"><em>\u201cNga deklarimet e bashk\u00ebpun\u00ebtor\u00ebve t\u00eb drejt\u00ebsis\u00eb rezulton se drejtuesi i grupit kriminal shqiptar Ilirjan Du\u00e7ellari\/ Zaimi (Lani) kishte lidhje me prokurorin Maksim Sota, si dhe kishte siguruar nj\u00eb sht\u00ebpi t\u00eb marr\u00eb me qira, t\u00eb cil\u00ebn e paguante Lani dhe n\u00eb at\u00eb sht\u00ebpi kishte q\u00ebndruar edhe Prokurori Maksim Sota dhe bashk\u00ebpun\u00ebtori i drejt\u00ebsis\u00eb. Nj\u00eb tjet\u00ebr bashk\u00ebpun\u00ebtor i drejt\u00ebsis\u00eb ka deklaruar se prokurori kishte dijeni se Lani ushtronte aktivitet kriminal n\u00eb fush\u00ebn e narkotik\u00ebve.<\/em><\/span><\/p>\n<p><span style=\"color: #000000;\"><em>Gjykata vler\u00ebson nd\u00ebr t\u00eb tjera se prokurori Maksim Sota dyshohet se ka krijuar premisa m\u00eb t\u00eb favorshme p\u00ebr infiltrimin e grupit kriminal n\u00eb radh\u00ebt e p\u00ebrfaq\u00ebsuesve q\u00eb ushtrojn\u00eb ndjekjen penale n\u00eb em\u00ebr t\u00eb shtetit, me pasoj\u00eb v\u00ebshtir\u00ebsi dhe pengesa shtes\u00eb n\u00eb drejtim t\u00eb parandalimit dhe luftimit t\u00eb veprimtarive kriminale\u201d,<\/em>\u00a0thuhet n\u00eb dokument..<\/span><\/p>\n<p><span style=\"color: #000000;\">Nd\u00ebr t\u00eb tjera n\u00eb dokument thuhet se pasoja t\u00eb mos-ushtrimit t\u00eb p\u00ebrgjegj\u00ebsive dhe detyrave ligjore nga i hetuari Maksim Sota jan\u00eb pik\u00ebrisht\u00a0<em>\u201caktiviteti i q\u00ebndruesh\u00ebm kriminal i t\u00eb hetuarit Ilirjan Du\u00e7ellari si drejtues, n\u00eb kuad\u00ebr t\u00eb nj\u00eb organizimi kriminal jan\u00eb konkretizim i rrezikshm\u00ebris\u00eb shoq\u00ebrore t\u00eb mosveprimeve me dashje e n\u00eb kund\u00ebrshtim me ligjin t\u00eb hetuarit Maksim Sota\u201d.<\/em><\/span><\/p>\n<p>&nbsp;<\/p>\n","protected":false,"gt_translate_keys":[{"key":"rendered","format":"html"}]},"excerpt":{"rendered":"<p>Prokurori i Vlor\u00ebs, Maksim Sota \u00ebsht\u00eb arrestuar dit\u00ebn e sotme si pjes\u00eb e nj\u00eb operacioni nd\u00ebrshtet\u00ebror mes 28 persona t\u00eb tjer\u00eb. Ndaj tij Gjykata ka dh\u00ebn\u00eb mas\u00ebn e siguris\u00eb \u201cArrest Sht\u00ebpie\u201d. Lidhur me arrestimin e tij prokuror Sota ka reaguar p\u00ebr \u201cTop Channel\u201d ku ka deklaruar se do pranoj\u00eb t\u00eb shkoj\u00eb n\u00eb burg dhe jo [&hellip;]<\/p>\n","protected":false,"gt_translate_keys":[{"key":"rendered","format":"html"}]},"author":32,"featured_media":459743,"comment_status":"closed","ping_status":"open","sticky":false,"template":"","format":"standard","meta":{"footnotes":""},"categories":[65,13],"tags":[],"class_list":["post-459859","post","type-post","status-publish","format-standard","has-post-thumbnail","hentry","category-lajme","category-te-fundit"],"gt_translate_keys":[{"key":"link","format":"url"}],"_links":{"self":[{"href":"https:\/\/www.hashtag.al\/index.php\/wp-json\/wp\/v2\/posts\/459859","targetHints":{"allow":["GET"]}}],"collection":[{"href":"https:\/\/www.hashtag.al\/index.php\/wp-json\/wp\/v2\/posts"}],"about":[{"href":"https:\/\/www.hashtag.al\/index.php\/wp-json\/wp\/v2\/types\/post"}],"author":[{"embeddable":true,"href":"https:\/\/www.hashtag.al\/index.php\/wp-json\/wp\/v2\/users\/32"}],"replies":[{"embeddable":true,"href":"https:\/\/www.hashtag.al\/index.php\/wp-json\/wp\/v2\/comments?post=459859"}],"version-history":[{"count":0,"href":"https:\/\/www.hashtag.al\/index.php\/wp-json\/wp\/v2\/posts\/459859\/revisions"}],"wp:featuredmedia":[{"embeddable":true,"href":"https:\/\/www.hashtag.al\/index.php\/wp-json\/wp\/v2\/media\/459743"}],"wp:attachment":[{"href":"https:\/\/www.hashtag.al\/index.php\/wp-json\/wp\/v2\/media?parent=459859"}],"wp:term":[{"taxonomy":"category","embeddable":true,"href":"https:\/\/www.hashtag.al\/index.php\/wp-json\/wp\/v2\/categories?post=459859"},{"taxonomy":"post_tag","embeddable":true,"href":"https:\/\/www.hashtag.al\/index.php\/wp-json\/wp\/v2\/tags?post=459859"}],"curies":[{"name":"wp","href":"https:\/\/api.w.org\/{rel}","templated":true}]}}