{"id":459857,"date":"2021-07-02T19:23:55","date_gmt":"2021-07-02T17:23:55","guid":{"rendered":"https:\/\/hashtag.al\/?p=459857"},"modified":"2021-07-02T19:23:55","modified_gmt":"2021-07-02T17:23:55","slug":"budina-qava-kur-mora-vesh-vendimin-e-kushtetueses-nuk-ishim-as-pjese-e-opozites-e-as-e-presidentit","status":"publish","type":"post","link":"https:\/\/www.hashtag.al\/index.php\/2021\/07\/02\/budina-qava-kur-mora-vesh-vendimin-e-kushtetueses-nuk-ishim-as-pjese-e-opozites-e-as-e-presidentit\/","title":{"rendered":"Budina: Qava kur mora vesh vendimin e Kushtetueses, nuk ishim as pjes\u00eb e opozit\u00ebs e as e Presidentit","gt_translate_keys":[{"key":"rendered","format":"text"}]},"content":{"rendered":"<p><span style=\"color: #000000;\"><img loading=\"lazy\" decoding=\"async\" class=\"aligncenter size-full wp-image-374496\" src=\"https:\/\/hashtag.al\/wp-content\/uploads\/2020\/05\/bert-budina-e1589815745369.png\" alt=\"\" width=\"532\" height=\"383\" srcset=\"https:\/\/www.hashtag.al\/wp-content\/uploads\/2020\/05\/bert-budina-e1589815745369.png 532w, https:\/\/www.hashtag.al\/wp-content\/uploads\/2020\/05\/bert-budina-e1589815745369-300x216.png 300w\" sizes=\"auto, (max-width: 532px) 100vw, 532px\" \/><\/span><\/p>\n<p><span style=\"color: #000000;\">Regjisori Edmond Budina dhe nj\u00eb nga q\u00ebndrestar\u00ebt n\u00eb mbrojtjen e Teatrit Komb\u00ebtar ka th\u00ebn\u00eb se ka qar\u00eb kur ka d\u00ebgjuar vendimin e Gjykat\u00ebs Kushtetuese.<\/span><\/p>\n<p><span style=\"color: #000000;\">Ai e quan vendimin nj\u00eb fitore t\u00eb trash\u00ebgimis\u00eb dhe t\u00eb qytetaris\u00eb. M\u00eb tej ai thot\u00eb se ky vendim tregon se nuk ishin t\u00eb politizuar as me opozit\u00ebn dhe as me Presidentin.<\/span><\/p>\n<p><span style=\"color: #000000;\">\u201c<em>P\u00ebrve\u00e7 se nj\u00eb fitore e trash\u00ebgimis\u00eb, ishte edhe nj\u00eb fitore e qytetaris\u00eb. Ne kemi t\u00eb drejt\u00eb t\u00eb k\u00ebrkojm\u00eb nga qeveria, ta detyrojm\u00eb at\u00eb, pavar\u00ebsisht kush \u00ebsht\u00eb n\u00eb pushtet, t\u00eb rikthej\u00eb Teatrin Komb\u00ebtar.<\/em><\/span><\/p>\n<p><span style=\"color: #000000;\"><em>Jam i habitur, nuk mund ta besoja, pak m\u00eb par\u00eb qava por ja q\u00eb ndodhi kjo \u00e7udi dhe na erdhi kjo dhurat\u00eb.<\/em><\/span><\/p>\n<p><span style=\"color: #000000;\"><em>Ne kemi ngr\u00ebn\u00eb sulme t\u00eb frikshme gjat\u00eb gjith\u00eb k\u00ebsaj kohe, q\u00eb jemi t\u00eb politizuar, ja pra q\u00eb nuk ishim as pjes\u00eb e opozit\u00ebs dhe as pjes\u00eb e presidentit.<\/em><\/span><\/p>\n<p><span style=\"color: #000000;\"><em>Ne kemi bindur an\u00ebtar\u00ebt e Gjykat\u00ebs Kushtetuese q\u00eb nuk kemi interesa, ashtu si qeveria ka patur interesa okulte<\/em>\u201d-tha Budina.<\/span><\/p>\n","protected":false,"gt_translate_keys":[{"key":"rendered","format":"html"}]},"excerpt":{"rendered":"<p>Regjisori Edmond Budina dhe nj\u00eb nga q\u00ebndrestar\u00ebt n\u00eb mbrojtjen e Teatrit Komb\u00ebtar ka th\u00ebn\u00eb se ka qar\u00eb kur ka d\u00ebgjuar vendimin e Gjykat\u00ebs Kushtetuese. Ai e quan vendimin nj\u00eb fitore t\u00eb trash\u00ebgimis\u00eb dhe t\u00eb qytetaris\u00eb. M\u00eb tej ai thot\u00eb se ky vendim tregon se nuk ishin t\u00eb politizuar as me opozit\u00ebn dhe as me Presidentin. [&hellip;]<\/p>\n","protected":false,"gt_translate_keys":[{"key":"rendered","format":"html"}]},"author":32,"featured_media":381920,"comment_status":"closed","ping_status":"open","sticky":false,"template":"","format":"standard","meta":{"footnotes":""},"categories":[65,13],"tags":[],"class_list":["post-459857","post","type-post","status-publish","format-standard","has-post-thumbnail","hentry","category-lajme","category-te-fundit"],"gt_translate_keys":[{"key":"link","format":"url"}],"_links":{"self":[{"href":"https:\/\/www.hashtag.al\/index.php\/wp-json\/wp\/v2\/posts\/459857","targetHints":{"allow":["GET"]}}],"collection":[{"href":"https:\/\/www.hashtag.al\/index.php\/wp-json\/wp\/v2\/posts"}],"about":[{"href":"https:\/\/www.hashtag.al\/index.php\/wp-json\/wp\/v2\/types\/post"}],"author":[{"embeddable":true,"href":"https:\/\/www.hashtag.al\/index.php\/wp-json\/wp\/v2\/users\/32"}],"replies":[{"embeddable":true,"href":"https:\/\/www.hashtag.al\/index.php\/wp-json\/wp\/v2\/comments?post=459857"}],"version-history":[{"count":0,"href":"https:\/\/www.hashtag.al\/index.php\/wp-json\/wp\/v2\/posts\/459857\/revisions"}],"wp:featuredmedia":[{"embeddable":true,"href":"https:\/\/www.hashtag.al\/index.php\/wp-json\/wp\/v2\/media\/381920"}],"wp:attachment":[{"href":"https:\/\/www.hashtag.al\/index.php\/wp-json\/wp\/v2\/media?parent=459857"}],"wp:term":[{"taxonomy":"category","embeddable":true,"href":"https:\/\/www.hashtag.al\/index.php\/wp-json\/wp\/v2\/categories?post=459857"},{"taxonomy":"post_tag","embeddable":true,"href":"https:\/\/www.hashtag.al\/index.php\/wp-json\/wp\/v2\/tags?post=459857"}],"curies":[{"name":"wp","href":"https:\/\/api.w.org\/{rel}","templated":true}]}}