{"id":459824,"date":"2021-07-02T15:04:10","date_gmt":"2021-07-02T13:04:10","guid":{"rendered":"https:\/\/hashtag.al\/?p=459824"},"modified":"2021-07-02T15:04:10","modified_gmt":"2021-07-02T13:04:10","slug":"obsh-kunder-mesimit-online-te-behen-testet-e-covidit-ne-shkolla-edhe-kur-ska-raste-te-virusit","status":"publish","type":"post","link":"https:\/\/www.hashtag.al\/index.php\/2021\/07\/02\/obsh-kunder-mesimit-online-te-behen-testet-e-covidit-ne-shkolla-edhe-kur-ska-raste-te-virusit\/","title":{"rendered":"OBSH kund\u00ebr m\u00ebsimit online: T\u00eb b\u00ebhen testet e Covidit n\u00eb shkolla edhe kur s\u2019ka raste t\u00eb virusit","gt_translate_keys":[{"key":"rendered","format":"text"}]},"content":{"rendered":"<p><a href=\"https:\/\/hashtag.al\/wp-content\/uploads\/2021\/07\/shkolla.jpg\"><img loading=\"lazy\" decoding=\"async\" class=\"aligncenter size-full wp-image-459825\" src=\"https:\/\/hashtag.al\/wp-content\/uploads\/2021\/07\/shkolla.jpg\" alt=\"\" width=\"1020\" height=\"474\" srcset=\"https:\/\/www.hashtag.al\/wp-content\/uploads\/2021\/07\/shkolla.jpg 1020w, https:\/\/www.hashtag.al\/wp-content\/uploads\/2021\/07\/shkolla-300x139.jpg 300w, https:\/\/www.hashtag.al\/wp-content\/uploads\/2021\/07\/shkolla-768x357.jpg 768w\" sizes=\"auto, (max-width: 1020px) 100vw, 1020px\" \/><\/a><\/p>\n<p><span style=\"color: #000000;\">Organizata Bot\u00ebrore e Sh\u00ebndet\u00ebsis\u00eb (OBSH) b\u00ebri thirrje t\u00eb premten (2 korrik) q\u00eb t\u00eb kryhen testime p\u00ebr COVID-19 n\u00eb shkolla n\u00eb m\u00ebnyr\u00eb q\u00eb t\u00eb shmanget m\u00ebsimi n\u00eb distanc\u00eb.<\/span><\/p>\n<p><span style=\"color: #000000;\">Testimet, sipas OBSH-s\u00eb, duhet t\u00eb b\u00ebhen edhe kur nuk zbulohen raste t\u00eb t\u00eb infektuarve me koronavirusin e ri.<\/span><\/p>\n<p><span style=\"color: #000000;\">Organizata i quajti \u201ct\u00eb d\u00ebmshme\u201d efektet e m\u00ebsimit n\u00eb distanc\u00eb.<\/span><\/p>\n<p><span style=\"color: #000000;\">M\u00eb par\u00eb, testimet n\u00eb shkolla ishin rekomanduar vet\u00ebm n\u00ebse ishin zbuluar disa raste t\u00eb t\u00eb infektuarve me koronavirus.<\/span><\/p>\n<p><span style=\"color: #000000;\">Por, OBSH-ja tash beson se testimi duhet t\u00eb b\u00ebhet edhe n\u00ebse nx\u00ebn\u00ebsit dhe stafi arsimor, nuk kan\u00eb simptoma t\u00eb s\u00ebmundjes.<\/span><\/p>\n<p><span style=\"color: #000000;\"><em>\u201cMuajt e ver\u00ebs u ofrojn\u00eb qeverive nj\u00eb mund\u00ebsi p\u00ebr t\u00eb marr\u00eb nj\u00eb s\u00ebr\u00eb masash q\u00eb do t\u00eb ndihmojn\u00eb n\u00eb uljen e niveleve t\u00eb t\u00eb infektuarve dhe shmangjen e mbylljes s\u00eb shkollave\u201d,<\/em> tha Hans Kluge, drejtor rajonal i OBSH-s\u00eb p\u00ebr Evrop\u00ebn.<\/span><\/p>\n<p><span style=\"color: #000000;\">Ai shtoi se mbyllja e shkollave &#8220;ka nj\u00eb efekt t\u00eb d\u00ebmsh\u00ebm n\u00eb arsimimin, mir\u00ebqenien sociale dhe mendore t\u00eb f\u00ebmij\u00ebve dhe t\u00eb rinjve&#8221;.<\/span><\/p>\n<p><span style=\"color: #000000;\"><em>&#8220;Ne nuk mund t\u00eb lejojm\u00eb q\u00eb pandemia t\u00eb grabis\u00eb arsimimin dhe zhvillimin e f\u00ebmij\u00ebve&#8221;<\/em>, tha Kluge.<\/span><\/p>\n<p><span style=\"color: #000000;\">Rajoni Evropian i OBSH-s\u00eb mbulon 53 vende dhe territore, p\u00ebrfshir\u00eb disa n\u00eb Azin\u00eb Qendrore.<\/span><\/p>\n<p><span style=\"color: #000000;\">Agjencit\u00eb e Kombeve t\u00eb Bashkuara kan\u00eb th\u00ebn\u00eb se mbyllja e shkollave duhet t\u00eb konsiderohet vet\u00ebm si nj\u00eb \u201c<em>mas\u00eb e fundit\u201d<\/em> n\u00eb rastet kur situata epidemiologjike nuk mund t\u00eb kontrollohet p\u00ebrmes masave tjera.<\/span><\/p>\n<p><span style=\"color: #000000;\"><strong><span style=\"color: #ff0000;\">VINI RE:<\/span> Ky artikull \u00ebsht\u00eb pron\u00eb intelektuale e <span style=\"color: #0000ff;\"><a style=\"color: #0000ff;\" href=\"https:\/\/www.evropaelire.org\/a\/31337825.html\">REL<\/a><\/span><\/strong><\/span><\/p>\n","protected":false,"gt_translate_keys":[{"key":"rendered","format":"html"}]},"excerpt":{"rendered":"<p>Organizata Bot\u00ebrore e Sh\u00ebndet\u00ebsis\u00eb (OBSH) b\u00ebri thirrje t\u00eb premten (2 korrik) q\u00eb t\u00eb kryhen testime p\u00ebr COVID-19 n\u00eb shkolla n\u00eb m\u00ebnyr\u00eb q\u00eb t\u00eb shmanget m\u00ebsimi n\u00eb distanc\u00eb. Testimet, sipas OBSH-s\u00eb, duhet t\u00eb b\u00ebhen edhe kur nuk zbulohen raste t\u00eb t\u00eb infektuarve me koronavirusin e ri. Organizata i quajti \u201ct\u00eb d\u00ebmshme\u201d efektet e m\u00ebsimit n\u00eb distanc\u00eb. [&hellip;]<\/p>\n","protected":false,"gt_translate_keys":[{"key":"rendered","format":"html"}]},"author":30,"featured_media":459825,"comment_status":"closed","ping_status":"open","sticky":false,"template":"","format":"standard","meta":{"footnotes":""},"categories":[65,13],"tags":[],"class_list":["post-459824","post","type-post","status-publish","format-standard","has-post-thumbnail","hentry","category-lajme","category-te-fundit"],"gt_translate_keys":[{"key":"link","format":"url"}],"_links":{"self":[{"href":"https:\/\/www.hashtag.al\/index.php\/wp-json\/wp\/v2\/posts\/459824","targetHints":{"allow":["GET"]}}],"collection":[{"href":"https:\/\/www.hashtag.al\/index.php\/wp-json\/wp\/v2\/posts"}],"about":[{"href":"https:\/\/www.hashtag.al\/index.php\/wp-json\/wp\/v2\/types\/post"}],"author":[{"embeddable":true,"href":"https:\/\/www.hashtag.al\/index.php\/wp-json\/wp\/v2\/users\/30"}],"replies":[{"embeddable":true,"href":"https:\/\/www.hashtag.al\/index.php\/wp-json\/wp\/v2\/comments?post=459824"}],"version-history":[{"count":0,"href":"https:\/\/www.hashtag.al\/index.php\/wp-json\/wp\/v2\/posts\/459824\/revisions"}],"wp:featuredmedia":[{"embeddable":true,"href":"https:\/\/www.hashtag.al\/index.php\/wp-json\/wp\/v2\/media\/459825"}],"wp:attachment":[{"href":"https:\/\/www.hashtag.al\/index.php\/wp-json\/wp\/v2\/media?parent=459824"}],"wp:term":[{"taxonomy":"category","embeddable":true,"href":"https:\/\/www.hashtag.al\/index.php\/wp-json\/wp\/v2\/categories?post=459824"},{"taxonomy":"post_tag","embeddable":true,"href":"https:\/\/www.hashtag.al\/index.php\/wp-json\/wp\/v2\/tags?post=459824"}],"curies":[{"name":"wp","href":"https:\/\/api.w.org\/{rel}","templated":true}]}}