{"id":459742,"date":"2021-07-02T09:42:53","date_gmt":"2021-07-02T07:42:53","guid":{"rendered":"https:\/\/hashtag.al\/?p=459742"},"modified":"2021-07-02T09:44:45","modified_gmt":"2021-07-02T07:44:45","slug":"operacioni-nderkombetar-anti-droge-mes-te-arrestuarve-edhe-prokurori-i-vlores-maksim-sota","status":"publish","type":"post","link":"https:\/\/www.hashtag.al\/index.php\/2021\/07\/02\/operacioni-nderkombetar-anti-droge-mes-te-arrestuarve-edhe-prokurori-i-vlores-maksim-sota\/","title":{"rendered":"Operacioni nd\u00ebrkomb\u00ebtar anti-drog\u00eb\/ Mes t\u00eb arrestuarve edhe prokurori i Vlor\u00ebs, Maksim Sota","gt_translate_keys":[{"key":"rendered","format":"text"}]},"content":{"rendered":"<p><span style=\"color: #000000;\"><a href=\"https:\/\/hashtag.al\/wp-content\/uploads\/2021\/07\/Maksim-Sota.jpg\"><img loading=\"lazy\" decoding=\"async\" class=\"aligncenter size-full wp-image-459743\" src=\"https:\/\/hashtag.al\/wp-content\/uploads\/2021\/07\/Maksim-Sota.jpg\" alt=\"\" width=\"780\" height=\"440\" srcset=\"https:\/\/www.hashtag.al\/wp-content\/uploads\/2021\/07\/Maksim-Sota.jpg 780w, https:\/\/www.hashtag.al\/wp-content\/uploads\/2021\/07\/Maksim-Sota-300x169.jpg 300w, https:\/\/www.hashtag.al\/wp-content\/uploads\/2021\/07\/Maksim-Sota-768x433.jpg 768w\" sizes=\"auto, (max-width: 780px) 100vw, 780px\" \/><\/a><\/span><\/p>\n<p><span style=\"color: #000000;\">Paraditen e sotme priten t\u00eb dalin n\u00eb nj\u00eb konferenc\u00eb t\u00eb p\u00ebrbashk\u00ebt p\u00ebr mediet t\u00eb mbajtur online, prokurorit\u00eb dhe policis\u00eb e dy vendeve: Shqip\u00ebri dhe Itali. Kjo n\u00eb lidhje me operacionin antidrog\u00eb, p\u00ebr t\u00eb cil\u00ebn SPAK ka l\u00ebshuar 38 urdh\u00ebr-arreste.<\/span><\/p>\n<p><span style=\"color: #000000;\">\u00a0\u201cReport Tv\u201d raporton se mes t\u00eb arrestuarve n\u00eb kuad\u00ebr t\u00eb k\u00ebtij operacioni \u00ebsht\u00eb v\u00ebn\u00eb n\u00eb pranga prokurori i Vlor\u00ebs, Maksim Zota.<\/span><\/p>\n<p><span style=\"color: #000000;\">T\u00eb tjer\u00eb zyrtar\u00eb gjithashtu p\u00ebrfliten se jan\u00eb arrestuar p\u00ebr abuzim me detyr\u00ebn, mes t\u00eb cil\u00ebve: Ilirjan Balla, ish-n\u00ebn drejtor i Vlor\u00ebs, aktualisht shefi i sektorit kund\u00ebr trafiqeve; Saimir Kurti drejtor i zyr\u00ebs s\u00eb pun\u00ebs n\u00eb Kavaj\u00ebs; si dhe Festim Lelaj, ish n\u00ebnkomisar\u00a0i\u00a0Policis\u00eb s\u00eb Fierit, i proceduar dhe arrestuar n\u00eb 2017-\u00ebn p\u00ebr trafik narkotik\u00ebsh n\u00eb episodin e 2.5 ton\u00eb kanabis.\u00a0<\/span><\/p>\n<p><span style=\"color: #000000;\">Kujtojm\u00eb se Maksim Sota, ka pasur aspirat\u00eb t\u00eb b\u00ebhej pjes\u00eb e Prokuroris\u00eb s\u00eb Posa\u00e7me. Ai ka kandiduar, madje ka shpalosur edhe platform\u00ebn e tij se do t\u00eb b\u00ebnte n\u00eb k\u00ebt\u00eb struktur\u00eb shum\u00eb t\u00eb r\u00ebnd\u00ebsishme t\u00eb hetimit.<\/span><\/p>\n<p><span style=\"color: #000000;\"><em>&#8220;Un\u00eb kam mbi 10 vjet i em\u00ebruar si prokuror n\u00eb Vlor\u00eb. \u00a0Un\u00eb kam hetuar dosja nga t\u00eb gjitha veprat penale, nga m\u00eb t\u00eb v\u00ebshtirat deri te ato m\u00eb t\u00eb thjeshtat. Nj\u00eb nga arsyet kryesore q\u00eb paraqita k\u00ebrkes\u00ebn p\u00ebr t\u00eb qen\u00eb kandidat i Prokuroris\u00eb s\u00eb Posa\u00e7me sepse kam qen\u00eb gjat\u00eb gjith\u00eb karrier\u00ebs sime i predispozuar p\u00ebr t\u00eb hetuar, n\u00eb kuptimin e plot\u00eb t\u00eb fjal\u00ebs hetim dhe jo thjesht si rutine pune.<\/em><\/span><\/p>\n<p><span style=\"color: #000000;\"><em>Nuk mendoj ta mbyll karrier\u00ebn si prokuror i thjesht\u00eb. Un\u00eb ndjej m\u00eb shum\u00eb k\u00ebnaq\u00ebsi kur kam hetuar dosje v\u00ebrtet t\u00eb v\u00ebshtira. Mendoj se n\u00ebse un\u00eb b\u00ebhem pjes\u00eb e SPAK kjo struktur\u00eb do t\u00eb ket\u00eb hetime \u00a0m\u00eb t\u00eb mira.&#8221;-<\/em> shprehej Sota para K\u00ebshillit t\u00eb Lart\u00eb t\u00eb Prokuroris\u00eb m\u00eb 17 korrik 2019.<\/span><\/p>\n<p><span style=\"color: #000000;\">Por ai u skualifikua q\u00eb n\u00eb faz\u00ebn e par\u00eb.<\/span><\/p>\n","protected":false,"gt_translate_keys":[{"key":"rendered","format":"html"}]},"excerpt":{"rendered":"<p>Paraditen e sotme priten t\u00eb dalin n\u00eb nj\u00eb konferenc\u00eb t\u00eb p\u00ebrbashk\u00ebt p\u00ebr mediet t\u00eb mbajtur online, prokurorit\u00eb dhe policis\u00eb e dy vendeve: Shqip\u00ebri dhe Itali. Kjo n\u00eb lidhje me operacionin antidrog\u00eb, p\u00ebr t\u00eb cil\u00ebn SPAK ka l\u00ebshuar 38 urdh\u00ebr-arreste. \u00a0\u201cReport Tv\u201d raporton se mes t\u00eb arrestuarve n\u00eb kuad\u00ebr t\u00eb k\u00ebtij operacioni \u00ebsht\u00eb v\u00ebn\u00eb n\u00eb pranga [&hellip;]<\/p>\n","protected":false,"gt_translate_keys":[{"key":"rendered","format":"html"}]},"author":30,"featured_media":459743,"comment_status":"closed","ping_status":"open","sticky":false,"template":"","format":"standard","meta":{"footnotes":""},"categories":[22,65,13],"tags":[],"class_list":["post-459742","post","type-post","status-publish","format-standard","has-post-thumbnail","hentry","category-ballina","category-lajme","category-te-fundit"],"gt_translate_keys":[{"key":"link","format":"url"}],"_links":{"self":[{"href":"https:\/\/www.hashtag.al\/index.php\/wp-json\/wp\/v2\/posts\/459742","targetHints":{"allow":["GET"]}}],"collection":[{"href":"https:\/\/www.hashtag.al\/index.php\/wp-json\/wp\/v2\/posts"}],"about":[{"href":"https:\/\/www.hashtag.al\/index.php\/wp-json\/wp\/v2\/types\/post"}],"author":[{"embeddable":true,"href":"https:\/\/www.hashtag.al\/index.php\/wp-json\/wp\/v2\/users\/30"}],"replies":[{"embeddable":true,"href":"https:\/\/www.hashtag.al\/index.php\/wp-json\/wp\/v2\/comments?post=459742"}],"version-history":[{"count":0,"href":"https:\/\/www.hashtag.al\/index.php\/wp-json\/wp\/v2\/posts\/459742\/revisions"}],"wp:featuredmedia":[{"embeddable":true,"href":"https:\/\/www.hashtag.al\/index.php\/wp-json\/wp\/v2\/media\/459743"}],"wp:attachment":[{"href":"https:\/\/www.hashtag.al\/index.php\/wp-json\/wp\/v2\/media?parent=459742"}],"wp:term":[{"taxonomy":"category","embeddable":true,"href":"https:\/\/www.hashtag.al\/index.php\/wp-json\/wp\/v2\/categories?post=459742"},{"taxonomy":"post_tag","embeddable":true,"href":"https:\/\/www.hashtag.al\/index.php\/wp-json\/wp\/v2\/tags?post=459742"}],"curies":[{"name":"wp","href":"https:\/\/api.w.org\/{rel}","templated":true}]}}