{"id":459702,"date":"2021-07-01T21:22:04","date_gmt":"2021-07-01T19:22:04","guid":{"rendered":"https:\/\/hashtag.al\/?p=459702"},"modified":"2021-07-01T21:22:04","modified_gmt":"2021-07-01T19:22:04","slug":"mancini-pa-shume-ndryshime-ndaj-belgjikes-leviz-vetem-berardi-ne-formacion","status":"publish","type":"post","link":"https:\/\/www.hashtag.al\/index.php\/2021\/07\/01\/mancini-pa-shume-ndryshime-ndaj-belgjikes-leviz-vetem-berardi-ne-formacion\/","title":{"rendered":"Mancini pa shum\u00eb ndryshime ndaj Belgjik\u00ebs, l\u00ebviz vet\u00ebm Berardi n\u00eb formacion","gt_translate_keys":[{"key":"rendered","format":"text"}]},"content":{"rendered":"<p><span style=\"color: #000000;\"><img loading=\"lazy\" decoding=\"async\" class=\"aligncenter size-full wp-image-459703\" src=\"https:\/\/hashtag.al\/wp-content\/uploads\/2021\/07\/mancini.jpg\" alt=\"\" width=\"1200\" height=\"675\" srcset=\"https:\/\/www.hashtag.al\/wp-content\/uploads\/2021\/07\/mancini.jpg 1200w, https:\/\/www.hashtag.al\/wp-content\/uploads\/2021\/07\/mancini-300x169.jpg 300w, https:\/\/www.hashtag.al\/wp-content\/uploads\/2021\/07\/mancini-768x432.jpg 768w, https:\/\/www.hashtag.al\/wp-content\/uploads\/2021\/07\/mancini-1024x576.jpg 1024w\" sizes=\"auto, (max-width: 1200px) 100vw, 1200px\" \/><\/span><\/p>\n<p><span style=\"color: #000000;\">Trajneri i Italis\u00eb, Roberto Mancini do t\u00eb b\u00ebj vet\u00ebm nj\u00eb ndryshim n\u00eb ekip, para p\u00ebrballjes me Belgjik\u00ebn n\u00eb \u00e7erekfinale. L\u00ebvizja e vetme do t\u00eb jet\u00eb Federiko Kieza, q\u00eb do t\u00eb luaj\u00eb n\u00eb vend t\u00eb Domeniko Berardit.<\/span><\/p>\n<p><span style=\"color: #000000;\">Sipas mediave italiane, ky do t\u00eb jet\u00eb ndryshimi i vet\u00ebm nga sfida m\u00eb Austrin\u00eb n\u00eb 1\/8 e finales. Federiko Kieza, erdhi n\u00eb loj\u00eb n\u00eb pjes\u00ebn e dyt\u00eb t\u00eb takimit me Austrin\u00eb dhe sh\u00ebnoi golin e par\u00eb n\u00eb koh\u00ebn shtes\u00eb.<\/span><\/p>\n","protected":false,"gt_translate_keys":[{"key":"rendered","format":"html"}]},"excerpt":{"rendered":"<p>Trajneri i Italis\u00eb, Roberto Mancini do t\u00eb b\u00ebj vet\u00ebm nj\u00eb ndryshim n\u00eb ekip, para p\u00ebrballjes me Belgjik\u00ebn n\u00eb \u00e7erekfinale. L\u00ebvizja e vetme do t\u00eb jet\u00eb Federiko Kieza, q\u00eb do t\u00eb luaj\u00eb n\u00eb vend t\u00eb Domeniko Berardit. Sipas mediave italiane, ky do t\u00eb jet\u00eb ndryshimi i vet\u00ebm nga sfida m\u00eb Austrin\u00eb n\u00eb 1\/8 e finales. Federiko [&hellip;]<\/p>\n","protected":false,"gt_translate_keys":[{"key":"rendered","format":"html"}]},"author":32,"featured_media":459703,"comment_status":"closed","ping_status":"open","sticky":false,"template":"","format":"standard","meta":{"footnotes":""},"categories":[134,13],"tags":[],"class_list":["post-459702","post","type-post","status-publish","format-standard","has-post-thumbnail","hentry","category-sport","category-te-fundit"],"gt_translate_keys":[{"key":"link","format":"url"}],"_links":{"self":[{"href":"https:\/\/www.hashtag.al\/index.php\/wp-json\/wp\/v2\/posts\/459702","targetHints":{"allow":["GET"]}}],"collection":[{"href":"https:\/\/www.hashtag.al\/index.php\/wp-json\/wp\/v2\/posts"}],"about":[{"href":"https:\/\/www.hashtag.al\/index.php\/wp-json\/wp\/v2\/types\/post"}],"author":[{"embeddable":true,"href":"https:\/\/www.hashtag.al\/index.php\/wp-json\/wp\/v2\/users\/32"}],"replies":[{"embeddable":true,"href":"https:\/\/www.hashtag.al\/index.php\/wp-json\/wp\/v2\/comments?post=459702"}],"version-history":[{"count":0,"href":"https:\/\/www.hashtag.al\/index.php\/wp-json\/wp\/v2\/posts\/459702\/revisions"}],"wp:featuredmedia":[{"embeddable":true,"href":"https:\/\/www.hashtag.al\/index.php\/wp-json\/wp\/v2\/media\/459703"}],"wp:attachment":[{"href":"https:\/\/www.hashtag.al\/index.php\/wp-json\/wp\/v2\/media?parent=459702"}],"wp:term":[{"taxonomy":"category","embeddable":true,"href":"https:\/\/www.hashtag.al\/index.php\/wp-json\/wp\/v2\/categories?post=459702"},{"taxonomy":"post_tag","embeddable":true,"href":"https:\/\/www.hashtag.al\/index.php\/wp-json\/wp\/v2\/tags?post=459702"}],"curies":[{"name":"wp","href":"https:\/\/api.w.org\/{rel}","templated":true}]}}