{"id":459581,"date":"2021-07-01T12:02:39","date_gmt":"2021-07-01T10:02:39","guid":{"rendered":"https:\/\/hashtag.al\/?p=459581"},"modified":"2021-07-01T12:02:39","modified_gmt":"2021-07-01T10:02:39","slug":"spiropali-uroj-qe-dielli-i-beharit-ta-kene-pjekur-pd-ne-e-lulzimin-te-bashkepunojme-ne-shtator","status":"publish","type":"post","link":"https:\/\/www.hashtag.al\/index.php\/2021\/07\/01\/spiropali-uroj-qe-dielli-i-beharit-ta-kene-pjekur-pd-ne-e-lulzimin-te-bashkepunojme-ne-shtator\/","title":{"rendered":"Spiropali: Uroj q\u00eb dielli i beharit ta ken\u00eb pjekur PD-n\u00eb e Lulzimin, t\u00eb bashk\u00ebpunojm\u00eb n\u00eb shtator","gt_translate_keys":[{"key":"rendered","format":"text"}]},"content":{"rendered":"<p><span style=\"color: #000000;\"><a href=\"https:\/\/hashtag.al\/wp-content\/uploads\/2021\/07\/Spiropali.jpg\"><img loading=\"lazy\" decoding=\"async\" class=\"aligncenter size-full wp-image-459582\" src=\"https:\/\/hashtag.al\/wp-content\/uploads\/2021\/07\/Spiropali.jpg\" alt=\"\" width=\"717\" height=\"390\" srcset=\"https:\/\/www.hashtag.al\/wp-content\/uploads\/2021\/07\/Spiropali.jpg 717w, https:\/\/www.hashtag.al\/wp-content\/uploads\/2021\/07\/Spiropali-300x163.jpg 300w\" sizes=\"auto, (max-width: 717px) 100vw, 717px\" \/><\/a><\/span><\/p>\n<p><span style=\"color: #000000;\">N\u00eb seanc\u00ebn e sotme plenare n\u00eb Kuvend, Ministrja e Shtetit p\u00ebr Marr\u00ebdh\u00ebniet me Parlamentin, Elisa Spiropali foli p\u00ebr opozit\u00ebn, duke i k\u00ebrkuar bashk\u00ebpunim n\u00eb shtator p\u00ebr reformat q\u00eb k\u00ebrkon t\u00eb b\u00ebj\u00eb qeveria. Ajo nuk i kurseu as kunjat apo ironit\u00eb p\u00ebr opozit\u00ebn.<\/span><\/p>\n<p><span style=\"color: #000000;\"><em>\u00a0\u201cUroj q\u00eb dielli i nxeht\u00eb i k\u00ebtij behari ta ken\u00eb pjekur PD, Lulzimin dhe t\u00eb tjer\u00ebt dhe legjislatur\u00ebn e re q\u00eb nis n\u00eb shtator shtatori t\u00eb sjell\u00eb me vet\u00eb p\u00ebrve\u00e7 debatit parlamentar edhe arsyen dhe guximin p\u00ebr t\u00eb bashk\u00ebpunuar p\u00ebr reforma n\u00eb respekt t\u00eb qytetar\u00ebve q\u00eb asaj partie i caktoi rolin e paz\u00ebvend\u00ebsuesh\u00ebm t\u00eb opozit\u00ebs.\u201d-<\/em>\u00a0u shpreh Spiropali.<\/span><\/p>\n<p><span style=\"color: #000000;\">Nd\u00ebrkoh\u00eb, Spiropali shprehu vler\u00ebsim dhe fal\u00ebnderim p\u00ebr deputet\u00ebt q\u00eb z\u00ebvend\u00ebsuan opozit\u00ebn q\u00eb braktisi parlamentin, duke pranuar mandatet e tyre.<\/span><\/p>\n<p><span style=\"color: #000000;\"><em>\u201cPun\u00ebt e sesionit q\u00eb kaloi marrin edhe nj\u00eb vler\u00eb m\u00eb t\u00eb madhe duke marr\u00eb parasysh sifdat e paprecedenta, papjekurin\u00eb ul\u00ebrit\u00ebse q\u00eb opozita demonstroi me braktisjen e mandateve. Kjo sfid\u00eb e vuri Kuvendin dhe Shqip\u00ebrin\u00eb n\u00eb nj\u00eb situat\u00eb t\u00eb paprecedent\u00eb. Nj\u00eb fal\u00ebnderim i takon grave dhe burrave t\u00eb opozit\u00ebs q\u00eb mor\u00ebn mandatet e p\u00ebrfaq\u00ebsimit, duke i b\u00ebr\u00eb nj\u00eb sh\u00ebrbim t\u00eb vyer Kushtetut\u00ebs. Kush thot\u00eb ndryshe, nuk \u00ebsht\u00eb dashamir\u00ebs, por vet\u00ebm cinik dhe mendjengusht\u00eb q\u00eb nga kjo pun\u00eb nuk kupton, ose nga kjo pun\u00eb paguhet.\u201d-<\/em>\u00a0tha minitrja Spiropali.<\/span><\/p>\n","protected":false,"gt_translate_keys":[{"key":"rendered","format":"html"}]},"excerpt":{"rendered":"<p>N\u00eb seanc\u00ebn e sotme plenare n\u00eb Kuvend, Ministrja e Shtetit p\u00ebr Marr\u00ebdh\u00ebniet me Parlamentin, Elisa Spiropali foli p\u00ebr opozit\u00ebn, duke i k\u00ebrkuar bashk\u00ebpunim n\u00eb shtator p\u00ebr reformat q\u00eb k\u00ebrkon t\u00eb b\u00ebj\u00eb qeveria. Ajo nuk i kurseu as kunjat apo ironit\u00eb p\u00ebr opozit\u00ebn. \u00a0\u201cUroj q\u00eb dielli i nxeht\u00eb i k\u00ebtij behari ta ken\u00eb pjekur PD, Lulzimin [&hellip;]<\/p>\n","protected":false,"gt_translate_keys":[{"key":"rendered","format":"html"}]},"author":30,"featured_media":459582,"comment_status":"closed","ping_status":"open","sticky":false,"template":"","format":"standard","meta":{"footnotes":""},"categories":[65,13],"tags":[],"class_list":["post-459581","post","type-post","status-publish","format-standard","has-post-thumbnail","hentry","category-lajme","category-te-fundit"],"gt_translate_keys":[{"key":"link","format":"url"}],"_links":{"self":[{"href":"https:\/\/www.hashtag.al\/index.php\/wp-json\/wp\/v2\/posts\/459581","targetHints":{"allow":["GET"]}}],"collection":[{"href":"https:\/\/www.hashtag.al\/index.php\/wp-json\/wp\/v2\/posts"}],"about":[{"href":"https:\/\/www.hashtag.al\/index.php\/wp-json\/wp\/v2\/types\/post"}],"author":[{"embeddable":true,"href":"https:\/\/www.hashtag.al\/index.php\/wp-json\/wp\/v2\/users\/30"}],"replies":[{"embeddable":true,"href":"https:\/\/www.hashtag.al\/index.php\/wp-json\/wp\/v2\/comments?post=459581"}],"version-history":[{"count":0,"href":"https:\/\/www.hashtag.al\/index.php\/wp-json\/wp\/v2\/posts\/459581\/revisions"}],"wp:featuredmedia":[{"embeddable":true,"href":"https:\/\/www.hashtag.al\/index.php\/wp-json\/wp\/v2\/media\/459582"}],"wp:attachment":[{"href":"https:\/\/www.hashtag.al\/index.php\/wp-json\/wp\/v2\/media?parent=459581"}],"wp:term":[{"taxonomy":"category","embeddable":true,"href":"https:\/\/www.hashtag.al\/index.php\/wp-json\/wp\/v2\/categories?post=459581"},{"taxonomy":"post_tag","embeddable":true,"href":"https:\/\/www.hashtag.al\/index.php\/wp-json\/wp\/v2\/tags?post=459581"}],"curies":[{"name":"wp","href":"https:\/\/api.w.org\/{rel}","templated":true}]}}