{"id":459578,"date":"2021-07-01T11:53:37","date_gmt":"2021-07-01T09:53:37","guid":{"rendered":"https:\/\/hashtag.al\/?p=459578"},"modified":"2021-07-01T11:53:37","modified_gmt":"2021-07-01T09:53:37","slug":"ambasadorja-kim-mberrin-ne-spak-sot-prezantohen-hetuesit-e-rinj-te-bkh-se","status":"publish","type":"post","link":"https:\/\/www.hashtag.al\/index.php\/2021\/07\/01\/ambasadorja-kim-mberrin-ne-spak-sot-prezantohen-hetuesit-e-rinj-te-bkh-se\/","title":{"rendered":"Ambasadorja Kim mb\u00ebrrin n\u00eb SPAK, sot prezantohen hetuesit e rinj t\u00eb BKH-s\u00eb","gt_translate_keys":[{"key":"rendered","format":"text"}]},"content":{"rendered":"<p><a href=\"https:\/\/hashtag.al\/wp-content\/uploads\/2021\/07\/Kim-SPAK.jpg\"><img loading=\"lazy\" decoding=\"async\" class=\"aligncenter size-full wp-image-459579\" src=\"https:\/\/hashtag.al\/wp-content\/uploads\/2021\/07\/Kim-SPAK.jpg\" alt=\"\" width=\"804\" height=\"339\" srcset=\"https:\/\/www.hashtag.al\/wp-content\/uploads\/2021\/07\/Kim-SPAK.jpg 804w, https:\/\/www.hashtag.al\/wp-content\/uploads\/2021\/07\/Kim-SPAK-300x126.jpg 300w, https:\/\/www.hashtag.al\/wp-content\/uploads\/2021\/07\/Kim-SPAK-768x324.jpg 768w\" sizes=\"auto, (max-width: 804px) 100vw, 804px\" \/><\/a><\/p>\n<p><span style=\"color: #000000;\">Ambasadorja amerikane Yuri Kim vet\u00ebm pak minuta m\u00eb par\u00eb ka hyr\u00eb n\u00eb ambientet e SPAK n\u00eb Tiran\u00eb.<\/span><\/p>\n<p><span style=\"color: #000000;\">M\u00ebsohet se Kim hyri n\u00eb ambientet e godin\u00ebs s\u00eb Prokuroris\u00eb s\u00eb Posa\u00e7me Antikorrupsion, p\u00ebr t\u00eb prezantuar hetuesit e rinj t\u00eb Byros\u00eb Komb\u00ebtare t\u00eb Hetimit, nj\u00eb nj\u00ebsi e ngritur posa\u00e7\u00ebrisht me mb\u00ebshtetjen e SHBA-ve.<\/span><\/p>\n<p><span style=\"color: #000000;\">Kjo vjen vet\u00ebm nj\u00eb dit\u00eb pas vizit\u00ebs s\u00eb zyrtarit t\u00eb lart\u00eb amerikan Philip Reeker n\u00eb vendin ton\u00eb.<\/span><\/p>\n<p><span style=\"color: #000000;\">Reeker ishte dje n\u00eb Tiran\u00eb ku zhvilloi takime me Kryeministrin Edi Rama, kreun e PD-s\u00eb Lulzim Basha si dhe ministrat e Jasht\u00ebm dhe t\u00eb Mbrojtjes.<\/span><\/p>\n","protected":false,"gt_translate_keys":[{"key":"rendered","format":"html"}]},"excerpt":{"rendered":"<p>Ambasadorja amerikane Yuri Kim vet\u00ebm pak minuta m\u00eb par\u00eb ka hyr\u00eb n\u00eb ambientet e SPAK n\u00eb Tiran\u00eb. M\u00ebsohet se Kim hyri n\u00eb ambientet e godin\u00ebs s\u00eb Prokuroris\u00eb s\u00eb Posa\u00e7me Antikorrupsion, p\u00ebr t\u00eb prezantuar hetuesit e rinj t\u00eb Byros\u00eb Komb\u00ebtare t\u00eb Hetimit, nj\u00eb nj\u00ebsi e ngritur posa\u00e7\u00ebrisht me mb\u00ebshtetjen e SHBA-ve. Kjo vjen vet\u00ebm nj\u00eb dit\u00eb [&hellip;]<\/p>\n","protected":false,"gt_translate_keys":[{"key":"rendered","format":"html"}]},"author":30,"featured_media":459579,"comment_status":"closed","ping_status":"open","sticky":false,"template":"","format":"standard","meta":{"footnotes":""},"categories":[65,13],"tags":[],"class_list":["post-459578","post","type-post","status-publish","format-standard","has-post-thumbnail","hentry","category-lajme","category-te-fundit"],"gt_translate_keys":[{"key":"link","format":"url"}],"_links":{"self":[{"href":"https:\/\/www.hashtag.al\/index.php\/wp-json\/wp\/v2\/posts\/459578","targetHints":{"allow":["GET"]}}],"collection":[{"href":"https:\/\/www.hashtag.al\/index.php\/wp-json\/wp\/v2\/posts"}],"about":[{"href":"https:\/\/www.hashtag.al\/index.php\/wp-json\/wp\/v2\/types\/post"}],"author":[{"embeddable":true,"href":"https:\/\/www.hashtag.al\/index.php\/wp-json\/wp\/v2\/users\/30"}],"replies":[{"embeddable":true,"href":"https:\/\/www.hashtag.al\/index.php\/wp-json\/wp\/v2\/comments?post=459578"}],"version-history":[{"count":0,"href":"https:\/\/www.hashtag.al\/index.php\/wp-json\/wp\/v2\/posts\/459578\/revisions"}],"wp:featuredmedia":[{"embeddable":true,"href":"https:\/\/www.hashtag.al\/index.php\/wp-json\/wp\/v2\/media\/459579"}],"wp:attachment":[{"href":"https:\/\/www.hashtag.al\/index.php\/wp-json\/wp\/v2\/media?parent=459578"}],"wp:term":[{"taxonomy":"category","embeddable":true,"href":"https:\/\/www.hashtag.al\/index.php\/wp-json\/wp\/v2\/categories?post=459578"},{"taxonomy":"post_tag","embeddable":true,"href":"https:\/\/www.hashtag.al\/index.php\/wp-json\/wp\/v2\/tags?post=459578"}],"curies":[{"name":"wp","href":"https:\/\/api.w.org\/{rel}","templated":true}]}}