{"id":459562,"date":"2021-07-01T10:38:08","date_gmt":"2021-07-01T08:38:08","guid":{"rendered":"https:\/\/hashtag.al\/?p=459562"},"modified":"2021-07-01T10:38:08","modified_gmt":"2021-07-01T08:38:08","slug":"konferenca-e-kryetareve-e-vendos-seanca-e-fundit-e-ketij-kuvendi-mbahet-me-7-korrik","status":"publish","type":"post","link":"https:\/\/www.hashtag.al\/index.php\/2021\/07\/01\/konferenca-e-kryetareve-e-vendos-seanca-e-fundit-e-ketij-kuvendi-mbahet-me-7-korrik\/","title":{"rendered":"Konferenca e Kryetar\u00ebve e vendos, seanca e fundit e k\u00ebtij Kuvendi mbahet m\u00eb 7 korrik","gt_translate_keys":[{"key":"rendered","format":"text"}]},"content":{"rendered":"<p><a href=\"https:\/\/hashtag.al\/wp-content\/uploads\/2021\/07\/ruci.jpeg\"><img loading=\"lazy\" decoding=\"async\" class=\"aligncenter size-full wp-image-459563\" src=\"https:\/\/hashtag.al\/wp-content\/uploads\/2021\/07\/ruci.jpeg\" alt=\"\" width=\"600\" height=\"450\" srcset=\"https:\/\/www.hashtag.al\/wp-content\/uploads\/2021\/07\/ruci.jpeg 600w, https:\/\/www.hashtag.al\/wp-content\/uploads\/2021\/07\/ruci-300x225.jpeg 300w\" sizes=\"auto, (max-width: 600px) 100vw, 600px\" \/><\/a><\/p>\n<p><span style=\"color: #000000;\">K\u00ebt\u00eb t\u00eb enjte, Konferenca e Kryetar\u00ebve shqyrtoi dhe miratoi kalendarin e punimeve t\u00eb Kuvendit p\u00ebr periudh\u00ebn 5-9 korrik 2021.<\/span><\/p>\n<p><span style=\"color: #000000;\">Mbledhja u zhvillua n\u00ebn drejtimin e Kryetarit t\u00eb Kuvendit, Gramoz Ru\u00e7i, dhe vendosi q\u00eb seanca e fundit e legjislatur\u00ebs t\u00eb mbahet m\u00eb 7 korrik.<\/span><\/p>\n<p><span style=\"color: #000000;\">Nd\u00ebrkoh\u00eb sot po zhvillohet dhe seanca plenare e radh\u00ebs, ku po raportohet edhe raporti vjetor i Autoritete t\u00eb Komunikimeve Elektronike dhe Postare, raporti i Entit Rregullator t\u00eb Ujit dhe Entit Rregullator t\u00eb Energjis\u00eb.<\/span><\/p>\n","protected":false,"gt_translate_keys":[{"key":"rendered","format":"html"}]},"excerpt":{"rendered":"<p>K\u00ebt\u00eb t\u00eb enjte, Konferenca e Kryetar\u00ebve shqyrtoi dhe miratoi kalendarin e punimeve t\u00eb Kuvendit p\u00ebr periudh\u00ebn 5-9 korrik 2021. Mbledhja u zhvillua n\u00ebn drejtimin e Kryetarit t\u00eb Kuvendit, Gramoz Ru\u00e7i, dhe vendosi q\u00eb seanca e fundit e legjislatur\u00ebs t\u00eb mbahet m\u00eb 7 korrik. Nd\u00ebrkoh\u00eb sot po zhvillohet dhe seanca plenare e radh\u00ebs, ku po raportohet [&hellip;]<\/p>\n","protected":false,"gt_translate_keys":[{"key":"rendered","format":"html"}]},"author":30,"featured_media":459563,"comment_status":"closed","ping_status":"open","sticky":false,"template":"","format":"standard","meta":{"footnotes":""},"categories":[65,13],"tags":[],"class_list":["post-459562","post","type-post","status-publish","format-standard","has-post-thumbnail","hentry","category-lajme","category-te-fundit"],"gt_translate_keys":[{"key":"link","format":"url"}],"_links":{"self":[{"href":"https:\/\/www.hashtag.al\/index.php\/wp-json\/wp\/v2\/posts\/459562","targetHints":{"allow":["GET"]}}],"collection":[{"href":"https:\/\/www.hashtag.al\/index.php\/wp-json\/wp\/v2\/posts"}],"about":[{"href":"https:\/\/www.hashtag.al\/index.php\/wp-json\/wp\/v2\/types\/post"}],"author":[{"embeddable":true,"href":"https:\/\/www.hashtag.al\/index.php\/wp-json\/wp\/v2\/users\/30"}],"replies":[{"embeddable":true,"href":"https:\/\/www.hashtag.al\/index.php\/wp-json\/wp\/v2\/comments?post=459562"}],"version-history":[{"count":0,"href":"https:\/\/www.hashtag.al\/index.php\/wp-json\/wp\/v2\/posts\/459562\/revisions"}],"wp:featuredmedia":[{"embeddable":true,"href":"https:\/\/www.hashtag.al\/index.php\/wp-json\/wp\/v2\/media\/459563"}],"wp:attachment":[{"href":"https:\/\/www.hashtag.al\/index.php\/wp-json\/wp\/v2\/media?parent=459562"}],"wp:term":[{"taxonomy":"category","embeddable":true,"href":"https:\/\/www.hashtag.al\/index.php\/wp-json\/wp\/v2\/categories?post=459562"},{"taxonomy":"post_tag","embeddable":true,"href":"https:\/\/www.hashtag.al\/index.php\/wp-json\/wp\/v2\/tags?post=459562"}],"curies":[{"name":"wp","href":"https:\/\/api.w.org\/{rel}","templated":true}]}}