{"id":459461,"date":"2021-06-30T17:13:29","date_gmt":"2021-06-30T15:13:29","guid":{"rendered":"https:\/\/hashtag.al\/?p=459461"},"modified":"2021-06-30T17:13:29","modified_gmt":"2021-06-30T15:13:29","slug":"pd-leter-ambasadave-ne-vend-e-komisionereve-ne-bruksel-qeveria-rama-po-rrezikon-lirine-e-medias-e-plote","status":"publish","type":"post","link":"https:\/\/www.hashtag.al\/index.php\/2021\/06\/30\/pd-leter-ambasadave-ne-vend-e-komisionereve-ne-bruksel-qeveria-rama-po-rrezikon-lirine-e-medias-e-plote\/","title":{"rendered":"PD let\u00ebr ambasadave n\u00eb vend e Komisioner\u00ebve n\u00eb Bruksel: Qeveria Rama po rrezikon lirin\u00eb e medias (E plot\u00eb)","gt_translate_keys":[{"key":"rendered","format":"text"}]},"content":{"rendered":"<p><span style=\"color: #000000;\"><img loading=\"lazy\" decoding=\"async\" class=\"aligncenter size-full wp-image-459463\" src=\"https:\/\/hashtag.al\/wp-content\/uploads\/2021\/06\/vokshi.jpg\" alt=\"\" width=\"1200\" height=\"800\" srcset=\"https:\/\/www.hashtag.al\/wp-content\/uploads\/2021\/06\/vokshi.jpg 1200w, https:\/\/www.hashtag.al\/wp-content\/uploads\/2021\/06\/vokshi-300x200.jpg 300w, https:\/\/www.hashtag.al\/wp-content\/uploads\/2021\/06\/vokshi-768x512.jpg 768w, https:\/\/www.hashtag.al\/wp-content\/uploads\/2021\/06\/vokshi-1024x683.jpg 1024w\" sizes=\"auto, (max-width: 1200px) 100vw, 1200px\" \/><\/span><\/p>\n<p><span style=\"color: #000000;\">Deputetja e PD-s\u00eb, Albana Vokshi, u ka d\u00ebrguar let\u00ebr ambaasadave t\u00eb huaja n\u00eb Shqip\u00ebri, K\u00ebshillit t\u00eb Europ\u00ebs, OSBE-s\u00eb e Komisioneres p\u00ebr t\u00eb Drejtat e Njeriut, Dunja Mujatovi\u00e7, Komisioneres p\u00ebr Inovacionin, Kultur\u00ebn e Rinin\u00eb, Mariya Gabriel e zv.presidentes s\u00eb Komisionit Europian, Dubravka Suica, Presidentes s\u00eb Forumit te Grave t\u00eb Partive Popullore Europiane, Doris Pack e organizatave t\u00eb tjera nd\u00ebrkomb\u00ebtare q\u00eb merren me \u00e7\u00ebshtjet e mediave.<\/span><\/p>\n<p><span style=\"color: #000000;\">N\u00eb let\u00ebr renditen problematikat q\u00eb Partia Demokratike thot\u00eb se po rrezikojn\u00eb seriozisht lirin\u00eb e medias n\u00eb Shqip\u00ebri.<\/span><\/p>\n<p><span style=\"color: #000000;\">Aty theksohen vendimi i fundit nga Kuvendi p\u00ebr t\u00eb ndaluar gazetar\u00ebt nga pjes\u00ebmarrja n\u00eb Komisionet Parlamentare, paketa e ashtuquajtur anti-shpifje, kapja e K\u00ebshilit Drejtues t\u00eb RTSH-s\u00eb dhe AMA-s, etj.<\/span><\/p>\n<p><strong><span style=\"color: #ff0000;\">*<\/span><a href=\"https:\/\/hashtag.al\/wp-content\/uploads\/2021\/06\/Letra.pdf\">Letra e plot\u00eb<\/a><\/strong><\/p>\n","protected":false,"gt_translate_keys":[{"key":"rendered","format":"html"}]},"excerpt":{"rendered":"<p>Deputetja e PD-s\u00eb, Albana Vokshi, u ka d\u00ebrguar let\u00ebr ambaasadave t\u00eb huaja n\u00eb Shqip\u00ebri, K\u00ebshillit t\u00eb Europ\u00ebs, OSBE-s\u00eb e Komisioneres p\u00ebr t\u00eb Drejtat e Njeriut, Dunja Mujatovi\u00e7, Komisioneres p\u00ebr Inovacionin, Kultur\u00ebn e Rinin\u00eb, Mariya Gabriel e zv.presidentes s\u00eb Komisionit Europian, Dubravka Suica, Presidentes s\u00eb Forumit te Grave t\u00eb Partive Popullore Europiane, Doris Pack e organizatave [&hellip;]<\/p>\n","protected":false,"gt_translate_keys":[{"key":"rendered","format":"html"}]},"author":51,"featured_media":459463,"comment_status":"closed","ping_status":"open","sticky":false,"template":"","format":"standard","meta":{"footnotes":""},"categories":[65,13],"tags":[],"class_list":["post-459461","post","type-post","status-publish","format-standard","has-post-thumbnail","hentry","category-lajme","category-te-fundit"],"gt_translate_keys":[{"key":"link","format":"url"}],"_links":{"self":[{"href":"https:\/\/www.hashtag.al\/index.php\/wp-json\/wp\/v2\/posts\/459461","targetHints":{"allow":["GET"]}}],"collection":[{"href":"https:\/\/www.hashtag.al\/index.php\/wp-json\/wp\/v2\/posts"}],"about":[{"href":"https:\/\/www.hashtag.al\/index.php\/wp-json\/wp\/v2\/types\/post"}],"author":[{"embeddable":true,"href":"https:\/\/www.hashtag.al\/index.php\/wp-json\/wp\/v2\/users\/51"}],"replies":[{"embeddable":true,"href":"https:\/\/www.hashtag.al\/index.php\/wp-json\/wp\/v2\/comments?post=459461"}],"version-history":[{"count":0,"href":"https:\/\/www.hashtag.al\/index.php\/wp-json\/wp\/v2\/posts\/459461\/revisions"}],"wp:featuredmedia":[{"embeddable":true,"href":"https:\/\/www.hashtag.al\/index.php\/wp-json\/wp\/v2\/media\/459463"}],"wp:attachment":[{"href":"https:\/\/www.hashtag.al\/index.php\/wp-json\/wp\/v2\/media?parent=459461"}],"wp:term":[{"taxonomy":"category","embeddable":true,"href":"https:\/\/www.hashtag.al\/index.php\/wp-json\/wp\/v2\/categories?post=459461"},{"taxonomy":"post_tag","embeddable":true,"href":"https:\/\/www.hashtag.al\/index.php\/wp-json\/wp\/v2\/tags?post=459461"}],"curies":[{"name":"wp","href":"https:\/\/api.w.org\/{rel}","templated":true}]}}