{"id":459294,"date":"2021-06-29T14:04:40","date_gmt":"2021-06-29T12:04:40","guid":{"rendered":"https:\/\/hashtag.al\/?p=459294"},"modified":"2021-06-30T09:06:05","modified_gmt":"2021-06-30T07:06:05","slug":"pjerin-ndreu-kerkon-ndjese-e-u-drejtohet-policeve-qe-e-kallezuan-barkderra-me-barkun-e-fryre-nga-birrat","status":"publish","type":"post","link":"https:\/\/www.hashtag.al\/index.php\/2021\/06\/29\/pjerin-ndreu-kerkon-ndjese-e-u-drejtohet-policeve-qe-e-kallezuan-barkderra-me-barkun-e-fryre-nga-birrat\/","title":{"rendered":"Pjerin Ndreu k\u00ebrkon ndjes\u00eb e u drejtohet polic\u00ebve q\u00eb e kall\u00ebzuan: Barkderra, me barkun e fryr\u00eb nga birrat","gt_translate_keys":[{"key":"rendered","format":"text"}]},"content":{"rendered":"<p><span style=\"color: #000000;\"><a href=\"https:\/\/hashtag.al\/wp-content\/uploads\/2021\/06\/Ndreu-2.jpg\"><img loading=\"lazy\" decoding=\"async\" class=\"aligncenter size-full wp-image-459295\" src=\"https:\/\/hashtag.al\/wp-content\/uploads\/2021\/06\/Ndreu-2.jpg\" alt=\"\" width=\"600\" height=\"338\" srcset=\"https:\/\/www.hashtag.al\/wp-content\/uploads\/2021\/06\/Ndreu-2.jpg 600w, https:\/\/www.hashtag.al\/wp-content\/uploads\/2021\/06\/Ndreu-2-300x169.jpg 300w\" sizes=\"auto, (max-width: 600px) 100vw, 600px\" \/><\/a><\/span><\/p>\n<p><span style=\"color: #000000;\">Kryebashkiaku i Lezh\u00ebs Pjerin Ndreu ka reaguar pas kall\u00ebzimit penal ndaj tij nga tre oficer\u00eb policie.<\/span><\/p>\n<p><span style=\"color: #000000;\">Ndreu i ka quajtur polic\u00ebt n\u00eb fjal\u00eb \u2018barkderra\u2019 duke th\u00ebn\u00eb se ata kan\u00eb kap\u00ebrcyer kompetencat e tyre dhe kan\u00eb kryer veprime n\u00eb kund\u00ebrshtim me ligjin.<\/span><\/p>\n<p><span style=\"color: #000000;\">Sipas kryebashkiakut t\u00eb Lezh\u00ebs, tre efektiv\u00ebt n\u00eb fjal\u00eb kan\u00eb reaguar n\u00eb m\u00ebnyr\u00eb t\u00eb dhunshme gjat\u00eb nj\u00eb darke zyrtare dhe se pretendimet p\u00ebr fyerje ndaj tyre jan\u00eb m\u00ebnyr\u00eb p\u00ebr t\u00eb shmangur tejkalimin e kompetencave e veprimet e dhunshme t\u00eb tyre.<\/span><\/p>\n<p><span style=\"color: #000000;\"><strong>Reagimi i Ndreut<\/strong><\/span><\/p>\n<p><span style=\"color: #000000;\">\u201cKallzim penal nga police barkderre, qe kapercejne kompetencat dhe kryejne veprime ne kundershtim me ligjin?!<\/span><\/p>\n<p><span style=\"color: #000000;\">-Qe nderhyjne ne nje darke zyrtare me prezencen e 15 kryetarve te komunave te Kosoves, me veprime te dhunshme, kur mund te shkruanin gjoben sipas ligjit qe eshte deryra qe duhet te benin ne keto raste!<\/span><\/p>\n<p><span style=\"color: #000000;\">-Me e keqja eshte se ndersa kryenin veprime te dhunshme ne nje darke zyrtare, shumica e lokaleve te Shengjinit ishin hapur, apo rrine hapur cdo nate deri ne oren 02, gje qe vertetohet me hapjen e kamerave lehtesisht.<\/span><\/p>\n<p><span style=\"color: #000000;\">\u2013 Pretendimi qe jane fyer eshte menyre per te shmange tejkalimin e kompetencave, veprimet e dhunshme ne nje darke zyrtare dhe shperdorimin e detyres duke mos vepruar ne lokalet e tjera qe ishin hapur pothuaj te gjitha.<\/span><\/p>\n<p><span style=\"color: #000000;\">Duke kerkuar ndjese per tejkalimin e orarit me 20 min, theksoj se gjoba do ishte korrekte, por jo veprimet e dhunshme.<\/span><\/p>\n<p><span style=\"color: #000000;\">Zhargoni qe vesh media me pretendime policesh me bark te fryre nga birra, eshte i tepruar.<\/span><\/p>\n<p><span style=\"color: #000000;\">Si drejtuesh i pushtetit vendore e kam per detyre te mbaj qendrim kur policia tejkalon masen dhe kryen veprime te dhunshme kur nuk kishte asnje kontigjent kriminal ne ate darke.<\/span><\/p>\n<p><span style=\"color: #000000;\">Por pikerisht kjo eshte problematike, se ndersa kontigjentet kriminal bejne ca te duan dhe si prek njeri, nje shkelje qe meriton gjobe per keso, edhe per mua, behet gurgule!\u201d<\/span><\/p>\n","protected":false,"gt_translate_keys":[{"key":"rendered","format":"html"}]},"excerpt":{"rendered":"<p>Kryebashkiaku i Lezh\u00ebs Pjerin Ndreu ka reaguar pas kall\u00ebzimit penal ndaj tij nga tre oficer\u00eb policie. Ndreu i ka quajtur polic\u00ebt n\u00eb fjal\u00eb \u2018barkderra\u2019 duke th\u00ebn\u00eb se ata kan\u00eb kap\u00ebrcyer kompetencat e tyre dhe kan\u00eb kryer veprime n\u00eb kund\u00ebrshtim me ligjin. Sipas kryebashkiakut t\u00eb Lezh\u00ebs, tre efektiv\u00ebt n\u00eb fjal\u00eb kan\u00eb reaguar n\u00eb m\u00ebnyr\u00eb t\u00eb dhunshme [&hellip;]<\/p>\n","protected":false,"gt_translate_keys":[{"key":"rendered","format":"html"}]},"author":30,"featured_media":459295,"comment_status":"open","ping_status":"open","sticky":false,"template":"","format":"standard","meta":{"footnotes":""},"categories":[65,13],"tags":[],"class_list":["post-459294","post","type-post","status-publish","format-standard","has-post-thumbnail","hentry","category-lajme","category-te-fundit"],"gt_translate_keys":[{"key":"link","format":"url"}],"_links":{"self":[{"href":"https:\/\/www.hashtag.al\/index.php\/wp-json\/wp\/v2\/posts\/459294","targetHints":{"allow":["GET"]}}],"collection":[{"href":"https:\/\/www.hashtag.al\/index.php\/wp-json\/wp\/v2\/posts"}],"about":[{"href":"https:\/\/www.hashtag.al\/index.php\/wp-json\/wp\/v2\/types\/post"}],"author":[{"embeddable":true,"href":"https:\/\/www.hashtag.al\/index.php\/wp-json\/wp\/v2\/users\/30"}],"replies":[{"embeddable":true,"href":"https:\/\/www.hashtag.al\/index.php\/wp-json\/wp\/v2\/comments?post=459294"}],"version-history":[{"count":0,"href":"https:\/\/www.hashtag.al\/index.php\/wp-json\/wp\/v2\/posts\/459294\/revisions"}],"wp:featuredmedia":[{"embeddable":true,"href":"https:\/\/www.hashtag.al\/index.php\/wp-json\/wp\/v2\/media\/459295"}],"wp:attachment":[{"href":"https:\/\/www.hashtag.al\/index.php\/wp-json\/wp\/v2\/media?parent=459294"}],"wp:term":[{"taxonomy":"category","embeddable":true,"href":"https:\/\/www.hashtag.al\/index.php\/wp-json\/wp\/v2\/categories?post=459294"},{"taxonomy":"post_tag","embeddable":true,"href":"https:\/\/www.hashtag.al\/index.php\/wp-json\/wp\/v2\/tags?post=459294"}],"curies":[{"name":"wp","href":"https:\/\/api.w.org\/{rel}","templated":true}]}}