{"id":459219,"date":"2021-06-28T22:37:26","date_gmt":"2021-06-28T20:37:26","guid":{"rendered":"https:\/\/hashtag.al\/?p=459219"},"modified":"2021-06-28T22:38:08","modified_gmt":"2021-06-28T20:38:08","slug":"robelli-reagon-kunder-grenellit-sot-luajti-rolin-e-probagandistit-serbomadh","status":"publish","type":"post","link":"https:\/\/www.hashtag.al\/index.php\/2021\/06\/28\/robelli-reagon-kunder-grenellit-sot-luajti-rolin-e-probagandistit-serbomadh\/","title":{"rendered":"Robelli reagon kund\u00ebr Grenellit: Sot luajti rolin e probagandistit serbomadh","gt_translate_keys":[{"key":"rendered","format":"text"}]},"content":{"rendered":"<p><span style=\"color: #000000;\"><img loading=\"lazy\" decoding=\"async\" class=\"aligncenter size-full wp-image-459220\" src=\"https:\/\/hashtag.al\/wp-content\/uploads\/2021\/06\/enver-robelli.png\" alt=\"\" width=\"800\" height=\"450\" srcset=\"https:\/\/www.hashtag.al\/wp-content\/uploads\/2021\/06\/enver-robelli.png 800w, https:\/\/www.hashtag.al\/wp-content\/uploads\/2021\/06\/enver-robelli-300x169.png 300w, https:\/\/www.hashtag.al\/wp-content\/uploads\/2021\/06\/enver-robelli-768x432.png 768w\" sizes=\"auto, (max-width: 800px) 100vw, 800px\" \/><\/span><\/p>\n<p><span style=\"color: #000000;\">Publicisti Enver Robelli ka reaguar kund\u00ebr postimit t\u00eb Richard Grenell p\u00ebr p\u00ebrkujtimin e dit\u00ebs s\u00eb Vidovidanit, nj\u00eb dit\u00eb nacionaliste serbe.<\/span><\/p>\n<p><span style=\"color: #000000;\">Robelli e ka quajtur reagimin e Grenellit propagandist serbomadh.<\/span><\/p>\n<p><span style=\"color: #000000;\">\u201c<em>Paska fol\u00eb Richard Grenelli n\u00eb T\u00ebitter si me qen\u00eb mitingash n\u00eb tubimin e Sllobodan Millosheviqit n\u00eb Gazimestan m\u00eb 28 qershor 1989. <\/em><\/span><\/p>\n<p><span style=\"color: #000000;\"><em>I paska p\u00ebrkujtuar \u00abheronjt\u00eb e Vidovdanit\u00bb, \u00abbetej\u00ebn kund\u00ebr otoman\u00ebve\u00bb, \u00abmartir\u00ebt e shenjt\u00eb serb\u00eb\u00bb dhe \u00abSh\u00ebn Car Lazarin\u00bb. <\/em><\/span><\/p>\n<p><span style=\"color: #000000;\"><em>Po t\u00eb q\u00ebllonte Grenelli n\u00eb Gazimestan m\u00eb 1989, do t\u2019i bashkohej nacionalist\u00ebve serb\u00eb n\u00eb bartjen e eshtrave t\u00eb Car Lazarit n\u00ebp\u00ebr \u00abvendet serbe\u00bb. <\/em><\/span><\/p>\n<p><span style=\"color: #000000;\"><em>M\u00eb 28 qershor 2021 Grenell luan rolin e propagandistit serbomadh. Nj\u00eb injorant q\u00eb nuk merr vesh asgj\u00eb nga historia, por luan rolin e sh\u00ebrb\u00ebtorit t\u00eb Aleksandar Vu\u00e7iqit dhe manipuluesit t\u00eb historis\u00eb. <\/em><\/span><\/p>\n<p><span style=\"color: #000000;\"><em>Mos t\u00eb harrojm\u00eb: Richard Grenelli \u00ebsht\u00eb dekoruar nga nj\u00eb president i Kosov\u00ebs me Medaljen Presidenciale t\u00eb Meritave. <\/em><\/span><\/p>\n<p><span style=\"color: #000000;\"><em>Sa i p\u00ebrket historis\u00eb: Beteja e Kosov\u00ebs e vitit 1389 nuk \u00ebsht\u00eb vendimtare p\u00ebr fatin e Ballkanit. Vendimtare \u00ebsht\u00eb Beteja e Dyt\u00eb e vitit 1447 e Mbret\u00ebris\u00eb Hungareze kund\u00ebr Perandoris\u00eb Osmane. N\u00eb at\u00eb betej\u00eb serb\u00ebt nuk mor\u00ebn pjes\u00eb, ata ishin vasal\u00eb t\u00eb Sulltanit. <\/em><\/span><\/p>\n<p><span style=\"color: #000000;\"><em>Por nj\u00eb propagandisti t\u00eb s\u00eb djatht\u00ebs ekstreme amerikane kjo nuk i intereson. Para nj\u00eb viti ky d\u00ebshironte t\u00eb zgjidhte konfliktin mes Kosov\u00ebs dhe Serbis\u00eb\u201d-<\/em>shkruan Robelli.<\/span><\/p>\n","protected":false,"gt_translate_keys":[{"key":"rendered","format":"html"}]},"excerpt":{"rendered":"<p>Publicisti Enver Robelli ka reaguar kund\u00ebr postimit t\u00eb Richard Grenell p\u00ebr p\u00ebrkujtimin e dit\u00ebs s\u00eb Vidovidanit, nj\u00eb dit\u00eb nacionaliste serbe. Robelli e ka quajtur reagimin e Grenellit propagandist serbomadh. \u201cPaska fol\u00eb Richard Grenelli n\u00eb T\u00ebitter si me qen\u00eb mitingash n\u00eb tubimin e Sllobodan Millosheviqit n\u00eb Gazimestan m\u00eb 28 qershor 1989. I paska p\u00ebrkujtuar \u00abheronjt\u00eb e [&hellip;]<\/p>\n","protected":false,"gt_translate_keys":[{"key":"rendered","format":"html"}]},"author":32,"featured_media":459220,"comment_status":"open","ping_status":"open","sticky":false,"template":"","format":"standard","meta":{"footnotes":""},"categories":[149,13],"tags":[],"class_list":["post-459219","post","type-post","status-publish","format-standard","has-post-thumbnail","hentry","category-kosoverajon","category-te-fundit"],"gt_translate_keys":[{"key":"link","format":"url"}],"_links":{"self":[{"href":"https:\/\/www.hashtag.al\/index.php\/wp-json\/wp\/v2\/posts\/459219","targetHints":{"allow":["GET"]}}],"collection":[{"href":"https:\/\/www.hashtag.al\/index.php\/wp-json\/wp\/v2\/posts"}],"about":[{"href":"https:\/\/www.hashtag.al\/index.php\/wp-json\/wp\/v2\/types\/post"}],"author":[{"embeddable":true,"href":"https:\/\/www.hashtag.al\/index.php\/wp-json\/wp\/v2\/users\/32"}],"replies":[{"embeddable":true,"href":"https:\/\/www.hashtag.al\/index.php\/wp-json\/wp\/v2\/comments?post=459219"}],"version-history":[{"count":0,"href":"https:\/\/www.hashtag.al\/index.php\/wp-json\/wp\/v2\/posts\/459219\/revisions"}],"wp:featuredmedia":[{"embeddable":true,"href":"https:\/\/www.hashtag.al\/index.php\/wp-json\/wp\/v2\/media\/459220"}],"wp:attachment":[{"href":"https:\/\/www.hashtag.al\/index.php\/wp-json\/wp\/v2\/media?parent=459219"}],"wp:term":[{"taxonomy":"category","embeddable":true,"href":"https:\/\/www.hashtag.al\/index.php\/wp-json\/wp\/v2\/categories?post=459219"},{"taxonomy":"post_tag","embeddable":true,"href":"https:\/\/www.hashtag.al\/index.php\/wp-json\/wp\/v2\/tags?post=459219"}],"curies":[{"name":"wp","href":"https:\/\/api.w.org\/{rel}","templated":true}]}}