{"id":459155,"date":"2021-06-28T16:24:22","date_gmt":"2021-06-28T14:24:22","guid":{"rendered":"https:\/\/hashtag.al\/?p=459155"},"modified":"2021-06-28T16:24:22","modified_gmt":"2021-06-28T14:24:22","slug":"cuci-akuzoi-prokuroret-dhe-gjykatesit-per-lehtesime-te-masave-te-denimit-reagon-gjykata-e-fierit-sjapim-denime-me-shume-se-sa-kerkojne-prokuroret","status":"publish","type":"post","link":"https:\/\/www.hashtag.al\/index.php\/2021\/06\/28\/cuci-akuzoi-prokuroret-dhe-gjykatesit-per-lehtesime-te-masave-te-denimit-reagon-gjykata-e-fierit-sjapim-denime-me-shume-se-sa-kerkojne-prokuroret\/","title":{"rendered":"\u00c7u\u00e7i akuzoi prokuror\u00ebt dhe gjykat\u00ebsit p\u00ebr leht\u00ebsime t\u00eb masave t\u00eb d\u00ebnimit, reagon Gjykata e Fierit: S\u2019japim d\u00ebnime m\u00eb shum\u00eb se sa k\u00ebrkojn\u00eb prokuror\u00ebt","gt_translate_keys":[{"key":"rendered","format":"text"}]},"content":{"rendered":"<p><span style=\"color: #000000;\"><img loading=\"lazy\" decoding=\"async\" class=\"aligncenter size-full wp-image-459156\" src=\"https:\/\/hashtag.al\/wp-content\/uploads\/2021\/06\/gjykata-e-fierit-cuci.jpg\" alt=\"\" width=\"2000\" height=\"1300\" srcset=\"https:\/\/www.hashtag.al\/wp-content\/uploads\/2021\/06\/gjykata-e-fierit-cuci.jpg 2000w, https:\/\/www.hashtag.al\/wp-content\/uploads\/2021\/06\/gjykata-e-fierit-cuci-300x195.jpg 300w, https:\/\/www.hashtag.al\/wp-content\/uploads\/2021\/06\/gjykata-e-fierit-cuci-768x499.jpg 768w, https:\/\/www.hashtag.al\/wp-content\/uploads\/2021\/06\/gjykata-e-fierit-cuci-1024x666.jpg 1024w\" sizes=\"auto, (max-width: 2000px) 100vw, 2000px\" \/><\/span><\/p>\n<p><span style=\"color: #000000;\">Pas deklarat\u00ebs t\u00eb ministrit t\u00eb Brendsh\u00ebm Bledi \u00c7u\u00e7i n\u00eb lidhje me ngjarjet kriminale n\u00eb vend, i cili akuzoi disa prokuror\u00eb dhe gjyqtar\u00eb p\u00ebr leht\u00ebsim t\u00eb masave p\u00ebr persona t\u00eb p\u00ebrfshir\u00eb n\u00eb krime, ka reaguar Gjykata e Rrethit Gjyq\u00ebsor Fier.<\/span><\/p>\n<p><span style=\"color: #000000;\">\u00c7u\u00e7i deklaroi p\u00ebr mediat duke th\u00ebn\u00eb se: \u201c<em>Fatkeq\u00ebsisht, prokuror\u00ebt dhe gjyqtar\u00ebt, si rasti i prokurores Edlira Cufi n\u00eb Shkod\u00ebr, apo dyshja e prokurores Elona Alvora dhe gjyqtari Albert Spiro n\u00eb Vlor\u00eb, si dhe prokurori Erind Rahovica dhe gjyqtari Pirro Sota n\u00eb Fier, p\u00ebrkund\u00ebr kushteve t\u00eb padiskutueshme t\u00eb flagranc\u00ebs, kan\u00eb dh\u00ebn\u00eb masa leht\u00ebsuese duke i \u00e7uar n\u00eb sht\u00ebpi t\u00eb pandehurit, megjith\u00ebse minimumi i d\u00ebnimit p\u00ebr k\u00ebto vepra penale \u00ebsht\u00eb 3 vjet heqje lirie<\/em>\u201d.<\/span><\/p>\n<p><span style=\"color: #000000;\">Gjykata e Fierit n\u00eb reagimin e saj ka sqaruar se n\u00eb lidhje me hetimin p\u00ebr shtetasin me inicialet I.H. (K.)\u201d, i arrestuar si i dyshuar p\u00ebr kryerjen e vepr\u00ebs penale \u201cMbajtja pa leje dhe prodhimi i arm\u00ebve, arm\u00ebve shp\u00ebrthyese dhe i municionit\u201d u miratua pretenca e prokurorit. Sipas gjykat\u00ebs, Prokurori Erind Reovica ka k\u00ebrkuar: \u201cT\u00eb vleft\u00ebsohet i ligjsh\u00ebm arrestimi n\u00eb flagrance ndaj personit n\u00ebn hetim I.H. (K.) dhe t\u00eb caktohet si mas\u00eb sigurimi ndaj tij ajo e \u201carrestit n\u00eb sht\u00ebpi\u201d parashikuar nga neni 237 K.Pr.Penale.\u201d, nd\u00ebrsa gjyqtari Piro Sota n\u00eb p\u00ebrfundim t\u00eb gjykimit ka vendosur k\u00ebt\u00eb mas\u00eb sigurie.<\/span><\/p>\n<p><span style=\"color: #000000;\">N\u00eb arsyetimin e tij gjyqtari Sota tha se Gjykata nuk mund t\u00eb caktoj\u00eb nj\u00eb mas\u00eb sigurimi m\u00eb t\u00eb r\u00ebnd\u00eb se ajo e k\u00ebrkuar nga prokurori.<\/span><\/p>\n<p><span style=\"color: #000000;\"><strong>Reagimi i Gjykat\u00ebs s\u00eb Fierit<\/strong><\/span><\/p>\n<p><span style=\"color: #000000;\">Gjykata e Rrethit Gjyq\u00ebsor Fier u njoh me deklaratat publike t\u00eb Ministrit t\u00eb Brendsh\u00ebm, Z. Bledi \u00c7u\u00e7i, ku nd\u00ebr t\u00eb tjera \u00ebsht\u00eb p\u00ebrmendur edhe vendimmarrja e gjyqtarit Piro Sota, n\u00eb lidhje me shqyrtimin e nj\u00eb k\u00ebrkese penale, pran\u00eb Gjykat\u00ebs s\u00eb Rrethit Gjyq\u00ebsor Fier, me objekt: \u201cVleft\u00ebsimin e arrestit n\u00eb flagranc\u00eb dhe caktimin e mas\u00ebs s\u00eb sigurimit\u201d.<\/span><br \/>\n<span style=\"color: #000000;\">\u2013 Ministri i Brendsh\u00ebm Z. \u00c7u\u00e7i deklaroi se: \u201cPor fatkeq\u00ebsisht, prokuror\u00ebt dhe gjyqtar\u00ebt, si rasti i prokurores Edlira Cufi n\u00eb Shkod\u00ebr, apo dyshja e prokurores Elona Alvora dhe gjyqtari Albert Spiro n\u00eb Vlor\u00eb, si dhe prokurori Erind Rahovica dhe gjyqtari Pirro Sota n\u00eb Fier, p\u00ebrkund\u00ebr kushteve t\u00eb padiskutueshme t\u00eb flagranc\u00ebs, kan\u00eb dh\u00ebn\u00eb masa leht\u00ebsuese duke i \u00e7uar n\u00eb sht\u00ebpi t\u00eb pandehurit, megjith\u00ebse minimumi i d\u00ebnimit p\u00ebr k\u00ebto vepra penale \u00ebsht\u00eb 3 vjet heqje lirie.<\/span><\/p>\n<p><span style=\"color: #000000;\">Ju informojm\u00eb se: \u201cN\u00eb dat\u00ebn 17\/06\/2021, pran\u00eb Gjykat\u00ebs s\u00eb Rrethit Gjyq\u00ebsor Fier, \u00ebsht\u00eb zhvilluar seanca gjyq\u00ebsore p\u00ebr shqyrtimin e k\u00ebrkes\u00ebs penale me Nr. 60610-01514-62-2021 (912) Regj.Them., dat\u00eb 16.06.2021 Regjistrimi, me pal\u00eb k\u00ebrkuese: Prokuroria pran\u00eb Gjykat\u00ebs s\u00eb Rrethit Gjyq\u00ebsor Fier, e p\u00ebrfaq\u00ebsuar nga Prokurori Erind Reovica, me objekt: \u201cVleft\u00ebsimin e arrestit n\u00eb flagranc\u00eb dhe caktimin e mas\u00ebs s\u00eb sigurimit, p\u00ebr personin n\u00ebn hetim I.H. (K.)\u201d, i arrestuar si i dyshuar p\u00ebr kryerjen e vepr\u00ebs penale \u201cMbajtja pa leje dhe prodhimi i arm\u00ebve, arm\u00ebve shp\u00ebrthyese dhe i municionit\u201d t\u00eb parashikuar nga Neni 278\/1 t\u00eb Kodit Penal\u201d.<\/span><\/p>\n<p><span style=\"color: #000000;\">\u2013 Prokurori Erind Reovica ka k\u00ebrkuar: T\u00eb vleft\u00ebsohet i ligjsh\u00ebm arrestimi n\u00eb flagrance ndaj personit n\u00ebn hetim I.H. (K.) dhe t\u00eb caktohet si mas\u00eb sigurimi ndaj tij ajo e \u201carrestit n\u00eb sht\u00ebpi\u201d parashikuar nga neni 237 K.Pr.Penale.<\/span><\/p>\n<p><span style=\"color: #000000;\">\u2013 Gjyqtari Piro Sota n\u00eb p\u00ebrfundim t\u00eb gjykimit ka vendosur:<\/span><br \/>\n<span style=\"color: #000000;\">1-Te vleftesoje te ligjshem arrestimin ne flagrance te personit n\u00eb hetim I.H. (K.), te dt.15.06.2021 ora 22:00.<\/span><br \/>\n<span style=\"color: #000000;\">2-Te caktoje si mase sigurimi ndaj personit n\u00eb hetim I.H. (K.) ate te \u201darresti ne shtepi\u201d, te parashikuar nga neni 237 te K.Pr. Penal.<\/span><br \/>\n<span style=\"color: #000000;\">3-Urdh\u00ebrohet personi n\u00eb hetim I.H. (K.) t\u00eb mos largohet nga banesa e tij ne lagjen (\u2026\u2026.) , nj\u00ebsia administrative D\u00ebrmenas, bashkia Fier, pa leje t\u00eb organit procedues.<\/span><br \/>\n<span style=\"color: #000000;\">4-Urdh\u00ebrohet policia gjyq\u00ebsore pran\u00eb Komisariatit t\u00eb Policis\u00eb Fier p\u00ebr zbatimin e mas\u00ebs s\u00eb sigurimit t\u00eb arrestit n\u00eb sht\u00ebpi.<\/span><br \/>\n<span style=\"color: #000000;\">5-Kund\u00ebr k\u00ebtij vendimi lejohet apel n\u00eb gjykat\u00ebn e Apelit Vlor\u00eb br\u00ebnda 5 dit\u00ebve nga njoftimi i vendimit.<\/span><\/p>\n<p><span style=\"color: #000000;\">N\u00eb vendimin e tij, gjyqtari Piro Sota ka arsyetuar nd\u00ebr t\u00eb tjera se: \u201cP\u00ebrsa i p\u00ebrket mas\u00ebs konkrete t\u00eb sigurimit q\u00eb do t\u00eb caktoj\u00eb ndaj t\u00eb arrestuarit I.H. (K.), gjykata lidhur me k\u00ebrkimin e prokurorit p\u00ebr t\u00eb caktuar ndaj tij at\u00eb t\u00eb \u201carresti n\u00eb sht\u00ebpi\u201d, parashikuar nga neni 237 K.Pr.P, ka parasysh zbatimin e pik\u00ebs 3 t\u00eb nenit 244 t\u00eb K.Pr.Penale\u201d, n\u00eb t\u00eb cil\u00ebn parashikohet shprehimisht q\u00eb: \u201cGjykata nuk mund t\u00eb caktoj\u00eb nj\u00eb mas\u00eb sigurimi m\u00eb t\u00eb r\u00ebnd\u00eb se ajo e k\u00ebrkuar nga prokurori\u201d.<\/span><br \/>\n<span style=\"color: #000000;\">Veprimtaria e Gjykat\u00ebs s\u00eb Rrethit Gjyq\u00ebsor Fier nuk mund t\u00eb shkoj\u00eb p\u00ebrtej asaj \u00e7far\u00eb \u00ebsht\u00eb parashikuar n\u00eb ligj.<\/span><br \/>\n<span style=\"color: #000000;\">Duke Ju falenduar paraprakisht dhe duke Ju uruar pun\u00eb t\u00eb mbar\u00eb!<\/span><\/p>\n<p>&nbsp;<\/p>\n","protected":false,"gt_translate_keys":[{"key":"rendered","format":"html"}]},"excerpt":{"rendered":"<p>Pas deklarat\u00ebs t\u00eb ministrit t\u00eb Brendsh\u00ebm Bledi \u00c7u\u00e7i n\u00eb lidhje me ngjarjet kriminale n\u00eb vend, i cili akuzoi disa prokuror\u00eb dhe gjyqtar\u00eb p\u00ebr leht\u00ebsim t\u00eb masave p\u00ebr persona t\u00eb p\u00ebrfshir\u00eb n\u00eb krime, ka reaguar Gjykata e Rrethit Gjyq\u00ebsor Fier. \u00c7u\u00e7i deklaroi p\u00ebr mediat duke th\u00ebn\u00eb se: \u201cFatkeq\u00ebsisht, prokuror\u00ebt dhe gjyqtar\u00ebt, si rasti i prokurores Edlira [&hellip;]<\/p>\n","protected":false,"gt_translate_keys":[{"key":"rendered","format":"html"}]},"author":32,"featured_media":459156,"comment_status":"open","ping_status":"open","sticky":false,"template":"","format":"standard","meta":{"footnotes":""},"categories":[65,13],"tags":[],"class_list":["post-459155","post","type-post","status-publish","format-standard","has-post-thumbnail","hentry","category-lajme","category-te-fundit"],"gt_translate_keys":[{"key":"link","format":"url"}],"_links":{"self":[{"href":"https:\/\/www.hashtag.al\/index.php\/wp-json\/wp\/v2\/posts\/459155","targetHints":{"allow":["GET"]}}],"collection":[{"href":"https:\/\/www.hashtag.al\/index.php\/wp-json\/wp\/v2\/posts"}],"about":[{"href":"https:\/\/www.hashtag.al\/index.php\/wp-json\/wp\/v2\/types\/post"}],"author":[{"embeddable":true,"href":"https:\/\/www.hashtag.al\/index.php\/wp-json\/wp\/v2\/users\/32"}],"replies":[{"embeddable":true,"href":"https:\/\/www.hashtag.al\/index.php\/wp-json\/wp\/v2\/comments?post=459155"}],"version-history":[{"count":0,"href":"https:\/\/www.hashtag.al\/index.php\/wp-json\/wp\/v2\/posts\/459155\/revisions"}],"wp:featuredmedia":[{"embeddable":true,"href":"https:\/\/www.hashtag.al\/index.php\/wp-json\/wp\/v2\/media\/459156"}],"wp:attachment":[{"href":"https:\/\/www.hashtag.al\/index.php\/wp-json\/wp\/v2\/media?parent=459155"}],"wp:term":[{"taxonomy":"category","embeddable":true,"href":"https:\/\/www.hashtag.al\/index.php\/wp-json\/wp\/v2\/categories?post=459155"},{"taxonomy":"post_tag","embeddable":true,"href":"https:\/\/www.hashtag.al\/index.php\/wp-json\/wp\/v2\/tags?post=459155"}],"curies":[{"name":"wp","href":"https:\/\/api.w.org\/{rel}","templated":true}]}}