{"id":459144,"date":"2021-06-28T15:30:55","date_gmt":"2021-06-28T13:30:55","guid":{"rendered":"https:\/\/hashtag.al\/?p=459144"},"modified":"2021-06-28T15:32:47","modified_gmt":"2021-06-28T13:32:47","slug":"dhjetera-tregtare-ambulante-te-shengjinit-proteste-para-bashkise-lezhe-u-ndaluan-te-shesin-ne-plazh","status":"publish","type":"post","link":"https:\/\/www.hashtag.al\/index.php\/2021\/06\/28\/dhjetera-tregtare-ambulante-te-shengjinit-proteste-para-bashkise-lezhe-u-ndaluan-te-shesin-ne-plazh\/","title":{"rendered":"Dhjet\u00ebra tregtar\u00eb ambulant\u00eb t\u00eb Sh\u00ebngjinit protest\u00eb para bashkis\u00eb Lezh\u00eb, u ndaluan t\u00eb shesin n\u00eb plazh","gt_translate_keys":[{"key":"rendered","format":"text"}]},"content":{"rendered":"<p><span style=\"color: #000000;\"><img loading=\"lazy\" decoding=\"async\" class=\"aligncenter size-full wp-image-459145\" src=\"https:\/\/hashtag.al\/wp-content\/uploads\/2021\/06\/shengjin.jpg\" alt=\"\" width=\"1103\" height=\"524\" srcset=\"https:\/\/www.hashtag.al\/wp-content\/uploads\/2021\/06\/shengjin.jpg 1103w, https:\/\/www.hashtag.al\/wp-content\/uploads\/2021\/06\/shengjin-300x143.jpg 300w, https:\/\/www.hashtag.al\/wp-content\/uploads\/2021\/06\/shengjin-768x365.jpg 768w, https:\/\/www.hashtag.al\/wp-content\/uploads\/2021\/06\/shengjin-1024x486.jpg 1024w\" sizes=\"auto, (max-width: 1103px) 100vw, 1103px\" \/><\/span><\/p>\n<p><span style=\"color: #000000;\">Dhjet\u00ebra tregtar\u00eb ambulant\u00eb n\u00eb Sh\u00ebngjin kan\u00eb zhvilluar nj\u00eb protest\u00eb para bashkis\u00eb s\u00eb Lezh\u00ebs.<\/span><\/p>\n<p><span style=\"color: #000000;\"> Protesta e tyre vjen pasi nuk jan\u00eb lejuar t\u00eb shesin n\u00eb zon\u00ebn e plazhit. <\/span><\/p>\n<p><span style=\"color: #000000;\">Gjat\u00eb protest\u00ebs ata kan\u00eb th\u00ebn\u00eb se jan\u00eb t\u00eb gatsh\u00ebm t\u00eb paguajn\u00eb detyrimet ndaj bashkis\u00eb e t\u00eb lejohen t\u00eb shesin si n\u00eb vendet e tjera. <\/span><\/p>\n<p><span style=\"color: #000000;\">Ata kan\u00eb k\u00ebrkuar takim me kryebashkiakun Pjerin Ndreu nd\u00ebrsa kan\u00eb pohuar se do vijojn\u00eb protest\u00ebn deri n\u00eb zgjidhjen e problemit.<\/span><\/p>\n<p><span style=\"color: #000000;\">N\u00ebnkryetari i bashkis\u00eb Lezh\u00eb, Ermal Pajaca, ka pohuar se tregtar\u00ebt nuk do lejohen t\u00eb shesin pasi prodhimet e tyre jan\u00eb t\u00eb rrezkshme.<\/span><\/p>\n","protected":false,"gt_translate_keys":[{"key":"rendered","format":"html"}]},"excerpt":{"rendered":"<p>Dhjet\u00ebra tregtar\u00eb ambulant\u00eb n\u00eb Sh\u00ebngjin kan\u00eb zhvilluar nj\u00eb protest\u00eb para bashkis\u00eb s\u00eb Lezh\u00ebs. Protesta e tyre vjen pasi nuk jan\u00eb lejuar t\u00eb shesin n\u00eb zon\u00ebn e plazhit. Gjat\u00eb protest\u00ebs ata kan\u00eb th\u00ebn\u00eb se jan\u00eb t\u00eb gatsh\u00ebm t\u00eb paguajn\u00eb detyrimet ndaj bashkis\u00eb e t\u00eb lejohen t\u00eb shesin si n\u00eb vendet e tjera. Ata kan\u00eb k\u00ebrkuar takim [&hellip;]<\/p>\n","protected":false,"gt_translate_keys":[{"key":"rendered","format":"html"}]},"author":51,"featured_media":459145,"comment_status":"open","ping_status":"open","sticky":false,"template":"","format":"standard","meta":{"footnotes":""},"categories":[65,13],"tags":[],"class_list":["post-459144","post","type-post","status-publish","format-standard","has-post-thumbnail","hentry","category-lajme","category-te-fundit"],"gt_translate_keys":[{"key":"link","format":"url"}],"_links":{"self":[{"href":"https:\/\/www.hashtag.al\/index.php\/wp-json\/wp\/v2\/posts\/459144","targetHints":{"allow":["GET"]}}],"collection":[{"href":"https:\/\/www.hashtag.al\/index.php\/wp-json\/wp\/v2\/posts"}],"about":[{"href":"https:\/\/www.hashtag.al\/index.php\/wp-json\/wp\/v2\/types\/post"}],"author":[{"embeddable":true,"href":"https:\/\/www.hashtag.al\/index.php\/wp-json\/wp\/v2\/users\/51"}],"replies":[{"embeddable":true,"href":"https:\/\/www.hashtag.al\/index.php\/wp-json\/wp\/v2\/comments?post=459144"}],"version-history":[{"count":0,"href":"https:\/\/www.hashtag.al\/index.php\/wp-json\/wp\/v2\/posts\/459144\/revisions"}],"wp:featuredmedia":[{"embeddable":true,"href":"https:\/\/www.hashtag.al\/index.php\/wp-json\/wp\/v2\/media\/459145"}],"wp:attachment":[{"href":"https:\/\/www.hashtag.al\/index.php\/wp-json\/wp\/v2\/media?parent=459144"}],"wp:term":[{"taxonomy":"category","embeddable":true,"href":"https:\/\/www.hashtag.al\/index.php\/wp-json\/wp\/v2\/categories?post=459144"},{"taxonomy":"post_tag","embeddable":true,"href":"https:\/\/www.hashtag.al\/index.php\/wp-json\/wp\/v2\/tags?post=459144"}],"curies":[{"name":"wp","href":"https:\/\/api.w.org\/{rel}","templated":true}]}}