{"id":459087,"date":"2021-06-28T11:53:43","date_gmt":"2021-06-28T09:53:43","guid":{"rendered":"https:\/\/hashtag.al\/?p=459087"},"modified":"2021-06-28T11:53:43","modified_gmt":"2021-06-28T09:53:43","slug":"cuci-policia-sndjek-te-gjitha-makinat-qe-levizin-e-sndan-parcela-plazhi-do-kemi-drone-superinteligjente-ne-rruge","status":"publish","type":"post","link":"https:\/\/www.hashtag.al\/index.php\/2021\/06\/28\/cuci-policia-sndjek-te-gjitha-makinat-qe-levizin-e-sndan-parcela-plazhi-do-kemi-drone-superinteligjente-ne-rruge\/","title":{"rendered":"\u00c7u\u00e7i: Policia s&#8217;ndjek t\u00eb gjitha makinat q\u00eb l\u00ebvizin e s\u2019ndan parcela plazhi, do kemi dron\u00eb superinteligjent\u00eb n\u00eb rrug\u00eb","gt_translate_keys":[{"key":"rendered","format":"text"}]},"content":{"rendered":"<p><span style=\"color: #000000;\"><img loading=\"lazy\" decoding=\"async\" class=\"aligncenter size-full wp-image-459088\" src=\"https:\/\/hashtag.al\/wp-content\/uploads\/2021\/06\/cuci-1.jpg\" alt=\"\" width=\"1162\" height=\"655\" srcset=\"https:\/\/www.hashtag.al\/wp-content\/uploads\/2021\/06\/cuci-1.jpg 1162w, https:\/\/www.hashtag.al\/wp-content\/uploads\/2021\/06\/cuci-1-300x169.jpg 300w, https:\/\/www.hashtag.al\/wp-content\/uploads\/2021\/06\/cuci-1-768x433.jpg 768w, https:\/\/www.hashtag.al\/wp-content\/uploads\/2021\/06\/cuci-1-1024x577.jpg 1024w\" sizes=\"auto, (max-width: 1162px) 100vw, 1162px\" \/><\/span><\/p>\n<p><span style=\"color: #000000;\">Ministri i Brendsh\u00ebm \u00c7u\u00e7i ka dh\u00ebn\u00eb nj\u00eb konferenc\u00eb p\u00ebr shtyp sot. <\/span><\/p>\n<p><span style=\"color: #000000;\">Dalja e tij vjen pas ngjarjeve t\u00eb r\u00ebnda n\u00eb Vlor\u00eb e Velipoj\u00eb ku humb\u00ebn jet\u00ebn 8 persona. <\/span><\/p>\n<p><span style=\"color: #000000;\">\u00c7u\u00e7i tha se vendi \u00ebsht\u00eb tronditur dy dit\u00ebt e fundit megjithat\u00eb shtoi se policia nuk ndjek makinat q\u00eb l\u00ebvizin n\u00eb rrug\u00ebt e vendit dhe as konfliktet mes fqinj\u00ebve. <\/span><\/p>\n<p><span style=\"color: #000000;\">Ministri tha gjithashtu se policia nuk ndan parcela plazhi nd\u00ebrsa paralajm\u00ebroi reform\u00eb n\u00eb polici. Ai shtoi se shum\u00eb shpejt rrug\u00ebt do monitorohen nga dron\u00ebt.<\/span><\/p>\n<p><span style=\"color: #000000;\"><em>\u201cDit\u00ebt e fundit jemi tronditur t\u00eb gjith\u00eb nga dy ngjarje t\u00eb nj\u00ebpasnj\u00ebshme. Nj\u00eb aksident tragjik rrugor, me kat\u00ebr jet\u00eb njer\u00ebzish t\u00eb humbura dhe nj\u00eb tjet\u00ebr vrasje me arm\u00eb zjarri ku humb\u00ebn jet\u00ebn kat\u00ebr persona p\u00ebr nj\u00eb parcel\u00eb plazhi. I mir\u00ebkuptoj ankesat e qytetar\u00ebve. Por dua t\u00eb theksoj fort se Policia e Shtetit, p\u00ebrtej t\u00eb metave t\u00eb saj dhe p\u00ebrmir\u00ebsimit q\u00eb do t\u00eb b\u00ebhen, as nuk ndjek t\u00eb gjitha makinat q\u00eb l\u00ebvizin n\u00eb rrug\u00ebt e vendit dhe as pas konfliktit t\u00eb fqinj\u00ebve. Policia e Shtetit ndalon, por nuk d\u00ebnon shkel\u00ebs kriminel\u00eb, ato i ndalon gjykata. Ka rregulla e procedura transparente n\u00eb ndarjen e plazhit, policia nuk ndal parcela plazhi por zbaton ligjin p\u00ebr mosprekjen e plazheve publike dhe nd\u00ebrtimet pa leje. Kam v\u00ebn\u00eb re se disa flasin me t\u00eb madhe p\u00ebr rritjen e kriminalitet dhe aksidenteve me vdekje por kjo \u00ebsht\u00eb e pav\u00ebrtet\u00eb, pasi shifrat tregojn\u00eb t\u00eb kund\u00ebrt\u00ebn. Policia ka t\u00eb meta, po p\u00ebrgatitemi p\u00ebr nj\u00eb faz\u00eb t\u00eb re t\u00eb reform\u00ebs s\u00eb policis\u00eb s\u00eb shtetit. Po ashtu do t\u00eb krijojm\u00eb nj\u00eb kuad\u00ebr rregullatori t\u00eb ri p\u00ebr t\u00eb futur ne hetim pasurin\u00eb t\u00eb drejtuesve t\u00eb makinave t\u00eb shtrenjta q\u00eb kan\u00eb p\u00ebrs\u00ebritje t\u00eb shkeljeve ligjore n\u00eb qarkullim. Do t\u00eb kemi dron superinteligjent n\u00eb rrug\u00eb. Brenda jav\u00ebs ndryshme n\u00eb drejtori e\u00a0 komisariate t\u00eb policis\u00eb n\u00eb vend.\u201d<\/em> &#8211; tha \u00c7u\u00e7i.<\/span><\/p>\n","protected":false,"gt_translate_keys":[{"key":"rendered","format":"html"}]},"excerpt":{"rendered":"<p>Ministri i Brendsh\u00ebm \u00c7u\u00e7i ka dh\u00ebn\u00eb nj\u00eb konferenc\u00eb p\u00ebr shtyp sot. Dalja e tij vjen pas ngjarjeve t\u00eb r\u00ebnda n\u00eb Vlor\u00eb e Velipoj\u00eb ku humb\u00ebn jet\u00ebn 8 persona. \u00c7u\u00e7i tha se vendi \u00ebsht\u00eb tronditur dy dit\u00ebt e fundit megjithat\u00eb shtoi se policia nuk ndjek makinat q\u00eb l\u00ebvizin n\u00eb rrug\u00ebt e vendit dhe as konfliktet mes [&hellip;]<\/p>\n","protected":false,"gt_translate_keys":[{"key":"rendered","format":"html"}]},"author":51,"featured_media":459088,"comment_status":"open","ping_status":"open","sticky":false,"template":"","format":"standard","meta":{"footnotes":""},"categories":[65,13],"tags":[],"class_list":["post-459087","post","type-post","status-publish","format-standard","has-post-thumbnail","hentry","category-lajme","category-te-fundit"],"gt_translate_keys":[{"key":"link","format":"url"}],"_links":{"self":[{"href":"https:\/\/www.hashtag.al\/index.php\/wp-json\/wp\/v2\/posts\/459087","targetHints":{"allow":["GET"]}}],"collection":[{"href":"https:\/\/www.hashtag.al\/index.php\/wp-json\/wp\/v2\/posts"}],"about":[{"href":"https:\/\/www.hashtag.al\/index.php\/wp-json\/wp\/v2\/types\/post"}],"author":[{"embeddable":true,"href":"https:\/\/www.hashtag.al\/index.php\/wp-json\/wp\/v2\/users\/51"}],"replies":[{"embeddable":true,"href":"https:\/\/www.hashtag.al\/index.php\/wp-json\/wp\/v2\/comments?post=459087"}],"version-history":[{"count":0,"href":"https:\/\/www.hashtag.al\/index.php\/wp-json\/wp\/v2\/posts\/459087\/revisions"}],"wp:featuredmedia":[{"embeddable":true,"href":"https:\/\/www.hashtag.al\/index.php\/wp-json\/wp\/v2\/media\/459088"}],"wp:attachment":[{"href":"https:\/\/www.hashtag.al\/index.php\/wp-json\/wp\/v2\/media?parent=459087"}],"wp:term":[{"taxonomy":"category","embeddable":true,"href":"https:\/\/www.hashtag.al\/index.php\/wp-json\/wp\/v2\/categories?post=459087"},{"taxonomy":"post_tag","embeddable":true,"href":"https:\/\/www.hashtag.al\/index.php\/wp-json\/wp\/v2\/tags?post=459087"}],"curies":[{"name":"wp","href":"https:\/\/api.w.org\/{rel}","templated":true}]}}