{"id":458344,"date":"2021-06-24T15:17:40","date_gmt":"2021-06-24T13:17:40","guid":{"rendered":"https:\/\/hashtag.al\/?p=458344"},"modified":"2021-06-24T15:29:31","modified_gmt":"2021-06-24T13:29:31","slug":"zvicra-do-lejoje-shtetasit-shqiptare-te-futen-ne-vend-nga-26-qershori-dokumenti-qe-duhet-pasur-me-vete","status":"publish","type":"post","link":"https:\/\/www.hashtag.al\/index.php\/2021\/06\/24\/zvicra-do-lejoje-shtetasit-shqiptare-te-futen-ne-vend-nga-26-qershori-dokumenti-qe-duhet-pasur-me-vete\/","title":{"rendered":"Zvicra do lejoj\u00eb shtetasit shqiptar\u00eb t\u00eb futen n\u00eb vend nga 26 qershori, dokumenti q\u00eb duhet pasur me vete","gt_translate_keys":[{"key":"rendered","format":"text"}]},"content":{"rendered":"<p><span style=\"color: #000000;\"><img loading=\"lazy\" decoding=\"async\" class=\"aligncenter size-full wp-image-458345\" src=\"https:\/\/hashtag.al\/wp-content\/uploads\/2021\/06\/zyrihu.jpg\" alt=\"\" width=\"1366\" height=\"908\" srcset=\"https:\/\/www.hashtag.al\/wp-content\/uploads\/2021\/06\/zyrihu.jpg 1366w, https:\/\/www.hashtag.al\/wp-content\/uploads\/2021\/06\/zyrihu-300x199.jpg 300w, https:\/\/www.hashtag.al\/wp-content\/uploads\/2021\/06\/zyrihu-768x511.jpg 768w, https:\/\/www.hashtag.al\/wp-content\/uploads\/2021\/06\/zyrihu-1024x681.jpg 1024w\" sizes=\"auto, (max-width: 1366px) 100vw, 1366px\" \/><\/span><\/p>\n<p><span style=\"color: #000000;\">Zvicra do lejoj\u00eb udh\u00ebtar\u00ebt shqiptar\u00eb q\u00eb k\u00ebrkojn\u00eb t\u00eb udh\u00ebtojn\u00eb drejt vendit helvet. <\/span><\/p>\n<p><span style=\"color: #000000;\">Megjithat\u00eb p\u00ebr t\u00eb hyr\u00eb n\u00eb Zvic\u00ebr, shtetasit shqiptar\u00eb duhet t\u00eb paraqesin nj\u00eb nga tre dokumentet e posht\u00ebsh\u00ebnuara: <\/span><\/p>\n<p><span style=\"color: #000000;\">nj\u00eb prov\u00eb p\u00ebr kryerjen e vaksinimit t\u00eb plot\u00eb, nj\u00eb prov\u00eb t\u00eb sh\u00ebrimit nga Covid-19 ose nj\u00eb test PCR apo test antigjen t\u00eb Covid-19.<\/span><\/p>\n<p><span style=\"color: #000000;\">\u201c<em>Zvicra lejon hyrjen p\u00ebr shtetasit shqiptar\u00eb. Duke filluar nga 26.06.2021 shtetasit e Shqip\u00ebris\u00eb do t\u00eb lejohen t\u00eb udh\u00ebtojn\u00eb p\u00ebr n\u00eb Zvic\u00ebr. Qeveria e Zvicr\u00ebs ka leht\u00ebsuar kufizimet p\u00ebr hyrje n\u00eb Zvic\u00ebr p\u00ebr shtetasit shqiptar\u00eb. Duke filluar nga 26.06 hyrja p\u00ebr n\u00eb Zvic\u00ebr p\u00ebr mbajt\u00ebsit e pasaportave shqiptare do t\u00eb lejohet, megjithat\u00eb nj\u00eb nga dokumentet e m\u00ebposhtme p\u00ebrs\u00ebri do t\u00eb k\u00ebrkohet:<\/em><\/span><\/p>\n<p><span style=\"color: #000000;\"><em>Prov\u00eb q\u00eb keni kryer vaksinimin e plot\u00eb<\/em><\/span><\/p>\n<p><span style=\"color: #000000;\"><em>Prov\u00eb t\u00eb sh\u00ebrimit nga Covid-19<\/em><\/span><\/p>\n<p><span style=\"color: #000000;\"><em>Testi PCR ose antigen t\u00eb Covid-19<\/em><\/span><\/p>\n<p><span style=\"color: #000000;\"><em>N\u00eb se udh\u00ebtoni me avion, detajet e kontaktit p\u00ebrs\u00ebri duhet t\u00eb d\u00ebrgohen duke mbushur form\u00ebn n\u00eb k\u00ebt\u00eb link.P\u00ebr m\u00eb shum\u00eb detaje ju lutem konsultohuni me faqet n\u00eb <a href=\"https:\/\/www.sem.admin.ch\/sem\/en\/home.html\"><span style=\"color: #0000ff;\">Internet t\u00eb Sekretariatit Zviceran t\u00eb Shtetit p\u00ebr Migracionin<\/span><\/a> dhe t\u00eb <a href=\"https:\/\/www.bag.admin.ch\/bag\/en\/home.html\"><span style=\"color: #0000ff;\">Zyr\u00ebs Federale t\u00eb Sh\u00ebndetit Publik<\/span><\/a>.\u201d<\/em> &#8211; thuhet n\u00eb njoftimin e ambasad\u00ebs zviceriane n\u00eb Shqip\u00ebri.<\/span><\/p>\n","protected":false,"gt_translate_keys":[{"key":"rendered","format":"html"}]},"excerpt":{"rendered":"<p>Zvicra do lejoj\u00eb udh\u00ebtar\u00ebt shqiptar\u00eb q\u00eb k\u00ebrkojn\u00eb t\u00eb udh\u00ebtojn\u00eb drejt vendit helvet. Megjithat\u00eb p\u00ebr t\u00eb hyr\u00eb n\u00eb Zvic\u00ebr, shtetasit shqiptar\u00eb duhet t\u00eb paraqesin nj\u00eb nga tre dokumentet e posht\u00ebsh\u00ebnuara: nj\u00eb prov\u00eb p\u00ebr kryerjen e vaksinimit t\u00eb plot\u00eb, nj\u00eb prov\u00eb t\u00eb sh\u00ebrimit nga Covid-19 ose nj\u00eb test PCR apo test antigjen t\u00eb Covid-19. \u201cZvicra lejon hyrjen [&hellip;]<\/p>\n","protected":false,"gt_translate_keys":[{"key":"rendered","format":"html"}]},"author":51,"featured_media":458345,"comment_status":"open","ping_status":"open","sticky":false,"template":"","format":"standard","meta":{"footnotes":""},"categories":[65,13],"tags":[],"class_list":["post-458344","post","type-post","status-publish","format-standard","has-post-thumbnail","hentry","category-lajme","category-te-fundit"],"gt_translate_keys":[{"key":"link","format":"url"}],"_links":{"self":[{"href":"https:\/\/www.hashtag.al\/index.php\/wp-json\/wp\/v2\/posts\/458344","targetHints":{"allow":["GET"]}}],"collection":[{"href":"https:\/\/www.hashtag.al\/index.php\/wp-json\/wp\/v2\/posts"}],"about":[{"href":"https:\/\/www.hashtag.al\/index.php\/wp-json\/wp\/v2\/types\/post"}],"author":[{"embeddable":true,"href":"https:\/\/www.hashtag.al\/index.php\/wp-json\/wp\/v2\/users\/51"}],"replies":[{"embeddable":true,"href":"https:\/\/www.hashtag.al\/index.php\/wp-json\/wp\/v2\/comments?post=458344"}],"version-history":[{"count":0,"href":"https:\/\/www.hashtag.al\/index.php\/wp-json\/wp\/v2\/posts\/458344\/revisions"}],"wp:featuredmedia":[{"embeddable":true,"href":"https:\/\/www.hashtag.al\/index.php\/wp-json\/wp\/v2\/media\/458345"}],"wp:attachment":[{"href":"https:\/\/www.hashtag.al\/index.php\/wp-json\/wp\/v2\/media?parent=458344"}],"wp:term":[{"taxonomy":"category","embeddable":true,"href":"https:\/\/www.hashtag.al\/index.php\/wp-json\/wp\/v2\/categories?post=458344"},{"taxonomy":"post_tag","embeddable":true,"href":"https:\/\/www.hashtag.al\/index.php\/wp-json\/wp\/v2\/tags?post=458344"}],"curies":[{"name":"wp","href":"https:\/\/api.w.org\/{rel}","templated":true}]}}