{"id":458215,"date":"2021-06-23T20:33:13","date_gmt":"2021-06-23T18:33:13","guid":{"rendered":"https:\/\/hashtag.al\/?p=458215"},"modified":"2021-06-23T20:33:13","modified_gmt":"2021-06-23T18:33:13","slug":"soreca-takon-sadushin-be-ja-ka-plan-te-qarte-per-sistemin-e-drejtesise-funksionimi-i-gjykates-se-larte-do-sjelle-edhe-plotesimin-e-kushtetueses","status":"publish","type":"post","link":"https:\/\/www.hashtag.al\/index.php\/2021\/06\/23\/soreca-takon-sadushin-be-ja-ka-plan-te-qarte-per-sistemin-e-drejtesise-funksionimi-i-gjykates-se-larte-do-sjelle-edhe-plotesimin-e-kushtetueses\/","title":{"rendered":"Soreca takon Sadushin: BE-ja ka plan t\u00eb qart\u00eb p\u00ebr sistemin e drejt\u00ebsis\u00eb, funksionimi i Gjykat\u00ebs s\u00eb Lart\u00eb do sjell\u00eb edhe plot\u00ebsimin e Kushtetueses","gt_translate_keys":[{"key":"rendered","format":"text"}]},"content":{"rendered":"<p><span style=\"color: #000000;\"><img loading=\"lazy\" decoding=\"async\" class=\"aligncenter size-full wp-image-458216\" src=\"https:\/\/hashtag.al\/wp-content\/uploads\/2021\/06\/sadushi-soreca.jpeg\" alt=\"\" width=\"1280\" height=\"853\" srcset=\"https:\/\/www.hashtag.al\/wp-content\/uploads\/2021\/06\/sadushi-soreca.jpeg 1280w, https:\/\/www.hashtag.al\/wp-content\/uploads\/2021\/06\/sadushi-soreca-300x200.jpeg 300w, https:\/\/www.hashtag.al\/wp-content\/uploads\/2021\/06\/sadushi-soreca-768x512.jpeg 768w, https:\/\/www.hashtag.al\/wp-content\/uploads\/2021\/06\/sadushi-soreca-1024x682.jpeg 1024w\" sizes=\"auto, (max-width: 1280px) 100vw, 1280px\" \/><\/span><\/p>\n<p><span style=\"color: #000000;\">Ambasadori i Delegacionit t\u00eb Bashkimit Evropian n\u00eb Tiran\u00eb, Luigi Soreca, zhvilloi dit\u00ebn e sotme \u00a0nj\u00eb takim me Z\u00ebvend\u00ebskryetarin e Gjykat\u00ebs s\u00eb Lart\u00eb, Sokol Sadushin.<\/span><\/p>\n<p><span style=\"color: #000000;\">Gjat\u00eb takimit u diskutua mbi aktivitetin e deritanish\u00ebm t\u00eb gjykat\u00ebs, sfidat m\u00eb t\u00eb cilat ajo p\u00ebrballet vazhdimisht, si edhe pun\u00ebn e kryer nga an\u00ebtar\u00ebt e Gjykat\u00ebs s\u00eb Lart\u00eb, n\u00eb drejtim t\u00eb uljes s\u00eb numrit t\u00eb \u00e7\u00ebshtjeve t\u00eb prapambetura, zbatimit t\u00eb k\u00ebrkesave kushtetuese e ndryshimeve t\u00eb fundit procedurale ligjore p\u00ebr p\u00ebrmir\u00ebsimin e situat\u00ebs n\u00eb k\u00ebt\u00eb institucion, me q\u00ebllim krijimin e nj\u00eb klime besimi tek qytetar\u00ebt.<\/span><\/p>\n<p><span style=\"color: #000000;\">Sadushi, fal\u00ebnderoi Ambasadorin e BE p\u00ebr ndihm\u00ebn n\u00eb drejtim t\u00eb masave t\u00eb marra p\u00ebr ndryshimet ligjore, t\u00eb cilat kan\u00eb ndikuar n\u00eb procesin e shqyrtimit efektiv t\u00eb dosjeve gjyq\u00ebsore.<\/span><\/p>\n<p><span style=\"color: #000000;\">Ardhja e gjyqtar\u00ebve t\u00eb rinj, p\u00ebr t\u00eb plot\u00ebsuar m\u00eb tej trup\u00ebn gjyq\u00ebsore \u00ebsht\u00eb e domosdoshme p\u00ebr t\u00eb rritur eficenc\u00ebn e Gjykat\u00ebs s\u00eb Lart\u00eb e cila paralelisht do t\u00eb b\u00ebj\u00eb t\u00eb mundur edhe p\u00ebrzgjedhjen e an\u00ebtar\u00ebve t\u00eb rinj t\u00eb Gjykat\u00ebs Kushtetuese. P\u00ebr k\u00ebt\u00eb arsye, kjo gjykat\u00eb shpalli pak koh\u00eb m\u00eb par\u00eb edhe nisjen e procedurave p\u00ebr tre vendet vakant\u00eb n\u00eb Gjykat\u00ebn Kushtetuese, p\u00ebr t\u00eb b\u00ebr\u00eb t\u00eb mundur vijimin e k\u00ebtij procesi t\u00eb r\u00ebnd\u00ebsish\u00ebm pa vonesa dhe n\u00eb koh\u00eb.<\/span><\/p>\n<p><span style=\"color: #000000;\">Nga ana tjet\u00ebr Soreca, vler\u00ebsoi pun\u00ebn e kryer deri tani nga Gjykata e Lart\u00eb. Sipas tij, puna e b\u00ebr\u00eb nga Gjykata me \u00e7\u00ebshtjet e prapambetura \u00ebsht\u00eb par\u00eb me vler\u00ebsim nga komuniteti nd\u00ebrkomb\u00ebtar. Duke p\u00ebrmenduar ndryshimet e fundit procedurale ligjore, ambasadori Soreca vler\u00ebsoi faktin s\u00eb ato jan\u00eb nj\u00eb ndihm\u00eb konkrete p\u00ebr mbar\u00ebvajtjen e procesit t\u00eb shqyrtimit t\u00eb \u00e7\u00ebshtjeve n\u00eb gjykat\u00eb, e cila n\u00eb k\u00ebt\u00eb m\u00ebnyr\u00eb b\u00ebh\u00ebt edhe m\u00eb eficente n\u00eb pun\u00ebn e saj. Funksionimi normal i Gjykat\u00ebs s\u00eb Lart\u00eb, me ardhjen edhe t\u00eb an\u00ebtar\u00ebve t\u00eb saj t\u00eb rinj, sjell padyshim edhe plot\u00ebsimin e shpejt\u00eb t\u00eb Gjykat\u00ebs Kushtetuese.\u00a0\u00a0<\/span><\/p>\n<p><span style=\"color: #000000;\">Soreca siguroi se mb\u00ebshtetja e Delegacionit t\u00eb Bashkimit Evropian do t\u00eb vijoj\u00eb t\u00eb jet\u00eb e pranishme dhe e shpesht\u00eb n\u00eb t\u00eb ardhmen, pasi BE ka nj\u00eb plan dhe program t\u00eb qart\u00eb e t\u00eb dedikuar p\u00ebr\u00a0 institucionet e pavarura t\u00eb drejt\u00ebsis\u00eb.<\/span><\/p>\n<p>&nbsp;<\/p>\n","protected":false,"gt_translate_keys":[{"key":"rendered","format":"html"}]},"excerpt":{"rendered":"<p>Ambasadori i Delegacionit t\u00eb Bashkimit Evropian n\u00eb Tiran\u00eb, Luigi Soreca, zhvilloi dit\u00ebn e sotme \u00a0nj\u00eb takim me Z\u00ebvend\u00ebskryetarin e Gjykat\u00ebs s\u00eb Lart\u00eb, Sokol Sadushin. Gjat\u00eb takimit u diskutua mbi aktivitetin e deritanish\u00ebm t\u00eb gjykat\u00ebs, sfidat m\u00eb t\u00eb cilat ajo p\u00ebrballet vazhdimisht, si edhe pun\u00ebn e kryer nga an\u00ebtar\u00ebt e Gjykat\u00ebs s\u00eb Lart\u00eb, n\u00eb drejtim t\u00eb [&hellip;]<\/p>\n","protected":false,"gt_translate_keys":[{"key":"rendered","format":"html"}]},"author":32,"featured_media":458216,"comment_status":"open","ping_status":"open","sticky":false,"template":"","format":"standard","meta":{"footnotes":""},"categories":[65,13],"tags":[],"class_list":["post-458215","post","type-post","status-publish","format-standard","has-post-thumbnail","hentry","category-lajme","category-te-fundit"],"gt_translate_keys":[{"key":"link","format":"url"}],"_links":{"self":[{"href":"https:\/\/www.hashtag.al\/index.php\/wp-json\/wp\/v2\/posts\/458215","targetHints":{"allow":["GET"]}}],"collection":[{"href":"https:\/\/www.hashtag.al\/index.php\/wp-json\/wp\/v2\/posts"}],"about":[{"href":"https:\/\/www.hashtag.al\/index.php\/wp-json\/wp\/v2\/types\/post"}],"author":[{"embeddable":true,"href":"https:\/\/www.hashtag.al\/index.php\/wp-json\/wp\/v2\/users\/32"}],"replies":[{"embeddable":true,"href":"https:\/\/www.hashtag.al\/index.php\/wp-json\/wp\/v2\/comments?post=458215"}],"version-history":[{"count":0,"href":"https:\/\/www.hashtag.al\/index.php\/wp-json\/wp\/v2\/posts\/458215\/revisions"}],"wp:featuredmedia":[{"embeddable":true,"href":"https:\/\/www.hashtag.al\/index.php\/wp-json\/wp\/v2\/media\/458216"}],"wp:attachment":[{"href":"https:\/\/www.hashtag.al\/index.php\/wp-json\/wp\/v2\/media?parent=458215"}],"wp:term":[{"taxonomy":"category","embeddable":true,"href":"https:\/\/www.hashtag.al\/index.php\/wp-json\/wp\/v2\/categories?post=458215"},{"taxonomy":"post_tag","embeddable":true,"href":"https:\/\/www.hashtag.al\/index.php\/wp-json\/wp\/v2\/tags?post=458215"}],"curies":[{"name":"wp","href":"https:\/\/api.w.org\/{rel}","templated":true}]}}