{"id":458201,"date":"2021-06-23T19:06:46","date_gmt":"2021-06-23T17:06:46","guid":{"rendered":"https:\/\/hashtag.al\/?p=458201"},"modified":"2021-06-23T19:06:46","modified_gmt":"2021-06-23T17:06:46","slug":"pa-tampon-e-pa-vaksine-qytetaret-shqiptare-mund-te-udhetojne-lirisht-ne-holande","status":"publish","type":"post","link":"https:\/\/www.hashtag.al\/index.php\/2021\/06\/23\/pa-tampon-e-pa-vaksine-qytetaret-shqiptare-mund-te-udhetojne-lirisht-ne-holande\/","title":{"rendered":"Pa tampon e pa vaksin\u00eb, qytetar\u00ebt shqiptar\u00eb mund t\u00eb udh\u00ebtojn\u00eb lirisht n\u00eb Holand\u00eb","gt_translate_keys":[{"key":"rendered","format":"text"}]},"content":{"rendered":"<p><span style=\"color: #000000;\"><img loading=\"lazy\" decoding=\"async\" class=\"aligncenter size-full wp-image-347395\" src=\"https:\/\/hashtag.al\/wp-content\/uploads\/2020\/01\/family-bicycle-amsterdam.jpg\" alt=\"\" width=\"1000\" height=\"602\" srcset=\"https:\/\/www.hashtag.al\/wp-content\/uploads\/2020\/01\/family-bicycle-amsterdam.jpg 1000w, https:\/\/www.hashtag.al\/wp-content\/uploads\/2020\/01\/family-bicycle-amsterdam-300x181.jpg 300w, https:\/\/www.hashtag.al\/wp-content\/uploads\/2020\/01\/family-bicycle-amsterdam-768x462.jpg 768w\" sizes=\"auto, (max-width: 1000px) 100vw, 1000px\" \/><\/span><\/p>\n<p><span style=\"color: #000000;\">Holanda ka ndryshuar regjimin e l\u00ebvizjes p\u00ebr qytetar\u00ebt shqiptar\u00eb.<\/span><\/p>\n<p><span style=\"color: #000000;\">Bazuar n\u00eb nivelin e riskut shqiptar\u00ebt mund t\u00eb udh\u00ebtojn\u00eb lirisht p\u00ebr q\u00ebllime turistike drejt Holand\u00ebs pa pasur nevoj\u00eb p\u00ebr tampon apo edhe vaksin\u00eb.<\/span><\/p>\n<p><span style=\"color: #000000;\">Njoftimin e ka b\u00ebr\u00eb ambasada shqiptare n\u00eb Hag\u00eb.<\/span><\/p>\n<p><span style=\"color: #000000;\"><strong>Njoftimi i plot\u00eb:<\/strong><\/span><\/p>\n<p><span style=\"color: #000000;\">Ambasada e RSH n\u00eb Hag\u00eb njofton se regjimi i l\u00ebvizjeve p\u00ebr shtetasit shqiptar\u00eb drejt Holand\u00ebs do t\u00eb ndryshoj\u00eb, duke filluar q\u00eb prej dit\u00ebs s\u00eb nes\u00ebrme, 24 qershor 2021. Bazuar n\u00eb vler\u00ebsimin e qeveris\u00eb holandeze mbi nivelin e ul\u00ebt t\u00eb infektimeve t\u00eb Shqip\u00ebris\u00eb, Holanda vendos t\u00eb lejoj\u00eb p\u00ebrs\u00ebri l\u00ebvizjen e lir\u00eb t\u00eb t\u00eb gjitha kategorive t\u00eb shtetasve shqiptar\u00eb drejt territorit t\u00eb saj q\u00eb prej dat\u00ebs 24 qershor e n\u00eb vijim. Q\u00eb prej dit\u00ebs s\u00eb nes\u00ebrme, do t\u00eb lejohet l\u00ebvizja e lir\u00eb p\u00ebr t\u00eb gjith\u00eb shtetasit shqiptar\u00eb, jo vet\u00ebm p\u00ebr rezident\u00ebt shqiptar\u00eb n\u00eb BE, apo p\u00ebr arsye specifike. <\/span><\/p>\n<p><span style=\"color: #000000;\">Shtetasit shqiptar\u00eb mund t\u00eb udh\u00ebtojn\u00eb lirisht drejt Holand\u00ebs edhe p\u00ebr q\u00ebllime turistike; T\u00eb gjith\u00eb shtetasit shqiptar\u00eb q\u00eb udh\u00ebtojn\u00eb drejt Holand\u00ebs nuk kan\u00eb detyrimin t\u00eb paraqesin testin PCR apo antigjen n\u00eb destinacion. Gjithashtu nuk \u00ebsht\u00eb e detyrueshme karantina p\u00ebr udh\u00ebtar\u00ebt t\u00eb cil\u00ebt udh\u00ebtojn\u00eb nga RSH n\u00eb Holand\u00eb, pasi konsiderohet vend me rrezikshm\u00ebri t\u00eb ul\u00ebt infektimesh. Udh\u00ebzojm\u00eb n\u00eb \u00e7do rast udh\u00ebtar\u00ebt q\u00eb t\u00eb kontaktojn\u00eb gjithnj\u00eb me kompanit\u00eb ajror\u00eb q\u00eb operojn\u00eb fluturimet e tyre, pasi k\u00ebto kompani, n\u00eb cil\u00ebsin\u00eb e subjekteve private, mund t\u00eb k\u00ebrkojn\u00eb plot\u00ebsimin e formular\u00ebve t\u00eb ve\u00e7ant\u00eb apo kritere shtes\u00eb p\u00ebr pasagjer\u00ebt n\u00eb momentin e udh\u00ebtimit.<\/span><\/p>\n","protected":false,"gt_translate_keys":[{"key":"rendered","format":"html"}]},"excerpt":{"rendered":"<p>Holanda ka ndryshuar regjimin e l\u00ebvizjes p\u00ebr qytetar\u00ebt shqiptar\u00eb. Bazuar n\u00eb nivelin e riskut shqiptar\u00ebt mund t\u00eb udh\u00ebtojn\u00eb lirisht p\u00ebr q\u00ebllime turistike drejt Holand\u00ebs pa pasur nevoj\u00eb p\u00ebr tampon apo edhe vaksin\u00eb. Njoftimin e ka b\u00ebr\u00eb ambasada shqiptare n\u00eb Hag\u00eb. Njoftimi i plot\u00eb: Ambasada e RSH n\u00eb Hag\u00eb njofton se regjimi i l\u00ebvizjeve p\u00ebr shtetasit [&hellip;]<\/p>\n","protected":false,"gt_translate_keys":[{"key":"rendered","format":"html"}]},"author":32,"featured_media":347395,"comment_status":"open","ping_status":"open","sticky":false,"template":"","format":"standard","meta":{"footnotes":""},"categories":[65,13],"tags":[],"class_list":["post-458201","post","type-post","status-publish","format-standard","has-post-thumbnail","hentry","category-lajme","category-te-fundit"],"gt_translate_keys":[{"key":"link","format":"url"}],"_links":{"self":[{"href":"https:\/\/www.hashtag.al\/index.php\/wp-json\/wp\/v2\/posts\/458201","targetHints":{"allow":["GET"]}}],"collection":[{"href":"https:\/\/www.hashtag.al\/index.php\/wp-json\/wp\/v2\/posts"}],"about":[{"href":"https:\/\/www.hashtag.al\/index.php\/wp-json\/wp\/v2\/types\/post"}],"author":[{"embeddable":true,"href":"https:\/\/www.hashtag.al\/index.php\/wp-json\/wp\/v2\/users\/32"}],"replies":[{"embeddable":true,"href":"https:\/\/www.hashtag.al\/index.php\/wp-json\/wp\/v2\/comments?post=458201"}],"version-history":[{"count":0,"href":"https:\/\/www.hashtag.al\/index.php\/wp-json\/wp\/v2\/posts\/458201\/revisions"}],"wp:featuredmedia":[{"embeddable":true,"href":"https:\/\/www.hashtag.al\/index.php\/wp-json\/wp\/v2\/media\/347395"}],"wp:attachment":[{"href":"https:\/\/www.hashtag.al\/index.php\/wp-json\/wp\/v2\/media?parent=458201"}],"wp:term":[{"taxonomy":"category","embeddable":true,"href":"https:\/\/www.hashtag.al\/index.php\/wp-json\/wp\/v2\/categories?post=458201"},{"taxonomy":"post_tag","embeddable":true,"href":"https:\/\/www.hashtag.al\/index.php\/wp-json\/wp\/v2\/tags?post=458201"}],"curies":[{"name":"wp","href":"https:\/\/api.w.org\/{rel}","templated":true}]}}