{"id":458193,"date":"2021-06-23T17:56:44","date_gmt":"2021-06-23T15:56:44","guid":{"rendered":"https:\/\/hashtag.al\/?p=458193"},"modified":"2021-06-23T18:00:07","modified_gmt":"2021-06-23T16:00:07","slug":"merkel-kritikon-ashper-projektligjin-anti-lgbt-te-hungarise-seshte-ne-perputhje-me-ideta-e-mia","status":"publish","type":"post","link":"https:\/\/www.hashtag.al\/index.php\/2021\/06\/23\/merkel-kritikon-ashper-projektligjin-anti-lgbt-te-hungarise-seshte-ne-perputhje-me-ideta-e-mia\/","title":{"rendered":"Merkel kritikon ashp\u00ebr projektligjin anti-LGBT t\u00eb Hungaris\u00eb: S\u2019\u00ebsht\u00eb n\u00eb p\u00ebrputhje me ideta e mia","gt_translate_keys":[{"key":"rendered","format":"text"}]},"content":{"rendered":"<p><img loading=\"lazy\" decoding=\"async\" class=\"aligncenter wp-image-458194 size-full\" src=\"https:\/\/hashtag.al\/wp-content\/uploads\/2021\/06\/merkelorban2.jpg\" alt=\"\" width=\"5568\" height=\"3712\" srcset=\"https:\/\/www.hashtag.al\/wp-content\/uploads\/2021\/06\/merkelorban2.jpg 5568w, https:\/\/www.hashtag.al\/wp-content\/uploads\/2021\/06\/merkelorban2-300x200.jpg 300w, https:\/\/www.hashtag.al\/wp-content\/uploads\/2021\/06\/merkelorban2-768x512.jpg 768w, https:\/\/www.hashtag.al\/wp-content\/uploads\/2021\/06\/merkelorban2-1024x683.jpg 1024w\" sizes=\"auto, (max-width: 5568px) 100vw, 5568px\" \/><\/p>\n<p><span style=\"color: #000000;\">Kancelarja gjermane Angela Merkel ka kritikuar t\u00eb m\u00ebrkur\u00ebn ligjin e ri t\u00eb planifikuar t\u00eb Hungaris\u00eb p\u00ebr t\u00eb ndaluar shp\u00ebrndarjen e materialeve n\u00eb shkolla p\u00ebr homoseksualitetin dhe ndryshimin e gjinis\u00eb.<\/span><\/p>\n<p><span style=\"color: #000000;\"><em>&#8220;Un\u00eb mendoj se ky ligj \u00ebsht\u00eb i gabuar dhe gjithashtu nuk \u00ebsht\u00eb n\u00eb p\u00ebrputhje me idet\u00eb e mia.&#8221;<\/em> &#8211; i tha Merkel dhom\u00ebs s\u00eb ul\u00ebt t\u00eb parlamentit t\u00eb Bundestag, duke shtuar q\u00eb projektligji ishte di\u00e7ka q\u00eb ajo e kund\u00ebrshtonte politikisht, shkruan <span style=\"color: #0000ff;\">Reuters<\/span>.<\/span><\/p>\n<p><span style=\"color: #000000;\">M\u00eb her\u00ebt t\u00eb nj\u00ebjtin vendim ka mbajtur edhe shefja e Komisionit Europian, Ursula von der Leyen e cila tha se Brukseli ishte kategorikisht kund\u00ebr projektligit hungarez duke k\u00ebrc\u00ebnuar me \u2018hakmarrje\u2019.<\/span><\/p>\n<p><span style=\"color: #000000;\">P\u00ebrgatiti p\u00ebr <span style=\"color: #0000ff;\">Hashtag.al<\/span>, Klodian Manjani<\/span><\/p>\n","protected":false,"gt_translate_keys":[{"key":"rendered","format":"html"}]},"excerpt":{"rendered":"<p>Kancelarja gjermane Angela Merkel ka kritikuar t\u00eb m\u00ebrkur\u00ebn ligjin e ri t\u00eb planifikuar t\u00eb Hungaris\u00eb p\u00ebr t\u00eb ndaluar shp\u00ebrndarjen e materialeve n\u00eb shkolla p\u00ebr homoseksualitetin dhe ndryshimin e gjinis\u00eb. &#8220;Un\u00eb mendoj se ky ligj \u00ebsht\u00eb i gabuar dhe gjithashtu nuk \u00ebsht\u00eb n\u00eb p\u00ebrputhje me idet\u00eb e mia.&#8221; &#8211; i tha Merkel dhom\u00ebs s\u00eb ul\u00ebt t\u00eb [&hellip;]<\/p>\n","protected":false,"gt_translate_keys":[{"key":"rendered","format":"html"}]},"author":51,"featured_media":458194,"comment_status":"open","ping_status":"open","sticky":false,"template":"","format":"standard","meta":{"footnotes":""},"categories":[6],"tags":[],"class_list":["post-458193","post","type-post","status-publish","format-standard","has-post-thumbnail","hentry","category-nderkombetare"],"gt_translate_keys":[{"key":"link","format":"url"}],"_links":{"self":[{"href":"https:\/\/www.hashtag.al\/index.php\/wp-json\/wp\/v2\/posts\/458193","targetHints":{"allow":["GET"]}}],"collection":[{"href":"https:\/\/www.hashtag.al\/index.php\/wp-json\/wp\/v2\/posts"}],"about":[{"href":"https:\/\/www.hashtag.al\/index.php\/wp-json\/wp\/v2\/types\/post"}],"author":[{"embeddable":true,"href":"https:\/\/www.hashtag.al\/index.php\/wp-json\/wp\/v2\/users\/51"}],"replies":[{"embeddable":true,"href":"https:\/\/www.hashtag.al\/index.php\/wp-json\/wp\/v2\/comments?post=458193"}],"version-history":[{"count":0,"href":"https:\/\/www.hashtag.al\/index.php\/wp-json\/wp\/v2\/posts\/458193\/revisions"}],"wp:featuredmedia":[{"embeddable":true,"href":"https:\/\/www.hashtag.al\/index.php\/wp-json\/wp\/v2\/media\/458194"}],"wp:attachment":[{"href":"https:\/\/www.hashtag.al\/index.php\/wp-json\/wp\/v2\/media?parent=458193"}],"wp:term":[{"taxonomy":"category","embeddable":true,"href":"https:\/\/www.hashtag.al\/index.php\/wp-json\/wp\/v2\/categories?post=458193"},{"taxonomy":"post_tag","embeddable":true,"href":"https:\/\/www.hashtag.al\/index.php\/wp-json\/wp\/v2\/tags?post=458193"}],"curies":[{"name":"wp","href":"https:\/\/api.w.org\/{rel}","templated":true}]}}