{"id":458190,"date":"2021-06-23T17:43:51","date_gmt":"2021-06-23T15:43:51","guid":{"rendered":"https:\/\/hashtag.al\/?p=458190"},"modified":"2021-06-23T17:43:51","modified_gmt":"2021-06-23T15:43:51","slug":"pd-akuzon-ramen-kapi-ama-n-duke-emeruar-ne-bord-zedhenesen-e-tij-i-mori-vendin-opozites","status":"publish","type":"post","link":"https:\/\/www.hashtag.al\/index.php\/2021\/06\/23\/pd-akuzon-ramen-kapi-ama-n-duke-emeruar-ne-bord-zedhenesen-e-tij-i-mori-vendin-opozites\/","title":{"rendered":"PD akuzon Ram\u00ebn: Kapi AMA-n duke em\u00ebruar n\u00eb bord z\u00ebdh\u00ebn\u00ebsen e tij, i mori vendin opozit\u00ebs","gt_translate_keys":[{"key":"rendered","format":"text"}]},"content":{"rendered":"<p><img loading=\"lazy\" decoding=\"async\" class=\"aligncenter size-full wp-image-458191\" src=\"https:\/\/hashtag.al\/wp-content\/uploads\/2021\/06\/albanavokshi.jpg\" alt=\"\" width=\"900\" height=\"600\" srcset=\"https:\/\/www.hashtag.al\/wp-content\/uploads\/2021\/06\/albanavokshi.jpg 900w, https:\/\/www.hashtag.al\/wp-content\/uploads\/2021\/06\/albanavokshi-300x200.jpg 300w, https:\/\/www.hashtag.al\/wp-content\/uploads\/2021\/06\/albanavokshi-768x512.jpg 768w\" sizes=\"auto, (max-width: 900px) 100vw, 900px\" \/><\/p>\n<p><span style=\"color: #000000;\">Partia Demokratike ka denoncuar em\u00ebrimin e z\u00ebdh\u00ebn\u00ebses s\u00eb kryeministrit Rama si kryetare e Autoritetit t\u00eb Medias Audiovizive. <\/span><\/p>\n<p><span style=\"color: #000000;\">Sipas depuetetes s\u00eb zgjedhur Albana Vokshi, em\u00ebrimi n\u00eb AMA \u00ebsht\u00eb b\u00ebr\u00eb n\u00eb kund\u00ebrshtim me ligjin dhe nga parlamenti nj\u00ebpartiak, duke marr\u00eb vendin q\u00eb i takon opozit\u00ebs n\u00eb bordin e AMA-s. <\/span><\/p>\n<p><span style=\"color: #000000;\">Vokshi thekson ky veprim godet lirin\u00eb\u00a0 e medias duke e kthyer institucionin n\u00eb fjal\u00eb n\u00eb zgjatimin e partis\u00eb-shtet. <\/span><\/p>\n<p><span style=\"color: #000000;\">N\u00eb fund ajo b\u00ebn thirrje q\u00eb ky veprim antiligjor e antidemokratik t\u00eb ndalet menj\u00ebher\u00eb.<\/span><\/p>\n<p><span style=\"color: #000000;\"><strong>Deklarata e Vokshit<\/strong><\/span><\/p>\n<p><span style=\"color: #000000;\"><em>&#8220;Sot \u00ebsht\u00eb nj\u00eb tjet\u00ebr dit\u00eb e zez\u00eb p\u00ebr demokracin\u00eb shqiptare.<\/em><\/span><\/p>\n<p><span style=\"color: #000000;\"><em>Pas masakr\u00ebs zgjedhore, me t\u00eb cil\u00ebn Rama-Doshi vodh\u00eb t\u00eb drejt\u00ebn e qytetar\u00ebve p\u00ebr t\u00eb zgjedhur t\u00eb lir\u00eb nj\u00eb t\u00eb ardhme m\u00eb t\u00eb mir\u00eb p\u00ebr familjet e tyre, regjimi hodhi hapin e radh\u00ebs kund\u00ebr demokracis\u00eb, duke goditur edhe nj\u00eb her\u00eb lirin\u00eb e medias. Autoriteti i Medias Audiovizive, nj\u00eb institucion q\u00eb sipas ligjit duhet t\u00eb jet\u00eb i pavarur, po i jepet n\u00eb dor\u00eb Kryeministrit dhe regjimit t\u00eb tij q\u00eb nuk e fsheh armiq\u00ebsin\u00eb ndaj liris\u00eb s\u00eb medias.<\/em><\/span><\/p>\n<p><span style=\"color: #000000;\"><em>Parlamenti nj\u00ebpartiak, me mandat t\u00eb p\u00ebrfunduar, e q\u00eb nuk p\u00ebrfaq\u00ebson vullnetin e qytetar\u00ebve shqiptar\u00eb, p\u00ebrmes Komisionit t\u00eb Medias, n\u00eb munges\u00eb t\u00eb opozit\u00ebs reale, ka shkelur n\u00eb m\u00ebnyr\u00eb flagrante nenet q\u00eb p\u00ebrcaktojn\u00eb procedur\u00ebn dhe zgjedhjen e kryetarit dhe an\u00ebtar\u00ebve t\u00eb Autoritetit t\u00eb Mediave Audiovizive. <\/em><\/span><\/p>\n<p><span style=\"color: #000000;\"><em>N\u00eb gar\u00ebn p\u00ebr kreun e AMAs, me pseudokandidat\u00eb n\u00ebpun\u00ebs shtet\u00ebrore pa asnj\u00eb eksperienc\u00eb n\u00eb fush\u00ebn e medias apo fushat q\u00eb p\u00ebrcakton ligji, n\u00eb shkelje t\u00eb afateve ligjore, Edi Rama ka paracaktuar z\u00ebdh\u00ebn\u00ebsen e tij dhe te PS p\u00ebr k\u00ebt\u00eb post. <\/em><\/span><\/p>\n<p><span style=\"color: #000000;\"><em>Edi Rama, urdh\u00ebroi kandidatet e list\u00ebs s\u00eb PS n\u00eb zgjedhjet e fundit, n\u00eb Komisionin Parlamentar t\u0113 Medias, t\u00eb votonin p\u00ebr Armela Krasniqin duke shkelur hapur ligjin dhe specifikisht nenin 7 dhe 8 q\u00eb p\u00ebrcaktojn\u00eb papajtueshm\u00ebrin\u00eb dhe konfliktin e interesave.<\/em><\/span><\/p>\n<p><span style=\"color: #000000;\"><em>E paprecedent\u00eb procedura e ndjekur p\u00ebr t\u00eb rr\u00ebmbyer vendet e opozit\u00ebs n\u00eb bordin e AMA-s, n\u00eb shkelje t\u00eb legjislacionit aktual, t\u00eb Ligjit p\u00ebr Mediat Audiovizive, e n\u00eb kund\u00ebrshtim t\u00eb hapur me rekomandimet e Komisionit t\u00eb Venecias.<\/em><\/span><\/p>\n<p><span style=\"color: #000000;\"><em>Ky akt godet n\u00eb zem\u00ebr lirin\u00eb e medias, duke e kthyer k\u00ebt\u00eb institucion n\u00eb zgjatimin e partis\u00eb shtet, nd\u00ebrsa rolin e drejtuesit t\u00eb tij e nj\u00ebson me at\u00eb t\u00eb z\u00ebdh\u00ebn\u00ebsit t\u00eb regjimit Rama-Doshi.<\/em><\/span><\/p>\n<p><span style=\"color: #000000;\"><em>Me k\u00ebt\u00eb akt antidemokratik kund\u00ebr liris\u00eb s\u00eb medias, regjimi Edi Rama k\u00ebrkon ta p\u00ebrdor\u00eb AMA si gjykat\u00ebn e gazetar\u00ebve, organin e censur\u00ebs, q\u00eb do kontrolloj\u00eb jo vet\u00ebm platformat televizive, por edhe portalet e mediave on line. Ky organ censure do t\u00eb p\u00ebrdoret p\u00ebr t\u00eb implementuar fam\u00ebkeqen paket\u00eb t\u00eb censur\u00ebs s\u00eb medias p\u00ebr t\u00eb ushtruar presion, shantazhuar, mbyllur goj\u00ebn kujtdo medie apo gazetari q\u00eb do t\u00eb guxoj\u00eb t\u00eb denoncoj\u00eb vjedhjen e zgjedhjeve, korrupsionin qeveritar dhe bashk\u00ebpunimin e pushtetit me krimin dhe oligarkin\u00eb.<\/em><\/span><\/p>\n<p><span style=\"color: #000000;\"><em>Sot, \u00e7do shqiptar q\u00eb k\u00ebrkon nj\u00eb Shqip\u00ebri m\u00eb demokratike, nj\u00eb Shqip\u00ebri m\u00eb pran\u00eb Bashkimit Europian duhet t\u00eb jet\u00eb i shqet\u00ebsuar, sepse me k\u00ebt\u00eb akt kund\u00ebr liris\u00eb s\u00eb medias, kund\u00ebr institucioneve t\u00eb pavarura, demokracia \u00ebsht\u00eb edhe m\u00eb e rrezikuar, nd\u00ebrsa Bashkimi Europian do t\u00eb mbetet nj\u00eb destinacion politik edhe m\u00eb i larg\u00ebt.<\/em><\/span><\/p>\n<p><span style=\"color: #000000;\"><em>Sot \u00ebsht\u00eb koha t\u00eb gjith\u00eb t\u00eb reagojn\u00eb!! T\u00eb gjith\u00eb gazetar\u00ebt, mediat, institucionet q\u00eb monitorojn\u00eb lirin\u00eb e shtypit n\u00eb Shqip\u00ebri. Kapja e AMAs paralajm\u00ebron kalimin dhe miratimin n\u00eb parlament edhe t\u00eb paket\u00ebs s\u00eb censur\u00ebs s\u00eb medias online p\u00ebr mbylljen e portaleve online.<\/em><\/span><\/p>\n<p><span style=\"color: #000000;\"><em>Pa media nuk ka demokraci! t\u00eb mos heshtim para se t\u00eb jet\u00eb von\u00eb!<\/em><\/span><\/p>\n<p><span style=\"color: #000000;\"><em>Partia Demokratike k\u00ebrkon q\u00eb t\u00eb ndalet menj\u00ebher\u00eb ky akt antiligjor e antidemokratik i nj\u00eb parlamenti monopartiak.&#8221;<\/em><\/span><\/p>\n","protected":false,"gt_translate_keys":[{"key":"rendered","format":"html"}]},"excerpt":{"rendered":"<p>Partia Demokratike ka denoncuar em\u00ebrimin e z\u00ebdh\u00ebn\u00ebses s\u00eb kryeministrit Rama si kryetare e Autoritetit t\u00eb Medias Audiovizive. Sipas depuetetes s\u00eb zgjedhur Albana Vokshi, em\u00ebrimi n\u00eb AMA \u00ebsht\u00eb b\u00ebr\u00eb n\u00eb kund\u00ebrshtim me ligjin dhe nga parlamenti nj\u00ebpartiak, duke marr\u00eb vendin q\u00eb i takon opozit\u00ebs n\u00eb bordin e AMA-s. Vokshi thekson ky veprim godet lirin\u00eb\u00a0 e medias [&hellip;]<\/p>\n","protected":false,"gt_translate_keys":[{"key":"rendered","format":"html"}]},"author":51,"featured_media":458191,"comment_status":"open","ping_status":"open","sticky":false,"template":"","format":"standard","meta":{"footnotes":""},"categories":[65,13],"tags":[],"class_list":["post-458190","post","type-post","status-publish","format-standard","has-post-thumbnail","hentry","category-lajme","category-te-fundit"],"gt_translate_keys":[{"key":"link","format":"url"}],"_links":{"self":[{"href":"https:\/\/www.hashtag.al\/index.php\/wp-json\/wp\/v2\/posts\/458190","targetHints":{"allow":["GET"]}}],"collection":[{"href":"https:\/\/www.hashtag.al\/index.php\/wp-json\/wp\/v2\/posts"}],"about":[{"href":"https:\/\/www.hashtag.al\/index.php\/wp-json\/wp\/v2\/types\/post"}],"author":[{"embeddable":true,"href":"https:\/\/www.hashtag.al\/index.php\/wp-json\/wp\/v2\/users\/51"}],"replies":[{"embeddable":true,"href":"https:\/\/www.hashtag.al\/index.php\/wp-json\/wp\/v2\/comments?post=458190"}],"version-history":[{"count":0,"href":"https:\/\/www.hashtag.al\/index.php\/wp-json\/wp\/v2\/posts\/458190\/revisions"}],"wp:featuredmedia":[{"embeddable":true,"href":"https:\/\/www.hashtag.al\/index.php\/wp-json\/wp\/v2\/media\/458191"}],"wp:attachment":[{"href":"https:\/\/www.hashtag.al\/index.php\/wp-json\/wp\/v2\/media?parent=458190"}],"wp:term":[{"taxonomy":"category","embeddable":true,"href":"https:\/\/www.hashtag.al\/index.php\/wp-json\/wp\/v2\/categories?post=458190"},{"taxonomy":"post_tag","embeddable":true,"href":"https:\/\/www.hashtag.al\/index.php\/wp-json\/wp\/v2\/tags?post=458190"}],"curies":[{"name":"wp","href":"https:\/\/api.w.org\/{rel}","templated":true}]}}