{"id":458090,"date":"2021-06-23T10:09:17","date_gmt":"2021-06-23T08:09:17","guid":{"rendered":"https:\/\/hashtag.al\/?p=458090"},"modified":"2021-06-23T10:09:17","modified_gmt":"2021-06-23T08:09:17","slug":"vrasja-e-armando-babocit-ne-durres-arrestohet-27-vjecari-qe-u-perfshi-ne-sherr","status":"publish","type":"post","link":"https:\/\/www.hashtag.al\/index.php\/2021\/06\/23\/vrasja-e-armando-babocit-ne-durres-arrestohet-27-vjecari-qe-u-perfshi-ne-sherr\/","title":{"rendered":"Vrasja e Armando Babo\u00e7it n\u00eb Durr\u00ebs, arrestohet 27-vje\u00e7ari q\u00eb u p\u00ebrfshi n\u00eb sherr","gt_translate_keys":[{"key":"rendered","format":"text"}]},"content":{"rendered":"<p><span style=\"color: #000000;\"><strong><a href=\"https:\/\/hashtag.al\/wp-content\/uploads\/2021\/06\/baboci.png\"><img loading=\"lazy\" decoding=\"async\" class=\"aligncenter size-full wp-image-458091\" src=\"https:\/\/hashtag.al\/wp-content\/uploads\/2021\/06\/baboci.png\" alt=\"\" width=\"640\" height=\"402\" srcset=\"https:\/\/www.hashtag.al\/wp-content\/uploads\/2021\/06\/baboci.png 640w, https:\/\/www.hashtag.al\/wp-content\/uploads\/2021\/06\/baboci-300x188.png 300w\" sizes=\"auto, (max-width: 640px) 100vw, 640px\" \/><\/a><\/strong><\/span><\/p>\n<p><span style=\"color: #000000;\">Policia e Durr\u00ebsit ka arrestuar nj\u00eb 27-vje\u00e7ar, i cili dyshohet si i p\u00ebrfshir\u00eb n\u00eb sherrin ku mbeti i vrar\u00eb Armando Babo\u00e7i, ngjarje e ndodhur n\u00eb muajin shtator t\u00eb 2020.<\/span><\/p>\n<p><span style=\"color: #000000;\">M\u00ebsohet se i arrestuari \u00ebsht\u00eb 27-vje\u00e7ari Anxhelo Bo\u00e7i, i cili akuzohet p\u00ebr vrasje me paramendim dhe arm\u00ebmbajtje pa leje.<\/span><\/p>\n<p><span style=\"color: #000000;\">Sipas uniformave blu, ai ishte i p\u00ebrfshir\u00eb n\u00eb sherrin ku mbeti i vrar\u00eb Armando Babo\u00e7i dhe u plagos\u00ebn djali i tij, Erald Gjini si dhe Enrik Tatazi.<\/span><\/p>\n<p><span style=\"color: #000000;\">Sherri mes tyre nisi n\u00eb nj\u00eb berberhane n\u00eb qytetin bregdetar ku m\u00eb pas situata degjeneroi n\u00eb sherr masiv me sende t\u00eb forta dhe p\u00ebrdorimin e arm\u00ebve.<\/span><\/p>\n<p><span style=\"color: #000000;\"><strong>Njoftimi i policis\u00eb:<\/strong><\/span><\/p>\n<p><span style=\"color: #000000;\">Vijon puna p\u00ebr kapjen e personave t\u00eb shpallur n\u00eb k\u00ebrkim komb\u00ebtar.<\/span><\/p>\n<p><span style=\"color: #000000;\">Bie n\u00eb prangat e Policis\u00eb nj\u00eb 27-vje\u00e7ar i shpallur n\u00eb k\u00ebrkim p\u00ebr veprat penale \u201cVrasja me paramendim\u201d kryer n\u00eb bashk\u00ebpunim dhe \u201cArm\u00ebmbajtja pa leje\u201d.<\/span><\/p>\n<p><span style=\"color: #000000;\">Strukturat e Drejtoris\u00eb Vendore t\u00eb Policis\u00eb Durr\u00ebs, n\u00eb vijim t\u00eb pun\u00ebs p\u00ebr zbardhjen e plot\u00eb t\u00eb ngjarjeve t\u00eb ndodhura m\u00eb par\u00eb dhe kapjen e personave t\u00eb shpallur n\u00eb k\u00ebrkim, me q\u00ebllim v\u00ebnien e tyre para p\u00ebrgjegj\u00ebsis\u00eb ligjore, ndaluan shtetasin:<\/span><\/p>\n<p><span style=\"color: #000000;\">A.B., 27 vje\u00e7, banues n\u00eb Tiran\u00eb. Ky shtetas dyshohet se \u00ebsht\u00eb i p\u00ebrfshir\u00eb n\u00eb ngjarjen e ndodhur m\u00eb dat\u00eb 18.09.2020, n\u00eb lagjen nr. 13, Plazh, Durr\u00ebs, ku pas nj\u00eb konflikti t\u00eb \u00e7astit me mjete t\u00eb forta dhe m\u00eb pas me arm\u00eb zjarri mbet\u00ebn t\u00eb plagosur shtetasit E. Gj., 19 vje\u00e7, H. T., 23 vje\u00e7 dhe shtetasi A. B. (Gj)., 39 vje\u00e7, i cili si pasoj\u00eb e plag\u00ebve t\u00eb marra nd\u00ebrroi jet\u00eb n\u00eb Spitalin Rajonal Durr\u00ebs.<\/span><\/p>\n<p><span style=\"color: #000000;\">Materialet i kaluan Prokuroris\u00eb s\u00eb Rrethit Gjyq\u00ebsor Durr\u00ebs, p\u00ebr veprime t\u00eb m\u00ebtejshme.<\/span><\/p>\n<p>&nbsp;<\/p>\n","protected":false,"gt_translate_keys":[{"key":"rendered","format":"html"}]},"excerpt":{"rendered":"<p>Policia e Durr\u00ebsit ka arrestuar nj\u00eb 27-vje\u00e7ar, i cili dyshohet si i p\u00ebrfshir\u00eb n\u00eb sherrin ku mbeti i vrar\u00eb Armando Babo\u00e7i, ngjarje e ndodhur n\u00eb muajin shtator t\u00eb 2020. M\u00ebsohet se i arrestuari \u00ebsht\u00eb 27-vje\u00e7ari Anxhelo Bo\u00e7i, i cili akuzohet p\u00ebr vrasje me paramendim dhe arm\u00ebmbajtje pa leje. Sipas uniformave blu, ai ishte i p\u00ebrfshir\u00eb [&hellip;]<\/p>\n","protected":false,"gt_translate_keys":[{"key":"rendered","format":"html"}]},"author":30,"featured_media":458091,"comment_status":"open","ping_status":"open","sticky":false,"template":"","format":"standard","meta":{"footnotes":""},"categories":[65,13],"tags":[],"class_list":["post-458090","post","type-post","status-publish","format-standard","has-post-thumbnail","hentry","category-lajme","category-te-fundit"],"gt_translate_keys":[{"key":"link","format":"url"}],"_links":{"self":[{"href":"https:\/\/www.hashtag.al\/index.php\/wp-json\/wp\/v2\/posts\/458090","targetHints":{"allow":["GET"]}}],"collection":[{"href":"https:\/\/www.hashtag.al\/index.php\/wp-json\/wp\/v2\/posts"}],"about":[{"href":"https:\/\/www.hashtag.al\/index.php\/wp-json\/wp\/v2\/types\/post"}],"author":[{"embeddable":true,"href":"https:\/\/www.hashtag.al\/index.php\/wp-json\/wp\/v2\/users\/30"}],"replies":[{"embeddable":true,"href":"https:\/\/www.hashtag.al\/index.php\/wp-json\/wp\/v2\/comments?post=458090"}],"version-history":[{"count":0,"href":"https:\/\/www.hashtag.al\/index.php\/wp-json\/wp\/v2\/posts\/458090\/revisions"}],"wp:featuredmedia":[{"embeddable":true,"href":"https:\/\/www.hashtag.al\/index.php\/wp-json\/wp\/v2\/media\/458091"}],"wp:attachment":[{"href":"https:\/\/www.hashtag.al\/index.php\/wp-json\/wp\/v2\/media?parent=458090"}],"wp:term":[{"taxonomy":"category","embeddable":true,"href":"https:\/\/www.hashtag.al\/index.php\/wp-json\/wp\/v2\/categories?post=458090"},{"taxonomy":"post_tag","embeddable":true,"href":"https:\/\/www.hashtag.al\/index.php\/wp-json\/wp\/v2\/tags?post=458090"}],"curies":[{"name":"wp","href":"https:\/\/api.w.org\/{rel}","templated":true}]}}