{"id":457827,"date":"2021-06-21T20:56:23","date_gmt":"2021-06-21T18:56:23","guid":{"rendered":"https:\/\/hashtag.al\/?p=457827"},"modified":"2021-06-21T20:56:23","modified_gmt":"2021-06-21T18:56:23","slug":"spanja-avancon-planet-per-faljen-e-separatisteve-katalanas","status":"publish","type":"post","link":"https:\/\/www.hashtag.al\/index.php\/2021\/06\/21\/spanja-avancon-planet-per-faljen-e-separatisteve-katalanas\/","title":{"rendered":"Spanja avancon planet p\u00ebr faljen e separatist\u00ebve katalanas","gt_translate_keys":[{"key":"rendered","format":"text"}]},"content":{"rendered":"<p><span style=\"color: #000000;\"><img loading=\"lazy\" decoding=\"async\" class=\"aligncenter size-full wp-image-457828\" src=\"https:\/\/hashtag.al\/wp-content\/uploads\/2021\/06\/katalonje.jpg\" alt=\"\" width=\"976\" height=\"549\" srcset=\"https:\/\/www.hashtag.al\/wp-content\/uploads\/2021\/06\/katalonje.jpg 976w, https:\/\/www.hashtag.al\/wp-content\/uploads\/2021\/06\/katalonje-300x169.jpg 300w, https:\/\/www.hashtag.al\/wp-content\/uploads\/2021\/06\/katalonje-768x432.jpg 768w\" sizes=\"auto, (max-width: 976px) 100vw, 976px\" \/><\/span><\/p>\n<p><span style=\"color: #000000;\">Kryeministri spanjoll Pedro S\u00e1nchez ka konfirmuar planet p\u00ebr faljen e separatist\u00ebve katalanas k\u00ebt\u00eb jav\u00eb.<\/span><\/p>\n<p><span style=\"color: #000000;\">N\u00ebnt\u00eb udh\u00ebheq\u00ebs u burgos\u00ebn p\u00ebr kryengritje mbi nj\u00eb p\u00ebrpjekje t\u00eb d\u00ebshtuar t\u00eb pavar\u00ebsis\u00eb n\u00eb 2017. Tre t\u00eb tjer\u00eb u shpall\u00ebn fajtor\u00eb p\u00ebr mosbindje por jo t\u00eb burgosur.<\/span><\/p>\n<p><span style=\"color: #000000;\">Faljet e tyre do t\u00eb d\u00ebrgohen n\u00eb kabinet t\u00eb mart\u00ebn.<\/span><\/p>\n<p><span style=\"color: #000000;\">Dhjet\u00ebra mij\u00ebra njer\u00ebz protestuan kund\u00ebr planeve m\u00eb par\u00eb k\u00ebt\u00eb muaj, por qeveria thot\u00eb se masa do t\u00eb ndihmoj\u00eb qet\u00ebsimin e tensioneve mbi Katalonj\u00ebn.<\/span><\/p>\n<p><span style=\"color: #000000;\">P\u00ebrpjekja e rajonit gjysm\u00eb-autonom p\u00ebr pavar\u00ebsi gati kat\u00ebr vjet m\u00eb par\u00eb e zhyti Spanj\u00ebn n\u00eb kriz\u00ebn e saj m\u00eb t\u00eb madhe politike n\u00eb 40 vjet.<\/span><\/p>\n<p><span style=\"color: #000000;\">Kund\u00ebrshtar\u00ebt, megjithat\u00eb, kan\u00eb akuzuar qeverin\u00eb Spanjolle se po p\u00ebrdor planet p\u00ebr t\u00eb fituar mb\u00ebshtetje politike.<\/span><\/p>\n<p><span style=\"color: #000000;\">&#8220;<em>Nes\u00ebr, i udh\u00ebhequr nga kjo frym\u00eb kushtetuese e faljes, un\u00eb do t\u00eb propozoj q\u00eb kabineti t\u00eb miratoj\u00eb faljen<\/em>,&#8221; njoftoi S\u00e1nchez gjat\u00eb nj\u00eb fjalimi n\u00eb Barcelona t\u00eb h\u00ebn\u00ebn.<\/span><\/p>\n<p><span style=\"color: #000000;\">&#8220;<em>P\u00ebr t\u00eb arritur nj\u00eb marr\u00ebveshje dikush duhet t\u00eb b\u00ebj\u00eb pothuajse gjithmon\u00eb hapin e par\u00eb<\/em>,&#8221; tha ai. &#8220;<em>Qeveria Spanjolle do ta nd\u00ebrmarr\u00eb at\u00eb hap tani.&#8221;<\/em><\/span><\/p>\n<p><span style=\"color: #000000;\">Kund\u00ebrshtimi ndaj vendimit ka qen\u00eb i p\u00ebrhapur, me nj\u00eb sondazh t\u00eb fundit p\u00ebr gazet\u00ebn Spanjolle El Mundo q\u00eb zbulon se rreth 61% e njer\u00ebzve ishin kund\u00ebr faljes s\u00eb udh\u00ebheq\u00ebsve separatist.<\/span><\/p>\n","protected":false,"gt_translate_keys":[{"key":"rendered","format":"html"}]},"excerpt":{"rendered":"<p>Kryeministri spanjoll Pedro S\u00e1nchez ka konfirmuar planet p\u00ebr faljen e separatist\u00ebve katalanas k\u00ebt\u00eb jav\u00eb. N\u00ebnt\u00eb udh\u00ebheq\u00ebs u burgos\u00ebn p\u00ebr kryengritje mbi nj\u00eb p\u00ebrpjekje t\u00eb d\u00ebshtuar t\u00eb pavar\u00ebsis\u00eb n\u00eb 2017. Tre t\u00eb tjer\u00eb u shpall\u00ebn fajtor\u00eb p\u00ebr mosbindje por jo t\u00eb burgosur. Faljet e tyre do t\u00eb d\u00ebrgohen n\u00eb kabinet t\u00eb mart\u00ebn. Dhjet\u00ebra mij\u00ebra njer\u00ebz protestuan [&hellip;]<\/p>\n","protected":false,"gt_translate_keys":[{"key":"rendered","format":"html"}]},"author":32,"featured_media":457828,"comment_status":"open","ping_status":"open","sticky":false,"template":"","format":"standard","meta":{"footnotes":""},"categories":[6,13],"tags":[],"class_list":["post-457827","post","type-post","status-publish","format-standard","has-post-thumbnail","hentry","category-nderkombetare","category-te-fundit"],"gt_translate_keys":[{"key":"link","format":"url"}],"_links":{"self":[{"href":"https:\/\/www.hashtag.al\/index.php\/wp-json\/wp\/v2\/posts\/457827","targetHints":{"allow":["GET"]}}],"collection":[{"href":"https:\/\/www.hashtag.al\/index.php\/wp-json\/wp\/v2\/posts"}],"about":[{"href":"https:\/\/www.hashtag.al\/index.php\/wp-json\/wp\/v2\/types\/post"}],"author":[{"embeddable":true,"href":"https:\/\/www.hashtag.al\/index.php\/wp-json\/wp\/v2\/users\/32"}],"replies":[{"embeddable":true,"href":"https:\/\/www.hashtag.al\/index.php\/wp-json\/wp\/v2\/comments?post=457827"}],"version-history":[{"count":0,"href":"https:\/\/www.hashtag.al\/index.php\/wp-json\/wp\/v2\/posts\/457827\/revisions"}],"wp:featuredmedia":[{"embeddable":true,"href":"https:\/\/www.hashtag.al\/index.php\/wp-json\/wp\/v2\/media\/457828"}],"wp:attachment":[{"href":"https:\/\/www.hashtag.al\/index.php\/wp-json\/wp\/v2\/media?parent=457827"}],"wp:term":[{"taxonomy":"category","embeddable":true,"href":"https:\/\/www.hashtag.al\/index.php\/wp-json\/wp\/v2\/categories?post=457827"},{"taxonomy":"post_tag","embeddable":true,"href":"https:\/\/www.hashtag.al\/index.php\/wp-json\/wp\/v2\/tags?post=457827"}],"curies":[{"name":"wp","href":"https:\/\/api.w.org\/{rel}","templated":true}]}}