{"id":457705,"date":"2021-06-21T11:17:01","date_gmt":"2021-06-21T09:17:01","guid":{"rendered":"https:\/\/hashtag.al\/?p=457705"},"modified":"2021-06-21T11:17:01","modified_gmt":"2021-06-21T09:17:01","slug":"rama-koha-qe-ujesjellesit-perdoreshin-si-vende-pune-per-krushq-e-militante-ka-marre-fund","status":"publish","type":"post","link":"https:\/\/www.hashtag.al\/index.php\/2021\/06\/21\/rama-koha-qe-ujesjellesit-perdoreshin-si-vende-pune-per-krushq-e-militante-ka-marre-fund\/","title":{"rendered":"Rama: Koha q\u00eb uj\u00ebsjell\u00ebsit p\u00ebrdoreshin si vende pune p\u00ebr krushq e militant\u00eb ka marr\u00eb fund","gt_translate_keys":[{"key":"rendered","format":"text"}]},"content":{"rendered":"<p><a href=\"https:\/\/hashtag.al\/wp-content\/uploads\/2021\/06\/rama.png\"><img loading=\"lazy\" decoding=\"async\" class=\"aligncenter size-full wp-image-457706\" src=\"https:\/\/hashtag.al\/wp-content\/uploads\/2021\/06\/rama.png\" alt=\"\" width=\"768\" height=\"439\" srcset=\"https:\/\/www.hashtag.al\/wp-content\/uploads\/2021\/06\/rama.png 768w, https:\/\/www.hashtag.al\/wp-content\/uploads\/2021\/06\/rama-300x171.png 300w\" sizes=\"auto, (max-width: 768px) 100vw, 768px\" \/><\/a><\/p>\n<p><span style=\"color: #000000;\">Kryeministri Edi Rama i cili ishte i pranish\u00ebm n\u00eb inaugurimin e godin\u00ebs s\u00eb re t\u00eb Uj\u00ebsjell\u00ebs- Kanalizimeve, nga ku paralajm\u00ebroi p\u00ebr nj\u00eb reform n\u00eb uj\u00ebsjell\u00ebs.<\/span><\/p>\n<p><span style=\"color: #000000;\">Rama tha se nd\u00ebrmarrjet e uj\u00ebsjell\u00ebsit\u00a0kan\u00eb m\u00eb shum\u00eb borxhe se ato t\u00eb trash\u00ebguara n\u00eb OSHEE para se niste reforma. Po ashtu, kryeministri Rama tha se koha q\u00eb k\u00ebto nd\u00ebrmarrje shfryt\u00ebzohen si instrumente pun\u00ebsimi ka marr\u00eb fund.<\/span><\/p>\n<p><span style=\"color: #000000;\"><em>\u201cK\u00ebto nd\u00ebrmarrje kan\u00eb qen\u00eb instrumente p\u00ebr t\u00eb pun\u00ebsuar n\u00eb shtet, krushq, kush\u00ebrinj, militant\u00eb, e jo duke vler\u00ebsuar r\u00ebnd\u00ebsin\u00eb e nd\u00ebrmarrjes.<\/em><\/span><\/p>\n<p><span style=\"color: #000000;\"><em>K\u00ebto nd\u00ebrmarrje kan\u00eb shum\u00eb borxhe. N\u00ebse marrim t\u00ebr\u00ebsie e borxheve t\u00eb nd\u00ebrmarrjeve t\u00eb uj\u00ebsjell\u00ebsve, sasia \u00ebsht\u00eb m\u00eb e madhe se sasia e borxheve t\u00eb trash\u00ebguara t\u00eb OSHEE, kur nis\u00ebm reform\u00ebn. Kjo nuk duhet t\u00eb vazhdoj\u00eb k\u00ebshtu!\u201d-<\/em>\u00a0 tha Rama.<\/span><\/p>\n<p><span style=\"color: #000000;\">Ai theksoi se uj\u00ebsjell\u00ebsit s\u2019mund t\u00eb mbahen m\u00eb me buxhetin e shtetit, nd\u00ebrsa n\u00ebnvizoi se duhet t\u00eb shkrihen.<\/span><\/p>\n<p><span style=\"color: #000000;\"><strong>Pjes\u00eb nga fjala e Ram\u00ebs<\/strong><\/span><\/p>\n<p><span style=\"color: #000000;\">\u00cbsht\u00eb nj\u00eb nisje e mir\u00eb e jav\u00ebs, k\u00ebtu n\u00eb Kam\u00ebz, ku si\u00e7 e shihni jemi mbledhur nj\u00eb grup q\u00eb p\u00ebrfaq\u00ebson t\u00eb gjith\u00eb partner\u00ebt q\u00eb ne kemi n\u00eb k\u00ebt\u00eb an\u00eb t\u00eb bot\u00ebs, n\u00eb Europ\u00eb, BE-n\u00eb, qeverin\u00eb e Gjermanis\u00eb dhe at\u00eb Zvicerane, n\u00eb funksion t\u00eb nj\u00eb funksioni madhor dhe jetim p\u00ebr Shqip\u00ebrin\u00eb, q\u00eb \u00ebsht\u00eb furnizimi me uj\u00eb t\u00eb pijsh\u00ebm n\u00eb t\u00eb gjith\u00eb territorin, duke i dh\u00ebn\u00eb fund p\u00ebrgjithmon\u00eb nj\u00eb historie jo vet\u00ebm tre dekadash t\u00eb pluralizmit, por qindra vje\u00e7ar do t\u00eb thosha sepse faktikisht asnj\u00ebher\u00eb n\u00eb historin\u00eb e k\u00ebtij vendi, furnizimi me uj\u00eb t\u00eb pijsh\u00ebm s\u2019ka qen\u00eb i siguruar p\u00ebr qytetar\u00ebt. Sot, faktikisht ne kemi mbi 100 kantiere n\u00eb territor, ku punuar p\u00ebr sisteme t\u00eb reja, p\u00ebr sisteme t\u00eb integruara dhe nj\u00eb pjes\u00eb e konsiderueshme t\u00eb tyre me partner\u00ebt e tanish\u00ebm. Duke pasur parasysh q\u00eb k\u00ebto investime jan\u00eb investime n\u00eb sisteme t\u00eb paprekura, nga vitet 70-\u00eb 80-\u00eb. Edhe n\u00eb ato vite, furnizimi me uj\u00eb nuk mbulonin furnizimin me uj\u00eb 24 or\u00eb.<\/span><\/p>\n<p><span style=\"color: #000000;\">\u00cbsht\u00eb mir\u00eb ta kujtojm\u00eb gjithmon\u00eb, sepse \u00ebsht\u00eb e mir\u00ebkuptueshme t\u00eb thon\u00eb q\u00eb akoma me ujin merremi ne n\u00eb vitin 2021, por faktikisht, merremi sepse kjo \u00ebsht\u00eb nj\u00eb pun\u00eb q\u00eb asnj\u00ebher\u00eb m\u00eb par\u00eb nuk u nis, nga A-ja p\u00ebr t\u00eb shkuar te ZH-ja. Faktikisht shum\u00eb fonde n\u00eb koh\u00ebn e trazicionit u cop\u00ebtuan n\u00eb segmente interesash elektorale, duke mos arritur t\u00eb investohet n\u00eb nj\u00eb vizion, program t\u00eb integruar. Kemi humbur shum\u00eb nga k\u00ebto fonde, p\u00ebr faktin q\u00eb kemi l\u00ebn\u00eb krejt sistemin e furnizimit t\u00eb fragmentuar dhe t\u00eb armotizuesh\u00ebm shum\u00eb m\u00eb shpejt se\u00e7 mund t\u00eb ndodhte normalisht. Brenda k\u00ebtij viti do t\u00eb kemi uj\u00eb t\u00eb pijsh\u00ebm n\u00eb nj\u00eb mas\u00eb t\u00eb madhe t\u00eb qyteteve urbane shqiptare, sfida \u00ebsht\u00eb q\u00eb Tirana, Kamza dhe bashkit\u00eb q\u00eb p\u00ebrb\u00ebjn\u00eb ato q\u00eb jan\u00eb monopolet e Shqip\u00ebris\u00eb, investimet jan\u00eb m\u00eb masive dhe do t\u00eb nevojitet pak m\u00eb shum\u00eb koh\u00eb. Dua t\u00eb n\u00ebnvizoj nj\u00eb fakt t\u00eb r\u00ebnd\u00ebsish\u00ebm, sidomos mb\u00ebshtetja e qeveris\u00eb gjermane dhe ajo zvicerane, padyshim dhe e BE.<\/span><\/p>\n<p><span style=\"color: #000000;\">Jan\u00eb ky\u00e7e jo vet\u00ebm n\u00eb aspektin e fondeve, por edhe n\u00eb aspektin e shoq\u00ebrimit t\u00eb k\u00ebtij procesi n\u00eb rritjen e kapacitete. K\u00ebt\u00eb duhet ta themi shum\u00eb qart\u00eb e hapur q\u00eb jemi tep\u00ebr mbrapa, n\u00eb nj\u00eb mas\u00eb t\u00eb madhe nd\u00ebrmarrjet e uj\u00ebsjell\u00ebsve jan\u00eb pjes\u00eb e problemit dhe jo e zgjidhjet, si rezultat i shp\u00ebrfilljes s\u00eb nevojave p\u00ebr nj\u00eb nd\u00ebrmarrjeje p\u00ebr t\u00eb pasur kapacitete teknike dhe burime njer\u00ebzore t\u00eb kualifikuar. Ka pasur progres n\u00eb k\u00ebt\u00eb drejtim, por t\u00eb pap\u00ebrfillsh\u00ebm. K\u00ebto nd\u00ebrmarrje kan\u00eb qen\u00eb instrumente p\u00ebr t\u00eb pun\u00ebsuar n\u00eb shtet, krushq, kush\u00ebrinj, militant\u00eb, e jo duke vler\u00ebsuar r\u00ebnd\u00ebsin\u00eb e nd\u00ebrmarrjes.<\/span><\/p>\n<p><span style=\"color: #000000;\">K\u00ebto nd\u00ebrmarrje kan\u00eb shum\u00eb borxhe. N\u00ebse marrim t\u00ebr\u00ebsie e borxheve t\u00eb nd\u00ebrmarrjeve t\u00eb uj\u00ebsjell\u00ebsve, sasia \u00ebsht\u00eb m\u00eb e madhe se sasia e borxheve t\u00eb trash\u00ebguara t\u00eb OSHEE, kur nis\u00ebm reform\u00ebn. Kjo nuk duhet t\u00eb vazhdoj\u00eb k\u00ebshtu! Nd\u00ebrmarrjet uj\u00ebsjell\u00ebsi duhet t\u00eb jen\u00eb me kapacitete t\u00eb plota q\u00eb e garantojn\u00eb k\u00ebt\u00eb sh\u00ebrbim, n\u00eb k\u00ebt\u00eb aspekt, kemi shum\u00eb shembuj pozitive. K\u00ebshtu q\u00eb besoj q\u00eb nj\u00eb investim q\u00eb arrin n\u00eb total 125.6 milion\u00eb euro, \u00ebsht\u00eb investim masiv q\u00eb nuk mund ta meritoj\u00eb, t\u00eb mbetet n\u00eb duart e paafta, n\u00eb shtratin e mosindiferenc\u00ebs. Kjo gj\u00eb ka krijuar shum\u00eb kosto, si p\u00ebr financat dhe p\u00ebr qytetar\u00ebt. E fundit q\u00eb dua t\u00eb them sot, \u00ebsht\u00eb q\u00eb reforma e ujit, e cila n\u00eb let\u00ebr \u00ebsht\u00eb shum\u00eb e qart\u00eb, ka nevoj\u00eb p\u00ebr nj\u00eb shtytje p\u00ebrpara. Nd\u00ebrmarrjet e uj\u00ebsjell\u00ebsit nuk mund t\u00eb jet\u00eb nd\u00ebrmarrje q\u00eb mbahet miell hua, e k\u00ebtu kam parasysh buxhetin e shtetit. Taksapaguesit nuk kan\u00eb asnj\u00eb detyrim p\u00ebr t\u00eb mbajtur me para nj\u00eb uj\u00ebsjell\u00ebs tjet\u00ebr p\u00ebr shkak t\u00eb mos menaxhimit. Duhet t\u00eb kemi aksioner\u00eb q\u00eb funksionojn\u00eb s\u00eb bashku brenda 1 nd\u00ebrmarrjeje.<\/span><\/p>\n<p><span style=\"color: #000000;\">Nuk kemi pse t\u00eb kemi uj\u00ebsjell\u00ebsa t\u00eb cop\u00ebtuara, mund t\u00eb bashkohet. Kjo s\u2019do t\u00eb thot\u00eb q\u00eb t\u00eb mbyllen k\u00ebto zyra, por do t\u00eb thot\u00eb q\u00eb nd\u00ebrmarrja t\u00eb b\u00ebhet kompani n\u00eb dobi t\u00eb qytetar\u00ebve. Duke i fal\u00ebnderuar nga zemra p\u00ebr prezenc\u00ebn e tyre t\u00eb tre p\u00ebrfaq\u00ebsuesit e k\u00ebtyre entiteteve t\u00eb r\u00ebnd\u00ebsishme dhe duke n\u00ebnvizuar se prania ime k\u00ebtu sot, q\u00eb zakonisht s\u2019i kam qejf k\u00ebto inaugurime, \u00ebsht\u00eb p\u00ebr t\u00eb forcuar k\u00ebt\u00eb partneritet. D\u00ebshiroj t\u2019i uroj t\u00eb gjith\u00ebve pun\u00eb t\u00eb mbar\u00eb dhe besoj q\u00eb me kushtet e reja t\u00eb krijuara i gjith\u00eb ekipi i Kamz\u00ebs do t\u00eb jet\u00eb m\u00eb i motivuar.<\/span><\/p>\n","protected":false,"gt_translate_keys":[{"key":"rendered","format":"html"}]},"excerpt":{"rendered":"<p>Kryeministri Edi Rama i cili ishte i pranish\u00ebm n\u00eb inaugurimin e godin\u00ebs s\u00eb re t\u00eb Uj\u00ebsjell\u00ebs- Kanalizimeve, nga ku paralajm\u00ebroi p\u00ebr nj\u00eb reform n\u00eb uj\u00ebsjell\u00ebs. Rama tha se nd\u00ebrmarrjet e uj\u00ebsjell\u00ebsit\u00a0kan\u00eb m\u00eb shum\u00eb borxhe se ato t\u00eb trash\u00ebguara n\u00eb OSHEE para se niste reforma. Po ashtu, kryeministri Rama tha se koha q\u00eb k\u00ebto nd\u00ebrmarrje shfryt\u00ebzohen [&hellip;]<\/p>\n","protected":false,"gt_translate_keys":[{"key":"rendered","format":"html"}]},"author":30,"featured_media":457706,"comment_status":"open","ping_status":"open","sticky":false,"template":"","format":"standard","meta":{"footnotes":""},"categories":[65,13],"tags":[],"class_list":["post-457705","post","type-post","status-publish","format-standard","has-post-thumbnail","hentry","category-lajme","category-te-fundit"],"gt_translate_keys":[{"key":"link","format":"url"}],"_links":{"self":[{"href":"https:\/\/www.hashtag.al\/index.php\/wp-json\/wp\/v2\/posts\/457705","targetHints":{"allow":["GET"]}}],"collection":[{"href":"https:\/\/www.hashtag.al\/index.php\/wp-json\/wp\/v2\/posts"}],"about":[{"href":"https:\/\/www.hashtag.al\/index.php\/wp-json\/wp\/v2\/types\/post"}],"author":[{"embeddable":true,"href":"https:\/\/www.hashtag.al\/index.php\/wp-json\/wp\/v2\/users\/30"}],"replies":[{"embeddable":true,"href":"https:\/\/www.hashtag.al\/index.php\/wp-json\/wp\/v2\/comments?post=457705"}],"version-history":[{"count":0,"href":"https:\/\/www.hashtag.al\/index.php\/wp-json\/wp\/v2\/posts\/457705\/revisions"}],"wp:featuredmedia":[{"embeddable":true,"href":"https:\/\/www.hashtag.al\/index.php\/wp-json\/wp\/v2\/media\/457706"}],"wp:attachment":[{"href":"https:\/\/www.hashtag.al\/index.php\/wp-json\/wp\/v2\/media?parent=457705"}],"wp:term":[{"taxonomy":"category","embeddable":true,"href":"https:\/\/www.hashtag.al\/index.php\/wp-json\/wp\/v2\/categories?post=457705"},{"taxonomy":"post_tag","embeddable":true,"href":"https:\/\/www.hashtag.al\/index.php\/wp-json\/wp\/v2\/tags?post=457705"}],"curies":[{"name":"wp","href":"https:\/\/api.w.org\/{rel}","templated":true}]}}