{"id":457632,"date":"2021-06-20T20:45:06","date_gmt":"2021-06-20T18:45:06","guid":{"rendered":"https:\/\/hashtag.al\/?p=457632"},"modified":"2021-06-20T20:45:22","modified_gmt":"2021-06-20T18:45:22","slug":"mbyllen-votimet-e-raundit-te-pare-te-zgjedhjeve-lokale-ne-france-pjesemarrja-e-ulet-shenon-rekord","status":"publish","type":"post","link":"https:\/\/www.hashtag.al\/index.php\/2021\/06\/20\/mbyllen-votimet-e-raundit-te-pare-te-zgjedhjeve-lokale-ne-france-pjesemarrja-e-ulet-shenon-rekord\/","title":{"rendered":"Mbyllen votimet e raundit t\u00eb par\u00eb t\u00eb zgjedhjeve lokale n\u00eb Franc\u00eb, pjes\u00ebmarrja e ul\u00ebt sh\u00ebnon rekord","gt_translate_keys":[{"key":"rendered","format":"text"}]},"content":{"rendered":"\n<figure class=\"wp-block-image\"><img loading=\"lazy\" decoding=\"async\" width=\"890\" height=\"534\" src=\"https:\/\/hashtag.al\/wp-content\/uploads\/2021\/06\/zgjedhjet-lokale-france.jpg\" alt=\"\" class=\"wp-image-457633\" srcset=\"https:\/\/www.hashtag.al\/wp-content\/uploads\/2021\/06\/zgjedhjet-lokale-france.jpg 890w, https:\/\/www.hashtag.al\/wp-content\/uploads\/2021\/06\/zgjedhjet-lokale-france-300x180.jpg 300w, https:\/\/www.hashtag.al\/wp-content\/uploads\/2021\/06\/zgjedhjet-lokale-france-768x461.jpg 768w\" sizes=\"auto, (max-width: 890px) 100vw, 890px\" \/><\/figure>\n\n\n<p><span style=\"color: #000000;\">Franca shkoi n\u00eb votime t\u00eb diel\u00ebn n\u00eb raundin e par\u00eb t\u00eb zgjedhjeve lokale, t\u00eb cilat shihen si nj\u00eb zile p\u00ebr gar\u00ebn m\u00eb t\u00eb r\u00ebnd\u00ebsishme t\u00eb vitit t\u00eb ardhsh\u00ebm presidencial, por q\u00eb n\u00eb mas\u00eb t\u00eb madhe nuk arriti t\u00eb mobilizoj\u00eb votuesit &#8211; sondazhet vler\u00ebsuan nivelin e abstenimit n\u00eb m\u00eb shum\u00eb se 66 p\u00ebrqind.<\/span><\/p>\n<p><span style=\"color: #000000;\">Les R\u00e9publicains, partia konservatore e rinovuar nga ish presidenti Nicolas Sarkozy, duket se \u00ebsht\u00eb kryesisht n\u00eb krye, p\u00ebrpara nga Rally National (RN) e s\u00eb djatht\u00ebs ekstreme t\u00eb Marine Le Pen dhe partive t\u00eb qendr\u00ebs dhe t\u00eb majt\u00ebs.<\/span><\/p>\n<p><span style=\"color: #000000;\">Sondazhet e rezultateve treguan se Les R\u00e9publicains mundi RN t\u00eb Le Pen n\u00eb vendin e dyt\u00eb n\u00eb rajonin verior t\u00eb Hauts-de-France. Partia qeveris\u00ebse LREM (La R\u00e9publique en marche) e Presidentit Emmanuel Macron \u00ebsht\u00eb n\u00eb rrezik t\u00eb mos arrij\u00eb pragun prej 10 p\u00ebrqind p\u00ebr t&#8217;u kualifikuar n\u00eb raundin e dyt\u00eb.<\/span><\/p>\n<p><span style=\"color: #000000;\">Rally National e Le Pen udh\u00ebhoqi n\u00eb rajonin Provence-Alpes-C\u00f4te d\u2019Azur af\u00ebr Marsej\u00ebs, me Les R\u00e9publicains n\u00eb vendin e dyt\u00eb, sipas sondazheve.<\/span><\/p>\n<p><span style=\"color: #000000;\">Votuesit po zgjedhin gjithashtu k\u00ebshilltar\u00eb p\u00ebr t\u00eb drejtuar m\u00eb shum\u00eb se 100 departamente t\u00eb Franc\u00ebs, nj\u00eb shtres\u00eb tjet\u00ebr e qeverisjes lokale.<\/span><\/p>\n<p><span style=\"color: #000000;\">Zgjedhjet, t\u00eb cilat pasojn\u00eb nj\u00eb vit e gjysm\u00eb t\u00eb lodhshme t\u00eb bllokimeve dhe kufizimeve, duket se do t\u00eb d\u00ebmtohen nga pjes\u00ebmarrja rekord-e ul\u00ebt midis 66 dhe 68 p\u00ebrqind, sipas sondazheve. Raundi i dyt\u00eb i votimit do t\u00eb zhvillohet n\u00eb 27 Qershor.<\/span><\/p>","protected":false,"gt_translate_keys":[{"key":"rendered","format":"html"}]},"excerpt":{"rendered":"<p>Franca shkoi n\u00eb votime t\u00eb diel\u00ebn n\u00eb raundin e par\u00eb t\u00eb zgjedhjeve lokale, t\u00eb cilat shihen si nj\u00eb zile p\u00ebr gar\u00ebn m\u00eb t\u00eb r\u00ebnd\u00ebsishme t\u00eb vitit t\u00eb ardhsh\u00ebm presidencial, por q\u00eb n\u00eb mas\u00eb t\u00eb madhe nuk arriti t\u00eb mobilizoj\u00eb votuesit &#8211; sondazhet vler\u00ebsuan nivelin e abstenimit n\u00eb m\u00eb shum\u00eb se 66 p\u00ebrqind. Les R\u00e9publicains, partia [&hellip;]<\/p>\n","protected":false,"gt_translate_keys":[{"key":"rendered","format":"html"}]},"author":32,"featured_media":457633,"comment_status":"open","ping_status":"open","sticky":false,"template":"","format":"standard","meta":{"footnotes":""},"categories":[6,13],"tags":[],"class_list":["post-457632","post","type-post","status-publish","format-standard","has-post-thumbnail","hentry","category-nderkombetare","category-te-fundit"],"gt_translate_keys":[{"key":"link","format":"url"}],"_links":{"self":[{"href":"https:\/\/www.hashtag.al\/index.php\/wp-json\/wp\/v2\/posts\/457632","targetHints":{"allow":["GET"]}}],"collection":[{"href":"https:\/\/www.hashtag.al\/index.php\/wp-json\/wp\/v2\/posts"}],"about":[{"href":"https:\/\/www.hashtag.al\/index.php\/wp-json\/wp\/v2\/types\/post"}],"author":[{"embeddable":true,"href":"https:\/\/www.hashtag.al\/index.php\/wp-json\/wp\/v2\/users\/32"}],"replies":[{"embeddable":true,"href":"https:\/\/www.hashtag.al\/index.php\/wp-json\/wp\/v2\/comments?post=457632"}],"version-history":[{"count":0,"href":"https:\/\/www.hashtag.al\/index.php\/wp-json\/wp\/v2\/posts\/457632\/revisions"}],"wp:featuredmedia":[{"embeddable":true,"href":"https:\/\/www.hashtag.al\/index.php\/wp-json\/wp\/v2\/media\/457633"}],"wp:attachment":[{"href":"https:\/\/www.hashtag.al\/index.php\/wp-json\/wp\/v2\/media?parent=457632"}],"wp:term":[{"taxonomy":"category","embeddable":true,"href":"https:\/\/www.hashtag.al\/index.php\/wp-json\/wp\/v2\/categories?post=457632"},{"taxonomy":"post_tag","embeddable":true,"href":"https:\/\/www.hashtag.al\/index.php\/wp-json\/wp\/v2\/tags?post=457632"}],"curies":[{"name":"wp","href":"https:\/\/api.w.org\/{rel}","templated":true}]}}