{"id":457609,"date":"2021-06-20T18:12:17","date_gmt":"2021-06-20T16:12:17","guid":{"rendered":"https:\/\/hashtag.al\/?p=457609"},"modified":"2021-06-20T18:12:35","modified_gmt":"2021-06-20T16:12:35","slug":"verstappen-fiton-garen-e-frances-dhe-merr-kryesimin-e-formula-1","status":"publish","type":"post","link":"https:\/\/www.hashtag.al\/index.php\/2021\/06\/20\/verstappen-fiton-garen-e-frances-dhe-merr-kryesimin-e-formula-1\/","title":{"rendered":"Verstappen fiton gar\u00ebn e Franc\u00ebs dhe merr kryesimin e Formula 1","gt_translate_keys":[{"key":"rendered","format":"text"}]},"content":{"rendered":"\n<figure class=\"wp-block-image\"><img loading=\"lazy\" decoding=\"async\" width=\"976\" height=\"549\" src=\"https:\/\/hashtag.al\/wp-content\/uploads\/2021\/06\/118997313_verstappen.jpg\" alt=\"\" class=\"wp-image-457610\" srcset=\"https:\/\/www.hashtag.al\/wp-content\/uploads\/2021\/06\/118997313_verstappen.jpg 976w, https:\/\/www.hashtag.al\/wp-content\/uploads\/2021\/06\/118997313_verstappen-300x169.jpg 300w, https:\/\/www.hashtag.al\/wp-content\/uploads\/2021\/06\/118997313_verstappen-768x432.jpg 768w\" sizes=\"auto, (max-width: 976px) 100vw, 976px\" \/><\/figure>\n\n\n\n<p style=\"font-size:22px\">Max Verstappen luftoi p\u00ebrs\u00ebri p\u00ebr t\u00eb kaluar Lewis Hamilton dhe p\u00ebr t\u00eb marr\u00eb nj\u00eb fitore t\u00eb shk\u00eblqyeshme n\u00eb Gar\u00ebn e Franc\u00ebs p\u00ebr t\u00eb rritur ep\u00ebrsin\u00eb e tij n\u00eb kampionat.<\/p>\n\n\n\n<p style=\"font-size:22px\">Pas nj\u00eb beteje emocionuese mes dy pretendent\u00ebve p\u00ebr titull\ndhe ekipeve t\u00eb tyre, Verstappen kalon n\u00eb nj\u00eb ep\u00ebrsi t\u00eb kampionatit me 12 pik\u00eb\npas shtat\u00eb garash pas fitores s\u00eb tret\u00eb radhazi t\u00eb Red Bull.<\/p>\n\n\n\n<p style=\"font-size:22px\">Sergio Perez i Red Bull mori pozicionin e fundit t\u00eb podiumit\nnga shoku i skuadr\u00ebs s\u00eb Hamiltonit, Valtteri Bottas.<\/p>\n","protected":false,"gt_translate_keys":[{"key":"rendered","format":"html"}]},"excerpt":{"rendered":"<p>Max Verstappen luftoi p\u00ebrs\u00ebri p\u00ebr t\u00eb kaluar Lewis Hamilton dhe p\u00ebr t\u00eb marr\u00eb nj\u00eb fitore t\u00eb shk\u00eblqyeshme n\u00eb Gar\u00ebn e Franc\u00ebs p\u00ebr t\u00eb rritur ep\u00ebrsin\u00eb e tij n\u00eb kampionat. Pas nj\u00eb beteje emocionuese mes dy pretendent\u00ebve p\u00ebr titull dhe ekipeve t\u00eb tyre, Verstappen kalon n\u00eb nj\u00eb ep\u00ebrsi t\u00eb kampionatit me 12 pik\u00eb pas shtat\u00eb garash [&hellip;]<\/p>\n","protected":false,"gt_translate_keys":[{"key":"rendered","format":"html"}]},"author":32,"featured_media":457610,"comment_status":"open","ping_status":"open","sticky":false,"template":"","format":"standard","meta":{"footnotes":""},"categories":[134,13],"tags":[],"class_list":["post-457609","post","type-post","status-publish","format-standard","has-post-thumbnail","hentry","category-sport","category-te-fundit"],"gt_translate_keys":[{"key":"link","format":"url"}],"_links":{"self":[{"href":"https:\/\/www.hashtag.al\/index.php\/wp-json\/wp\/v2\/posts\/457609","targetHints":{"allow":["GET"]}}],"collection":[{"href":"https:\/\/www.hashtag.al\/index.php\/wp-json\/wp\/v2\/posts"}],"about":[{"href":"https:\/\/www.hashtag.al\/index.php\/wp-json\/wp\/v2\/types\/post"}],"author":[{"embeddable":true,"href":"https:\/\/www.hashtag.al\/index.php\/wp-json\/wp\/v2\/users\/32"}],"replies":[{"embeddable":true,"href":"https:\/\/www.hashtag.al\/index.php\/wp-json\/wp\/v2\/comments?post=457609"}],"version-history":[{"count":0,"href":"https:\/\/www.hashtag.al\/index.php\/wp-json\/wp\/v2\/posts\/457609\/revisions"}],"wp:featuredmedia":[{"embeddable":true,"href":"https:\/\/www.hashtag.al\/index.php\/wp-json\/wp\/v2\/media\/457610"}],"wp:attachment":[{"href":"https:\/\/www.hashtag.al\/index.php\/wp-json\/wp\/v2\/media?parent=457609"}],"wp:term":[{"taxonomy":"category","embeddable":true,"href":"https:\/\/www.hashtag.al\/index.php\/wp-json\/wp\/v2\/categories?post=457609"},{"taxonomy":"post_tag","embeddable":true,"href":"https:\/\/www.hashtag.al\/index.php\/wp-json\/wp\/v2\/tags?post=457609"}],"curies":[{"name":"wp","href":"https:\/\/api.w.org\/{rel}","templated":true}]}}