{"id":457098,"date":"2021-06-16T22:25:03","date_gmt":"2021-06-16T20:25:03","guid":{"rendered":"https:\/\/hashtag.al\/?p=457098"},"modified":"2021-06-16T22:26:24","modified_gmt":"2021-06-16T20:26:24","slug":"seanca-e-padise-per-teatrin-gjykata-kushtetuese-terhiqet-per-te-marre-vendimin","status":"publish","type":"post","link":"https:\/\/www.hashtag.al\/index.php\/2021\/06\/16\/seanca-e-padise-per-teatrin-gjykata-kushtetuese-terhiqet-per-te-marre-vendimin\/","title":{"rendered":"Seanca e padis\u00eb p\u00ebr Teatrin, Gjykata Kushtetuese t\u00ebrhiqet p\u00ebr t\u00eb marr\u00eb vendimin","gt_translate_keys":[{"key":"rendered","format":"text"}]},"content":{"rendered":"<p><span style=\"color: #000000;\"><img loading=\"lazy\" decoding=\"async\" class=\"aligncenter size-full wp-image-457099\" src=\"https:\/\/hashtag.al\/wp-content\/uploads\/2021\/06\/adriana-kalaja.jpg\" alt=\"\" width=\"1473\" height=\"744\" srcset=\"https:\/\/www.hashtag.al\/wp-content\/uploads\/2021\/06\/adriana-kalaja.jpg 1473w, https:\/\/www.hashtag.al\/wp-content\/uploads\/2021\/06\/adriana-kalaja-300x152.jpg 300w, https:\/\/www.hashtag.al\/wp-content\/uploads\/2021\/06\/adriana-kalaja-768x388.jpg 768w, https:\/\/www.hashtag.al\/wp-content\/uploads\/2021\/06\/adriana-kalaja-1024x517.jpg 1024w\" sizes=\"auto, (max-width: 1473px) 100vw, 1473px\" \/><\/span><\/p>\n<p><span style=\"color: #000000;\">Pas nj\u00eb seance maraton\u00eb t\u00eb nisur q\u00eb prej or\u00ebs 10:00 t\u00eb paradites, Gjykata Kushtetuese \u00ebsht\u00eb t\u00ebrhequr p\u00ebr t\u00eb marr\u00eb vendimin p\u00ebrfundimtar p\u00ebr \u00e7\u00ebshtjen e Teatrin.<\/span><\/p>\n<p><span style=\"color: #000000;\">Gjykata Kushtetuese u t\u00ebrhoq p\u00ebr vendim pas p\u00ebrfundimit t\u00eb hetimeve p\u00ebr padin\u00eb.<\/span><\/p>\n<p><span style=\"color: #000000;\">N\u00eb k\u00ebt\u00eb padi Presidenti i Republik\u00ebs dhe Aleanca p\u00ebr Mbrojtjen e Teatrit kan\u00eb k\u00ebrkuar shfuqizimin e ligjit special t\u00eb VKM p\u00ebr transferimin e pron\u00ebs dhe vendimit t\u00eb Bashkis\u00eb Tiran\u00eb p\u00ebr shembjen e Teatrit.<\/span><\/p>\n<p><span style=\"color: #000000;\">\u2018<em>\u2019Si\u00e7 jeni n\u00eb dijeni, mbaruam nj\u00eb seanc\u00eb maraton\u00eb, filloi 10 paradite. Sot u b\u00eb realisht gjykimi i themelit t\u00eb \u00e7\u00ebshtjes, ku Presidenti dhe Aleanca k\u00ebrkuam shfuqizimin e ligjit special t\u00eb 2018 t\u00eb VKM s\u00eb transferimit t\u00eb pron\u00ebs s\u00eb 2020 dhe vendimit t\u00eb Bashkis\u00eb p\u00ebr shembjen e teatrit.<\/em><\/span><\/p>\n<p><span style=\"color: #000000;\"><em>Pas nj\u00eb debati t\u00eb gjat\u00eb si\u00e7 e keni ndjekur, Gjykata Kushtetuese e mbylli hetimin, administroi provat dhe u t\u00ebrhoq p\u00ebr t\u00eb marr\u00eb vendimin p\u00ebrfundimtar.<\/em>\u2019\u2019- tha avokatja Adriana Kalaja.<\/span><\/p>\n<p><iframe loading=\"lazy\" style=\"border: none; overflow: hidden;\" src=\"https:\/\/www.facebook.com\/plugins\/video.php?height=286&amp;href=https%3A%2F%2Fwww.facebook.com%2F110243613751205%2Fvideos%2F954387658661794%2F&amp;show_text=false&amp;width=560&amp;t=0\" width=\"560\" height=\"286\" frameborder=\"0\" scrolling=\"no\" allowfullscreen=\"allowfullscreen\"><\/iframe><\/p>\n","protected":false,"gt_translate_keys":[{"key":"rendered","format":"html"}]},"excerpt":{"rendered":"<p>Pas nj\u00eb seance maraton\u00eb t\u00eb nisur q\u00eb prej or\u00ebs 10:00 t\u00eb paradites, Gjykata Kushtetuese \u00ebsht\u00eb t\u00ebrhequr p\u00ebr t\u00eb marr\u00eb vendimin p\u00ebrfundimtar p\u00ebr \u00e7\u00ebshtjen e Teatrin. Gjykata Kushtetuese u t\u00ebrhoq p\u00ebr vendim pas p\u00ebrfundimit t\u00eb hetimeve p\u00ebr padin\u00eb. N\u00eb k\u00ebt\u00eb padi Presidenti i Republik\u00ebs dhe Aleanca p\u00ebr Mbrojtjen e Teatrit kan\u00eb k\u00ebrkuar shfuqizimin e ligjit special [&hellip;]<\/p>\n","protected":false,"gt_translate_keys":[{"key":"rendered","format":"html"}]},"author":32,"featured_media":457099,"comment_status":"open","ping_status":"open","sticky":false,"template":"","format":"standard","meta":{"footnotes":""},"categories":[65,13],"tags":[],"class_list":["post-457098","post","type-post","status-publish","format-standard","has-post-thumbnail","hentry","category-lajme","category-te-fundit"],"gt_translate_keys":[{"key":"link","format":"url"}],"_links":{"self":[{"href":"https:\/\/www.hashtag.al\/index.php\/wp-json\/wp\/v2\/posts\/457098","targetHints":{"allow":["GET"]}}],"collection":[{"href":"https:\/\/www.hashtag.al\/index.php\/wp-json\/wp\/v2\/posts"}],"about":[{"href":"https:\/\/www.hashtag.al\/index.php\/wp-json\/wp\/v2\/types\/post"}],"author":[{"embeddable":true,"href":"https:\/\/www.hashtag.al\/index.php\/wp-json\/wp\/v2\/users\/32"}],"replies":[{"embeddable":true,"href":"https:\/\/www.hashtag.al\/index.php\/wp-json\/wp\/v2\/comments?post=457098"}],"version-history":[{"count":0,"href":"https:\/\/www.hashtag.al\/index.php\/wp-json\/wp\/v2\/posts\/457098\/revisions"}],"wp:featuredmedia":[{"embeddable":true,"href":"https:\/\/www.hashtag.al\/index.php\/wp-json\/wp\/v2\/media\/457099"}],"wp:attachment":[{"href":"https:\/\/www.hashtag.al\/index.php\/wp-json\/wp\/v2\/media?parent=457098"}],"wp:term":[{"taxonomy":"category","embeddable":true,"href":"https:\/\/www.hashtag.al\/index.php\/wp-json\/wp\/v2\/categories?post=457098"},{"taxonomy":"post_tag","embeddable":true,"href":"https:\/\/www.hashtag.al\/index.php\/wp-json\/wp\/v2\/tags?post=457098"}],"curies":[{"name":"wp","href":"https:\/\/api.w.org\/{rel}","templated":true}]}}