{"id":457094,"date":"2021-06-16T21:48:05","date_gmt":"2021-06-16T19:48:05","guid":{"rendered":"https:\/\/hashtag.al\/?p=457094"},"modified":"2021-06-16T21:48:05","modified_gmt":"2021-06-16T19:48:05","slug":"pas-zgjedhjes-se-kryetarit-pd-ja-mbledh-kryesine-te-premten","status":"publish","type":"post","link":"https:\/\/www.hashtag.al\/index.php\/2021\/06\/16\/pas-zgjedhjes-se-kryetarit-pd-ja-mbledh-kryesine-te-premten\/","title":{"rendered":"Pas zgjedhjes s\u00eb Kryetarit, PD-ja mbledh Kryesin\u00eb t\u00eb premten","gt_translate_keys":[{"key":"rendered","format":"text"}]},"content":{"rendered":"<p><span style=\"color: #000000;\"><img loading=\"lazy\" decoding=\"async\" class=\"aligncenter size-full wp-image-284936\" src=\"https:\/\/hashtag.al\/wp-content\/uploads\/2019\/03\/kryesia_e_pd_ok.jpg\" alt=\"\" width=\"1032\" height=\"581\" srcset=\"https:\/\/www.hashtag.al\/wp-content\/uploads\/2019\/03\/kryesia_e_pd_ok.jpg 1032w, https:\/\/www.hashtag.al\/wp-content\/uploads\/2019\/03\/kryesia_e_pd_ok-300x169.jpg 300w, https:\/\/www.hashtag.al\/wp-content\/uploads\/2019\/03\/kryesia_e_pd_ok-768x432.jpg 768w, https:\/\/www.hashtag.al\/wp-content\/uploads\/2019\/03\/kryesia_e_pd_ok-1024x576.jpg 1024w\" sizes=\"auto, (max-width: 1032px) 100vw, 1032px\" \/><\/span><\/p>\n<p><span style=\"color: #000000;\">Partia Demokratike \u00ebsht\u00eb v\u00ebn\u00eb n\u00eb l\u00ebvizje pas zgjedhjeve t\u00eb brendshme p\u00ebr kryetar ku u rikonfirmua s\u00ebrish Lulzim Basha.<\/span><\/p>\n<p><span style=\"color: #000000;\">Dit\u00ebn e premte (18 qershor) do mblidhet Kryesia e Partis\u00eb ku do miratohet metodologjia e analiz\u00ebs n\u00eb \u00e7do nivel p\u00ebr zgjedhjet e 25 prillit.<\/span><\/p>\n<p><span style=\"color: #000000;\"><strong>Njoftimi i plot\u00eb:<\/strong><\/span><\/p>\n<p><span style=\"color: #000000;\">T\u00eb nderuar an\u00ebtar\u00eb t\u00eb Kryesis\u00eb,<\/span><\/p>\n<p><span style=\"color: #000000;\">Dit\u00ebn e premte, dat\u00eb 18 Qershor 2021, ora 11:00, do t\u00eb zhvillohet mbledhja e Kryesis\u00eb s\u00eb Partis\u00eb, me k\u00ebt\u00eb Rend Dite:<\/span><br \/>\n<span style=\"color: #000000;\">1. Miratimi i metodologjis\u00eb s\u00eb analiz\u00ebs n\u00eb nivel Qarku, Dege, Grupseksioni dhe Seksione p\u00ebr masakr\u00ebn zgjedhore t\u00eb 25 Prill.<\/span><br \/>\n<span style=\"color: #000000;\">2. Thirrjen e Kuvendit Komb\u00ebtar t\u00eb Partis\u00eb m\u00eb dat\u00eb 17 Korrik 2021, dhe miratimi i rendit t\u00eb dit\u00ebs s\u00eb Kuvendit.<\/span><\/p>\n<p><span style=\"color: #000000;\">Me respekt,<\/span><br \/>\n<span style=\"color: #000000;\">Sekretari i P\u00ebrgjithsh\u00ebm<\/span><br \/>\n<span style=\"color: #000000;\">Gazment Bardhi<\/span><\/p>\n<p>&nbsp;<\/p>\n","protected":false,"gt_translate_keys":[{"key":"rendered","format":"html"}]},"excerpt":{"rendered":"<p>Partia Demokratike \u00ebsht\u00eb v\u00ebn\u00eb n\u00eb l\u00ebvizje pas zgjedhjeve t\u00eb brendshme p\u00ebr kryetar ku u rikonfirmua s\u00ebrish Lulzim Basha. Dit\u00ebn e premte (18 qershor) do mblidhet Kryesia e Partis\u00eb ku do miratohet metodologjia e analiz\u00ebs n\u00eb \u00e7do nivel p\u00ebr zgjedhjet e 25 prillit. Njoftimi i plot\u00eb: T\u00eb nderuar an\u00ebtar\u00eb t\u00eb Kryesis\u00eb, Dit\u00ebn e premte, dat\u00eb 18 [&hellip;]<\/p>\n","protected":false,"gt_translate_keys":[{"key":"rendered","format":"html"}]},"author":32,"featured_media":284936,"comment_status":"open","ping_status":"open","sticky":false,"template":"","format":"standard","meta":{"footnotes":""},"categories":[65,13],"tags":[],"class_list":["post-457094","post","type-post","status-publish","format-standard","has-post-thumbnail","hentry","category-lajme","category-te-fundit"],"gt_translate_keys":[{"key":"link","format":"url"}],"_links":{"self":[{"href":"https:\/\/www.hashtag.al\/index.php\/wp-json\/wp\/v2\/posts\/457094","targetHints":{"allow":["GET"]}}],"collection":[{"href":"https:\/\/www.hashtag.al\/index.php\/wp-json\/wp\/v2\/posts"}],"about":[{"href":"https:\/\/www.hashtag.al\/index.php\/wp-json\/wp\/v2\/types\/post"}],"author":[{"embeddable":true,"href":"https:\/\/www.hashtag.al\/index.php\/wp-json\/wp\/v2\/users\/32"}],"replies":[{"embeddable":true,"href":"https:\/\/www.hashtag.al\/index.php\/wp-json\/wp\/v2\/comments?post=457094"}],"version-history":[{"count":0,"href":"https:\/\/www.hashtag.al\/index.php\/wp-json\/wp\/v2\/posts\/457094\/revisions"}],"wp:featuredmedia":[{"embeddable":true,"href":"https:\/\/www.hashtag.al\/index.php\/wp-json\/wp\/v2\/media\/284936"}],"wp:attachment":[{"href":"https:\/\/www.hashtag.al\/index.php\/wp-json\/wp\/v2\/media?parent=457094"}],"wp:term":[{"taxonomy":"category","embeddable":true,"href":"https:\/\/www.hashtag.al\/index.php\/wp-json\/wp\/v2\/categories?post=457094"},{"taxonomy":"post_tag","embeddable":true,"href":"https:\/\/www.hashtag.al\/index.php\/wp-json\/wp\/v2\/tags?post=457094"}],"curies":[{"name":"wp","href":"https:\/\/api.w.org\/{rel}","templated":true}]}}