{"id":456996,"date":"2021-06-16T13:38:09","date_gmt":"2021-06-16T11:38:09","guid":{"rendered":"https:\/\/hashtag.al\/?p=456996"},"modified":"2021-06-16T13:38:09","modified_gmt":"2021-06-16T11:38:09","slug":"shkarkimi-nga-shoqata-e-bashkive-ademi-padit-ne-gjykate-ndreun-vendimi-i-paligjshem","status":"publish","type":"post","link":"https:\/\/www.hashtag.al\/index.php\/2021\/06\/16\/shkarkimi-nga-shoqata-e-bashkive-ademi-padit-ne-gjykate-ndreun-vendimi-i-paligjshem\/","title":{"rendered":"Shkarkimi nga Shoqata e Bashkive, Ademi padit n\u00eb Gjykat\u00eb Ndreun: Vendimi i paligjsh\u00ebm","gt_translate_keys":[{"key":"rendered","format":"text"}]},"content":{"rendered":"<p><span style=\"color: #000000;\"><img loading=\"lazy\" decoding=\"async\" class=\"aligncenter size-full wp-image-455453\" src=\"https:\/\/hashtag.al\/wp-content\/uploads\/2021\/06\/ademi-1.jpg\" alt=\"\" width=\"960\" height=\"608\" srcset=\"https:\/\/www.hashtag.al\/wp-content\/uploads\/2021\/06\/ademi-1.jpg 960w, https:\/\/www.hashtag.al\/wp-content\/uploads\/2021\/06\/ademi-1-300x190.jpg 300w, https:\/\/www.hashtag.al\/wp-content\/uploads\/2021\/06\/ademi-1-768x486.jpg 768w\" sizes=\"auto, (max-width: 960px) 100vw, 960px\" \/><\/span><\/p>\n<p><span style=\"color: #000000;\">Kryebashkiakja e Shkodr\u00ebs Ademi ka paditur n\u00eb gjykat\u00eb kryebashkiakun e Lezh\u00ebs, Ndreu. Padi ka ardhur lidhur me \u00e7\u00ebshtjen e Shoqat\u00ebs \u00eb Bashkive.<\/span><\/p>\n<p><span style=\"color: #000000;\"> Para pak dit\u00ebsh kryebashkiak\u00ebt socialist\u00eb t\u00eb vendit u mblodh\u00ebn dhe vendos\u00ebn shkarkimin e Ademit si kryetare e Shoqat\u00ebs s\u00eb Bashkive, duke em\u00ebruar n\u00eb k\u00ebt\u00eb post Pjerin Ndreun, kryebashkiakun e Lezh\u00ebs. <\/span><\/p>\n<p><span style=\"color: #000000;\">Sipas Ademit, vendimi i marr\u00eb prej tyre \u00ebsht\u00eb i paligjsh\u00ebm duke qen\u00eb se kryebashkiak\u00ebt socialist\u00eb nuk jan\u00eb pjes\u00eb e Shoqat\u00ebs s\u00eb Bashkive, por jan\u00eb an\u00ebtar\u00ebsuar n\u00eb shoqat\u00ebn p\u00ebr Autonomin\u00eb Vendore t\u00eb themeluar nga kryeministri Rama vite m\u00eb par\u00eb.<\/span><\/p>\n<p><span style=\"color: #000000;\"><em>\u201cShoqata e Bashkive ka pasur n\u00eb p\u00ebrb\u00ebrje t\u00eb saj midis t\u00eb tjerave edhe Bashkin\u00eb Lezh\u00eb dhe disa bashki t\u00eb tjera sikurse pasqyrohen n\u00eb aktet q\u00eb ndodhen pran\u00eb k\u00ebsaj Gjykate, por q\u00eb k\u00ebto bashki q\u00eb pas zgjedhje jo kushtetuese t\u00eb 30 qershorit 2019, kan\u00eb zgjedhur t\u00eb l\u00ebn\u00eb an\u00ebtar\u00ebsin\u00eb n\u00eb k\u00ebt\u00eb shoqat\u00eb dhe t\u00eb an\u00ebtar\u00ebsohen tek shoqata tjet\u00ebr \u201cP\u00ebr Autonomin\u00eb Vendore\u201d, sikurse pasqyrohet n\u00eb provat shkresore q\u00eb kemi paraqitur bashk\u00eb me k\u00ebt\u00eb k\u00ebrkes\u00eb. N\u00eb t\u00eb nj\u00ebjt\u00ebn, koh\u00eb q\u00eb prej asaj kohe, k\u00ebto bashki nuk kan\u00eb paguar kuotizacionet duke humbur an\u00ebtar\u00ebsin\u00eb n\u00eb k\u00ebt\u00eb shoqat\u00eb edhe p\u00ebr k\u00ebt\u00eb shkak p\u00ebrvecse p\u00ebr shkak t\u00eb zgjedhjes s\u00eb tyre.<\/em><\/span><\/p>\n<p><span style=\"color: #000000;\"><em>-Vendimit i Asambles\u00eb s\u00eb P\u00ebrgjithshme t\u00eb Shoqat\u00ebs s\u00eb Bashkive t\u00eb Shqip\u00ebris\u00eb Nr. 5, dat\u00eb 8 qershor 2021 q\u00eb ka rikonfimuar ose rizgjedhur znj. Ademi si kryetare t\u00eb shoqat\u00ebs \u00ebsht\u00eb marr\u00eb nga -Asambleja e cila n\u00eb p\u00ebrputhje me statutin \u00ebsht\u00eb mbledhur rregullisht 30 dit\u00eb pas vendimit t\u00eb Komitetit Drejtues.<\/em><\/span><\/p>\n<p><span style=\"color: #000000;\"><em>-Shoqata e Bashkive t\u00eb Shqip\u00ebris\u00eb e\u00a0 drejtuar nga znj. Voltana Ademi, duke vler\u00ebsuar q\u00eb zgjedhjet e 30 qershorit 2019 jan\u00eb zhvilluar n\u00eb kund\u00ebrshtim me Kushtetut\u00ebn e RSH, ka paraqitur k\u00ebrkes\u00eb para Gjykat\u00ebs Kushtetuese ku ka k\u00ebrkuar:<\/em><\/span><\/p>\n<ol>\n<li><span style=\"color: #000000;\"><em> Konstatimin antikushtetues t\u00eb zgjedhshm\u00ebris\u00eb\/ procesit zgjedhor t\u00eb zhvilluar n\u00eb 30 qershor 2019 \u2018P\u00ebr zgjedhjen e organeve t\u00eb qeverisjes vendore, t\u00eb kryetar\u00ebve t\u00eb bashkive dhe an\u00ebtar\u00ebve t\u00eb k\u00ebshillave bashkiake dhe si rrjedhoj\u00eb konstatimin antikushtetues t\u00eb zgjedhjeve s\u00eb an\u00ebtar\u00ebve t\u00eb k\u00ebtyre organeve n\u00eb kund\u00ebrshtim me nenet 1, 2, 3, 4, 5, 6, 7, 13, 15, 17, 18, 22, 42, 43, 45, 48, 65, 92, 93, 109, 116, 122, 145 gernat d), e), germat 2) dhe f) t\u00eb nenit 131, germa h), pika 1 e nenit 134 t\u00eb Kushtetut\u00ebs s\u00eb RSH. 2. Verifikimin e Kushtetutshm\u00ebris\u00eb s\u00eb veprimtaris\u00eb s\u00eb Partis\u00eb Bindaj Demokratike n\u00eb lidhje me regjistrimin e saj n\u00eb Gjykat\u00eb dhe zgjedhjet zgjedhjet e dat\u00ebs 30 qershor 2019 n\u00eb p\u00ebrputhje me germen d) t\u00eb nenit 131 t\u00eb Kushtetut\u00ebs s\u00eb RSH\u201d.<\/em><\/span><\/li>\n<\/ol>\n<p><span style=\"color: #000000;\"><em>-P\u00ebr k\u00ebto arsye, i vler\u00ebson kryetar\u00ebt e k\u00ebtyre bashkive t\u00eb zgjedhur n\u00eb kund\u00ebrshtim me Kushtetut\u00ebn dhe k\u00ebsisoj bazuar n\u00eb statutin e shoqat\u00ebs, ato nuk mund t\u00eb marrin pjes\u00eb n\u00eb shoqat\u00eb dhe as n\u00eb organet drejtuese t\u00eb saj etj.<\/em><\/span><\/p>\n<p><span style=\"color: #000000;\"><em>-Vendimi i Asambles\u00eb s\u00eb P\u00ebrgjithshme t\u00eb dat\u00ebs 8.6.2021, t\u00eb thirrur nga z. Pjerin Ndreu dhe vendimi i Komitetit Drejtues t\u00eb dat\u00ebs 8.6.2021 dhe cdo akt tjet\u00ebr q\u00eb mund t\u00eb k\u00ebrkohet t\u00eb regjistrohet nga z. Ndreu dhe cdo person tjet\u00ebr, jan\u00eb vendime t\u00eb marra n\u00eb kund\u00ebrshtim me ligjin dhe Statutin e k\u00ebsaj shoqate.<\/em><\/span><\/p>\n<p><span style=\"color: #000000;\"><em>-Q\u00ebllimi i Mbledhjes s\u00eb Asambles\u00eb t\u00eb P\u00ebrgjithshme t\u00eb shoqat\u00ebs nga z. Pjerin Ndreu dhe kryetar\u00eb t\u00eb tjer\u00eb t\u00eb zgjedhur n\u00eb kund\u00ebrshtim me Kushtetut\u00ebn, ka p\u00ebr q\u00ebllim vet\u00ebm nd\u00ebrhyrjen e paligjshme n\u00eb procesin q\u00eb zhvillohet n\u00eb Gjykat\u00ebn Kushtetuese, e cila do t\u00eb shqyrtoj\u00eb k\u00ebrkes\u00ebn me dat\u00eb 23 qershor 2021.\u201d<\/em> -thuhet n\u00eb padin\u00eb e Ademit.<\/span><\/p>\n<p>&nbsp;<\/p>\n","protected":false,"gt_translate_keys":[{"key":"rendered","format":"html"}]},"excerpt":{"rendered":"<p>Kryebashkiakja e Shkodr\u00ebs Ademi ka paditur n\u00eb gjykat\u00eb kryebashkiakun e Lezh\u00ebs, Ndreu. Padi ka ardhur lidhur me \u00e7\u00ebshtjen e Shoqat\u00ebs \u00eb Bashkive. Para pak dit\u00ebsh kryebashkiak\u00ebt socialist\u00eb t\u00eb vendit u mblodh\u00ebn dhe vendos\u00ebn shkarkimin e Ademit si kryetare e Shoqat\u00ebs s\u00eb Bashkive, duke em\u00ebruar n\u00eb k\u00ebt\u00eb post Pjerin Ndreun, kryebashkiakun e Lezh\u00ebs. Sipas Ademit, vendimi [&hellip;]<\/p>\n","protected":false,"gt_translate_keys":[{"key":"rendered","format":"html"}]},"author":51,"featured_media":455453,"comment_status":"open","ping_status":"open","sticky":false,"template":"","format":"standard","meta":{"footnotes":""},"categories":[65,13],"tags":[],"class_list":["post-456996","post","type-post","status-publish","format-standard","has-post-thumbnail","hentry","category-lajme","category-te-fundit"],"gt_translate_keys":[{"key":"link","format":"url"}],"_links":{"self":[{"href":"https:\/\/www.hashtag.al\/index.php\/wp-json\/wp\/v2\/posts\/456996","targetHints":{"allow":["GET"]}}],"collection":[{"href":"https:\/\/www.hashtag.al\/index.php\/wp-json\/wp\/v2\/posts"}],"about":[{"href":"https:\/\/www.hashtag.al\/index.php\/wp-json\/wp\/v2\/types\/post"}],"author":[{"embeddable":true,"href":"https:\/\/www.hashtag.al\/index.php\/wp-json\/wp\/v2\/users\/51"}],"replies":[{"embeddable":true,"href":"https:\/\/www.hashtag.al\/index.php\/wp-json\/wp\/v2\/comments?post=456996"}],"version-history":[{"count":0,"href":"https:\/\/www.hashtag.al\/index.php\/wp-json\/wp\/v2\/posts\/456996\/revisions"}],"wp:featuredmedia":[{"embeddable":true,"href":"https:\/\/www.hashtag.al\/index.php\/wp-json\/wp\/v2\/media\/455453"}],"wp:attachment":[{"href":"https:\/\/www.hashtag.al\/index.php\/wp-json\/wp\/v2\/media?parent=456996"}],"wp:term":[{"taxonomy":"category","embeddable":true,"href":"https:\/\/www.hashtag.al\/index.php\/wp-json\/wp\/v2\/categories?post=456996"},{"taxonomy":"post_tag","embeddable":true,"href":"https:\/\/www.hashtag.al\/index.php\/wp-json\/wp\/v2\/tags?post=456996"}],"curies":[{"name":"wp","href":"https:\/\/api.w.org\/{rel}","templated":true}]}}