{"id":456967,"date":"2021-06-16T11:45:57","date_gmt":"2021-06-16T09:45:57","guid":{"rendered":"https:\/\/hashtag.al\/?p=456967"},"modified":"2021-06-16T11:45:57","modified_gmt":"2021-06-16T09:45:57","slug":"seanca-per-teatrin-dervishaj-kuvendi-nuk-i-rivleresoi-konstatimet-e-presidentit-ndryshoi-procedurat-qe-ligji-te-dukej-si-i-ri","status":"publish","type":"post","link":"https:\/\/www.hashtag.al\/index.php\/2021\/06\/16\/seanca-per-teatrin-dervishaj-kuvendi-nuk-i-rivleresoi-konstatimet-e-presidentit-ndryshoi-procedurat-qe-ligji-te-dukej-si-i-ri\/","title":{"rendered":"Seanca p\u00ebr Teatrin, Dervishaj: Kuvendi nuk i rivler\u00ebsoi konstatimet e Presidentit, ndryshoi procedurat q\u00eb ligji t\u00eb dukej si i ri","gt_translate_keys":[{"key":"rendered","format":"text"}]},"content":{"rendered":"<p><span style=\"color: #000000;\"><a style=\"color: #000000;\" href=\"https:\/\/hashtag.al\/wp-content\/uploads\/2021\/06\/dervishaj.jpg\"><img loading=\"lazy\" decoding=\"async\" class=\"aligncenter size-full wp-image-456968\" src=\"https:\/\/hashtag.al\/wp-content\/uploads\/2021\/06\/dervishaj.jpg\" alt=\"\" width=\"836\" height=\"520\" srcset=\"https:\/\/www.hashtag.al\/wp-content\/uploads\/2021\/06\/dervishaj.jpg 836w, https:\/\/www.hashtag.al\/wp-content\/uploads\/2021\/06\/dervishaj-300x187.jpg 300w, https:\/\/www.hashtag.al\/wp-content\/uploads\/2021\/06\/dervishaj-768x478.jpg 768w\" sizes=\"auto, (max-width: 836px) 100vw, 836px\" \/><\/a><\/span><\/p>\n<p><span style=\"color: #000000;\">Paraditen e sotme n\u00eb Gjykat\u00ebn Kushtetuese po zhvillohet seanca e tret\u00eb, p\u00ebr shqyrtimin e \u00e7\u00ebshtjes s\u00eb shembjes s\u00eb Teatrit Komb\u00ebtar.<\/span><\/p>\n<p><span style=\"color: #000000;\">Nj\u00eb dit\u00eb m\u00eb par\u00eb Gjykata zgjeroi objektin e hetimit, mbi vendimin e K\u00ebshillit Bashkiak, nd\u00ebrsa sot pritet q\u00eb t\u00eb vendoset dhe p\u00ebr k\u00ebrkes\u00ebn tjet\u00ebr t\u00eb presidenc\u00ebs.<\/span><\/p>\n<p><span style=\"color: #000000;\">K\u00ebshilltari ligjor i Presidenc\u00ebs, Bledar Dervishaj, foli p\u00ebrpara togave t\u00eb zeza p\u00ebr t\u00eb gjitha parregullsit\u00eb q\u00eb sipas tij, qeveria dhe bashkia kan\u00eb kryer p\u00ebr t\u2019i v\u00ebn\u00eb vul\u00ebn shembjes s\u00eb Teatrit.<\/span><\/p>\n<p><span style=\"color: #000000;\">Ai theksoi se Kuvendi nuk i rivler\u00ebsoi konstatimet e Presidentit Ilir Meta dhe ndryshoi procedurat q\u00eb ligji t\u00eb dukej si i ri.<\/span><\/p>\n<p><span style=\"color: #000000;\"><em>\u201c\u00c7\u00ebshtja ka nisur q\u00eb n\u00eb 2018 mars, q\u00eb p\u00ebrkon dhe me daljen jasht\u00eb funskionimit t\u00eb Kushtetueses. N\u00eb at\u00eb koh\u00eb u hodh ideja e nj\u00eb ligji special, t\u00eb nj\u00eb zone n\u00eb qend\u00ebr t\u00eb Tiran\u00ebs. Shum\u00eb shpejt, n\u00eb 26 qershor 2019, ligji special p\u00ebr nd\u00ebrtimin e Teatrit Komb\u00ebtar dhe zon\u00ebs aty pran\u00eb. Presidenti e vler\u00ebsoi me seriozitet, jo vet\u00ebm ligjim special, por edhe q\u00ebndrimet publike t\u00eb shoq\u00ebris\u00eb civile, ekspert\u00ebve dhe aktor\u00ebve pro dhe kund\u00ebr, si dhe ktheu me dekret ligjin.<\/em><\/span><\/p>\n<p><span style=\"color: #000000;\"><em>Kuvendi duhet t\u00eb merrte koh\u00ebn e duhur deri n\u00eb funksionalizimin e Gjykat\u00ebs Kushtetuese. Kuvendi mori dekretin e Presidentit dhe e vendosi parimin e tij. Titulli i ligjit ndryshoi, p\u00ebrmbajtja e procedura dhe e \u00e7oi te Presidenti si nj\u00eb ligj t\u00eb ri.<\/em><\/span><\/p>\n<p><span style=\"color: #000000;\"><em>Rezultoi se Kuvendi, nuk kishte rivler\u00ebsuar konstatimet e Presidentit. P\u00ebrpjekja e vetme ishte t\u00eb hiqte emrin e kompanis\u00eb propozuese dhe at\u00eb t\u00eb z\u00ebvend\u00ebsonte me paragraf\u00eb q\u00eb \u00e7onin po te e nj\u00ebjta kompani.\u201d-<\/em> tha Dervishaj.<\/span><\/p>\n<p><span style=\"color: #000000;\">Po ashtu k\u00ebshilltari i Presidenc\u00ebs ka theksuar se K\u00ebshilli Bashkiak nuk duhej t\u00eb vendoste pro prishjes s\u00eb Teatrit, t\u00eb pakt\u00ebn derisa t\u00eb shprehej Gjykata Kushtetuese.<\/span><\/p>\n<p><span style=\"color: #000000;\">Presidenca k\u00ebrkon pezullimin e t\u00eb gjitha punimeve mbi truallin ku ishte i vendosur Teatri Komb\u00ebtar.<\/span><\/p>\n<p>&nbsp;<\/p>\n","protected":false,"gt_translate_keys":[{"key":"rendered","format":"html"}]},"excerpt":{"rendered":"<p>Paraditen e sotme n\u00eb Gjykat\u00ebn Kushtetuese po zhvillohet seanca e tret\u00eb, p\u00ebr shqyrtimin e \u00e7\u00ebshtjes s\u00eb shembjes s\u00eb Teatrit Komb\u00ebtar. Nj\u00eb dit\u00eb m\u00eb par\u00eb Gjykata zgjeroi objektin e hetimit, mbi vendimin e K\u00ebshillit Bashkiak, nd\u00ebrsa sot pritet q\u00eb t\u00eb vendoset dhe p\u00ebr k\u00ebrkes\u00ebn tjet\u00ebr t\u00eb presidenc\u00ebs. K\u00ebshilltari ligjor i Presidenc\u00ebs, Bledar Dervishaj, foli p\u00ebrpara togave [&hellip;]<\/p>\n","protected":false,"gt_translate_keys":[{"key":"rendered","format":"html"}]},"author":30,"featured_media":456968,"comment_status":"open","ping_status":"open","sticky":false,"template":"","format":"standard","meta":{"footnotes":""},"categories":[65,13],"tags":[],"class_list":["post-456967","post","type-post","status-publish","format-standard","has-post-thumbnail","hentry","category-lajme","category-te-fundit"],"gt_translate_keys":[{"key":"link","format":"url"}],"_links":{"self":[{"href":"https:\/\/www.hashtag.al\/index.php\/wp-json\/wp\/v2\/posts\/456967","targetHints":{"allow":["GET"]}}],"collection":[{"href":"https:\/\/www.hashtag.al\/index.php\/wp-json\/wp\/v2\/posts"}],"about":[{"href":"https:\/\/www.hashtag.al\/index.php\/wp-json\/wp\/v2\/types\/post"}],"author":[{"embeddable":true,"href":"https:\/\/www.hashtag.al\/index.php\/wp-json\/wp\/v2\/users\/30"}],"replies":[{"embeddable":true,"href":"https:\/\/www.hashtag.al\/index.php\/wp-json\/wp\/v2\/comments?post=456967"}],"version-history":[{"count":0,"href":"https:\/\/www.hashtag.al\/index.php\/wp-json\/wp\/v2\/posts\/456967\/revisions"}],"wp:featuredmedia":[{"embeddable":true,"href":"https:\/\/www.hashtag.al\/index.php\/wp-json\/wp\/v2\/media\/456968"}],"wp:attachment":[{"href":"https:\/\/www.hashtag.al\/index.php\/wp-json\/wp\/v2\/media?parent=456967"}],"wp:term":[{"taxonomy":"category","embeddable":true,"href":"https:\/\/www.hashtag.al\/index.php\/wp-json\/wp\/v2\/categories?post=456967"},{"taxonomy":"post_tag","embeddable":true,"href":"https:\/\/www.hashtag.al\/index.php\/wp-json\/wp\/v2\/tags?post=456967"}],"curies":[{"name":"wp","href":"https:\/\/api.w.org\/{rel}","templated":true}]}}