{"id":456931,"date":"2021-06-16T08:46:09","date_gmt":"2021-06-16T06:46:09","guid":{"rendered":"https:\/\/hashtag.al\/?p=456931"},"modified":"2021-06-16T08:46:09","modified_gmt":"2021-06-16T06:46:09","slug":"dy-elektriciste-humben-jeten-pasi-u-rrezua-shtylla-e-tensionit-arrestohen-drejtori-dhe-inxhinieri-i-ost-se-ne-fier-2","status":"publish","type":"post","link":"https:\/\/www.hashtag.al\/index.php\/2021\/06\/16\/dy-elektriciste-humben-jeten-pasi-u-rrezua-shtylla-e-tensionit-arrestohen-drejtori-dhe-inxhinieri-i-ost-se-ne-fier-2\/","title":{"rendered":"Dy elektricist\u00eb humb\u00ebn jet\u00ebn pasi u rr\u00ebzua shtylla e tensionit, arrestohen drejtori dhe inxhinieri i OST-s\u00eb n\u00eb Fier","gt_translate_keys":[{"key":"rendered","format":"text"}]},"content":{"rendered":"<p><a href=\"https:\/\/hashtag.al\/wp-content\/uploads\/2021\/06\/elektricistet-roskovec.jpg\"><img loading=\"lazy\" decoding=\"async\" class=\"aligncenter size-full wp-image-456929\" src=\"https:\/\/hashtag.al\/wp-content\/uploads\/2021\/06\/elektricistet-roskovec.jpg\" alt=\"\" width=\"1000\" height=\"749\" srcset=\"https:\/\/www.hashtag.al\/wp-content\/uploads\/2021\/06\/elektricistet-roskovec.jpg 1000w, https:\/\/www.hashtag.al\/wp-content\/uploads\/2021\/06\/elektricistet-roskovec-300x225.jpg 300w, https:\/\/www.hashtag.al\/wp-content\/uploads\/2021\/06\/elektricistet-roskovec-768x575.jpg 768w\" sizes=\"auto, (max-width: 1000px) 100vw, 1000px\" \/><\/a><\/p>\n<p><span style=\"color: #000000;\">Pas ngjarjes s\u00eb r\u00ebnd\u00eb q\u00eb ndodhi dit\u00ebn e djeshme ku humb\u00ebn jet\u00ebn dy elektricist\u00eb, policia ka v\u00ebn\u00eb n\u00eb pranga dy persona.<\/span><\/p>\n<p><span style=\"color: #000000;\">T\u00eb arrestuarit jan\u00eb drejtori dhe inxhinieri i OST-s\u00eb n\u00eb Fier, Andi Prifti dhe Eriseld Lala.<\/span><\/p>\n<p><span style=\"color: #000000;\">Ngjarja ndodhi pasditen e djeshme n\u00eb fshatin Jagodin\u00eb t\u00eb Rroskovecit. Policia njoftoi se Gjergji Duka 50 vje\u00e7 nga Ku\u00e7ova dhe Bashkim Saliasi 64 vje\u00e7 nga Mallakastra, humb\u00ebn jet\u00ebn pasi nj\u00eb shtyll\u00eb e tensionit t\u00eb lart\u00eb i zuri posht\u00eb.<\/span><\/p>\n<p><span style=\"color: #000000;\">T\u00eb dy ishin punonj\u00ebs t\u00eb Operatorit t\u00eb Sistemit t\u00eb Transmetimit t\u00eb cil\u00ebt po punonin p\u00ebr nd\u00ebrrimin e linj\u00ebs s\u00eb tensionit t\u00eb lart\u00eb.<\/span><\/p>\n<p><span style=\"color: #000000;\"><strong>Njoftimi i Policis\u00eb<\/strong><\/span><\/p>\n<p><span style=\"color: #000000;\">Specialist\u00ebt e Seksionit p\u00ebr Hetimin e Krimit Ekonomik e Finanaciar n\u00eb DVP Fier arrestuan n\u00eb flagranc\u00eb p\u00ebr vepr\u00ebn penale \u201cShp\u00ebrdorim detyre\u201d shtetasit:<\/span><\/p>\n<p><span style=\"color: #000000;\">Andi Prifti, 38 vje\u00e7, banues n\u00eb Fier, me detyr\u00eb Drejtor pran\u00eb OST, Nj\u00ebsia Operative Fier.<\/span><\/p>\n<p><span style=\"color: #000000;\">Eriseld Lala, 38 vje\u00e7, banues n\u00eb Fier, me detyr\u00eb Inxhinier pran\u00eb OST, Nj\u00ebsia Operative Fier.<\/span><\/p>\n<p><span style=\"color: #000000;\">Arrestimi i tyre u b\u00eb pasi k\u00ebta shtetas n\u00eb bashk\u00ebpunim me njeri tjetrin kan\u00eb urdh\u00ebruar punonj\u00ebsit e tyre t\u00eb kryejn\u00eb punime n\u00eb m\u00ebnyr\u00eb t\u00eb kundraligjshme n\u00eb linj\u00ebn 110 KV n\u00eb Jagodin\u00eb, Fier, ku si pasoj\u00eb kan\u00eb gjetur vdekjen gjat\u00eb punimeve shtetasit Gj. D., 50 vje\u00e7 dhe B. S., 64 vje\u00e7, punonj\u00ebs t\u00eb Nj\u00ebsis\u00eb Operative Fier.<\/span><\/p>\n<p><span style=\"color: #000000;\">Materialet procedurale i kaluan Prokuroris\u00eb pran\u00eb Gjykat\u00ebs s\u00eb Shkall\u00ebs s\u00eb Par\u00eb Fier, p\u00ebr hetime t\u00eb m\u00ebtejshme.<\/span><\/p>\n","protected":false,"gt_translate_keys":[{"key":"rendered","format":"html"}]},"excerpt":{"rendered":"<p>Pas ngjarjes s\u00eb r\u00ebnd\u00eb q\u00eb ndodhi dit\u00ebn e djeshme ku humb\u00ebn jet\u00ebn dy elektricist\u00eb, policia ka v\u00ebn\u00eb n\u00eb pranga dy persona. T\u00eb arrestuarit jan\u00eb drejtori dhe inxhinieri i OST-s\u00eb n\u00eb Fier, Andi Prifti dhe Eriseld Lala. Ngjarja ndodhi pasditen e djeshme n\u00eb fshatin Jagodin\u00eb t\u00eb Rroskovecit. Policia njoftoi se Gjergji Duka 50 vje\u00e7 nga Ku\u00e7ova [&hellip;]<\/p>\n","protected":false,"gt_translate_keys":[{"key":"rendered","format":"html"}]},"author":30,"featured_media":456929,"comment_status":"open","ping_status":"open","sticky":false,"template":"","format":"standard","meta":{"footnotes":""},"categories":[65,13],"tags":[],"class_list":["post-456931","post","type-post","status-publish","format-standard","has-post-thumbnail","hentry","category-lajme","category-te-fundit"],"gt_translate_keys":[{"key":"link","format":"url"}],"_links":{"self":[{"href":"https:\/\/www.hashtag.al\/index.php\/wp-json\/wp\/v2\/posts\/456931","targetHints":{"allow":["GET"]}}],"collection":[{"href":"https:\/\/www.hashtag.al\/index.php\/wp-json\/wp\/v2\/posts"}],"about":[{"href":"https:\/\/www.hashtag.al\/index.php\/wp-json\/wp\/v2\/types\/post"}],"author":[{"embeddable":true,"href":"https:\/\/www.hashtag.al\/index.php\/wp-json\/wp\/v2\/users\/30"}],"replies":[{"embeddable":true,"href":"https:\/\/www.hashtag.al\/index.php\/wp-json\/wp\/v2\/comments?post=456931"}],"version-history":[{"count":0,"href":"https:\/\/www.hashtag.al\/index.php\/wp-json\/wp\/v2\/posts\/456931\/revisions"}],"wp:featuredmedia":[{"embeddable":true,"href":"https:\/\/www.hashtag.al\/index.php\/wp-json\/wp\/v2\/media\/456929"}],"wp:attachment":[{"href":"https:\/\/www.hashtag.al\/index.php\/wp-json\/wp\/v2\/media?parent=456931"}],"wp:term":[{"taxonomy":"category","embeddable":true,"href":"https:\/\/www.hashtag.al\/index.php\/wp-json\/wp\/v2\/categories?post=456931"},{"taxonomy":"post_tag","embeddable":true,"href":"https:\/\/www.hashtag.al\/index.php\/wp-json\/wp\/v2\/tags?post=456931"}],"curies":[{"name":"wp","href":"https:\/\/api.w.org\/{rel}","templated":true}]}}