{"id":456905,"date":"2021-06-16T07:14:00","date_gmt":"2021-06-16T05:14:00","guid":{"rendered":"https:\/\/hashtag.al\/?p=456905"},"modified":"2021-06-16T07:14:00","modified_gmt":"2021-06-16T05:14:00","slug":"pandemia-godet-fort-shkodren-me-mbylljen-me-te-madhe-te-bizneseve-ne-2020-en","status":"publish","type":"post","link":"https:\/\/www.hashtag.al\/index.php\/2021\/06\/16\/pandemia-godet-fort-shkodren-me-mbylljen-me-te-madhe-te-bizneseve-ne-2020-en\/","title":{"rendered":"Pandemia godet fort Shkodr\u00ebn, me mbylljen m\u00eb t\u00eb madhe t\u00eb bizneseve n\u00eb 2020-\u00ebn","gt_translate_keys":[{"key":"rendered","format":"text"}]},"content":{"rendered":"<p><a href=\"https:\/\/hashtag.al\/wp-content\/uploads\/2021\/06\/shkodra3.jpg\"><img loading=\"lazy\" decoding=\"async\" class=\"aligncenter size-full wp-image-456906\" src=\"https:\/\/hashtag.al\/wp-content\/uploads\/2021\/06\/shkodra3.jpg\" alt=\"\" width=\"2400\" height=\"1400\" srcset=\"https:\/\/www.hashtag.al\/wp-content\/uploads\/2021\/06\/shkodra3.jpg 2400w, https:\/\/www.hashtag.al\/wp-content\/uploads\/2021\/06\/shkodra3-300x175.jpg 300w, https:\/\/www.hashtag.al\/wp-content\/uploads\/2021\/06\/shkodra3-768x448.jpg 768w, https:\/\/www.hashtag.al\/wp-content\/uploads\/2021\/06\/shkodra3-1024x597.jpg 1024w, https:\/\/www.hashtag.al\/wp-content\/uploads\/2021\/06\/shkodra3-250x145.jpg 250w\" sizes=\"auto, (max-width: 2400px) 100vw, 2400px\" \/><\/a><\/p>\n<p><span style=\"color: #000000;\">Kryeqendra e Veriut t\u00eb vendit, Shkodra duket se ka qen\u00eb m\u00eb e goditura nga kriza e pandemis\u00eb s\u00eb koronavirusit.<\/span><br \/>\n<span style=\"color: #000000;\">Teksa n\u00eb t\u00eb gjith\u00eb vendin, numri i bizneseve vitin e kaluar sh\u00ebnoi rritje me 2.5% (p\u00ebrfshir\u00eb bujq\u00ebsin\u00eb), n\u00eb Shkod\u00ebr u mbyll\u00ebn 214 biznese, numri m\u00eb i madh n\u00eb rang vendi, raportoi INSTAT.<\/span><\/p>\n<p><span style=\"color: #000000;\">Nga t\u00eb 61 bashkit\u00eb e vendit, n\u00eb 6 bashki numri i p\u00ebrgjithsh\u00ebm i bizneseve sh\u00ebnoi r\u00ebnie, nd\u00ebrsa n\u00eb 54 t\u00eb tjera sh\u00ebnoi rritje dhe n\u00eb vet\u00ebm nj\u00eb bashki, at\u00eb t\u00eb Dropullit, u raportua i nj\u00ebjti num\u00ebr biznesesh si edhe n\u00eb vitin 2019.<\/span><\/p>\n<p><span style=\"color: #000000;\">Si\u00e7 shihet nga t\u00eb dh\u00ebnat, bashkit\u00eb e m\u00ebdha e kan\u00eb p\u00ebrballuar mir\u00eb kriz\u00ebn pandemike, p\u00ebrve\u00e7 Shkodr\u00ebs. P\u00ebr shembull, Bashkia e Tiran\u00ebs u zgjerua edhe me 491 biznese t\u00eb reja me shtim 1.1% t\u00eb stokut t\u00eb bizneseve. Edhe n\u00eb Bashkin\u00eb e Durr\u00ebsit, q\u00eb p\u00ebsoi goditje t\u00eb dyfisht\u00eb prej t\u00ebrmetit t\u00eb 26 n\u00ebntorit 2019 dhe kriz\u00ebs pandemike, vitin e kaluar u hap\u00ebn 42 biznese t\u00eb reja. N\u00eb Kor\u00e7\u00eb u hapen 96 biznese t\u00eb reja, n\u00eb Elbasan 147, n\u00eb Vlor\u00eb 86.<\/span><\/p>\n<p><span style=\"color: #000000;\">Vet\u00ebm Shkodra dhe disa bashki t\u00eb vogla n\u00eb Veri p\u00ebsuan r\u00ebnie t\u00eb stokut t\u00eb bizneseve aktive. N\u00eb p\u00ebrqindje r\u00ebnia m\u00eb e madhe ishte n\u00eb Bashkin\u00eb e Klosit, ku u mbyll\u00ebn 10.5% e bizneseve m\u00eb 2020, n\u00eb Fush\u00eb-Arr\u00ebs me 10%, dhe Skrapar me 4.7% dhe Shkod\u00ebr me 3.2%.<\/span><\/p>\n<p><span style=\"color: #000000;\">Nga ana tjet\u00ebr, rritja m\u00eb e madhe e numrit t\u00eb bizneseve, u pa n\u00eb Tiran\u00eb (+491),Lushnj\u00eb (+467), Berat (+212), Divjak\u00eb (+204) dhe Maliq (+189).<\/span><\/p>\n<p><span style=\"color: #000000;\">Shkodra, e cili zot\u00ebron burime t\u00eb shumta natyrore dhe kulturore, ka performanc\u00ebn m\u00eb negative nga 12 qarqet, n\u00eb treguesit e papun\u00ebsis\u00eb, klim\u00ebs s\u00eb biznesit dhe emigracionit t\u00eb lart\u00eb gjat\u00eb vitit 2020 por edhe gjat\u00eb dekad\u00ebs s\u00eb fundit.<\/span><\/p>\n<p><span style=\"color: #000000;\">Nga censi i vitit 2011, deri n\u00eb mes t\u00eb vitit 2019, popullsia e Qarkut t\u00eb Shkodr\u00ebs u tkurr me 16.7% nga emigracioni, duke e renditur at\u00eb t\u00eb par\u00ebn p\u00ebr nga numri i madh i qytetar\u00ebve t\u00eb larguar jasht\u00eb vendit. P\u00ebrmbytjet e fundit dhe ekspozimi m\u00eb i lart\u00eb ndaj fatkeq\u00ebsive natyrore e kan\u00eb d\u00ebmtuar edhe m\u00eb shum\u00eb qytetin.<\/span><\/p>\n<p><span style=\"color: #000000;\">Kryetarja e Bashkis\u00eb, Voltana Ademi, m\u00eb her\u00ebt tha p\u00ebr \u201cMonitor\u201d se, p\u00ebrkeq\u00ebsimi i treguesve ekonomik\u00eb dhe demografik\u00eb n\u00eb Shkod\u00ebr po vjen prej aktivitetit t\u00eb lart\u00eb t\u00eb krimit t\u00eb organizuar. Shum\u00eb biznese n\u00eb qytet jan\u00eb t\u00eb detyruara t\u00eb paguajn\u00eb gjoba t\u00eb majme kundrejt organizatave kriminale, krahas taksave p\u00ebr qeverin\u00eb. Kjo situat\u00eb, sipas saj, ka r\u00ebnduar jetes\u00ebn normale n\u00eb nj\u00eb qytet q\u00eb trash\u00ebgon histori dhe kultur\u00eb, ndaj shum\u00eb qytetar\u00eb zgjedhin t\u00eb largohen.<\/span><\/p>\n<p><span style=\"color: #000000;\">N\u00eb 10 vitet e fundit, pabarazia nd\u00ebrmjet qarqeve dhe rajoneve \u00ebsht\u00eb thelluar. Veriut i duhen 15 vjet p\u00ebr t\u00eb arritur nivelin q\u00eb ka rajoni i qendr\u00ebs sot. Ekspert\u00ebt k\u00ebshillojn\u00eb krijimin e vendeve t\u00eb pun\u00ebs me vler\u00eb t\u00eb shtuar p\u00ebr t\u00eb rinjt\u00eb.<\/span><\/p>\n<p><span style=\"color: #000000;\"><strong><span style=\"color: #ff0000;\">VINI RE:<\/span> Ky artikull \u00ebsht\u00eb pron\u00eb intelektuale e <span style=\"color: #0000ff;\"><a style=\"color: #0000ff;\" href=\"https:\/\/www.monitor.al\/pandemia-godet-fort-shkodren-me-mbylljen-me-te-madhe-te-bizneseve-me-2020\/\">Monitor.al<\/a><\/span><\/strong><\/span><\/p>\n<p>&nbsp;<\/p>\n<p><iframe id=\"datawrapper-chart-QaknR\" title=\"[ Nd\u00ebrmarrjet aktive sipas bashkive, p\u00ebrfshir\u00eb bujq\u00ebsin\u00eb (NR) ]\" src=\"https:\/\/datawrapper.dwcdn.net\/QaknR\/2\/\" height=\"4067\" frameborder=\"0\" scrolling=\"no\" aria-label=\"Grouped Bars\" data-mce-fragment=\"1\"><\/iframe><\/p>\n<div class=\"ssba-classic-2 ssba ssbp-wrap left ssbp--theme-1\"><\/div>\n","protected":false,"gt_translate_keys":[{"key":"rendered","format":"html"}]},"excerpt":{"rendered":"<p>Kryeqendra e Veriut t\u00eb vendit, Shkodra duket se ka qen\u00eb m\u00eb e goditura nga kriza e pandemis\u00eb s\u00eb koronavirusit. Teksa n\u00eb t\u00eb gjith\u00eb vendin, numri i bizneseve vitin e kaluar sh\u00ebnoi rritje me 2.5% (p\u00ebrfshir\u00eb bujq\u00ebsin\u00eb), n\u00eb Shkod\u00ebr u mbyll\u00ebn 214 biznese, numri m\u00eb i madh n\u00eb rang vendi, raportoi INSTAT. Nga t\u00eb 61 bashkit\u00eb [&hellip;]<\/p>\n","protected":false,"gt_translate_keys":[{"key":"rendered","format":"html"}]},"author":30,"featured_media":456906,"comment_status":"open","ping_status":"open","sticky":false,"template":"","format":"standard","meta":{"footnotes":""},"categories":[65],"tags":[],"class_list":["post-456905","post","type-post","status-publish","format-standard","has-post-thumbnail","hentry","category-lajme"],"gt_translate_keys":[{"key":"link","format":"url"}],"_links":{"self":[{"href":"https:\/\/www.hashtag.al\/index.php\/wp-json\/wp\/v2\/posts\/456905","targetHints":{"allow":["GET"]}}],"collection":[{"href":"https:\/\/www.hashtag.al\/index.php\/wp-json\/wp\/v2\/posts"}],"about":[{"href":"https:\/\/www.hashtag.al\/index.php\/wp-json\/wp\/v2\/types\/post"}],"author":[{"embeddable":true,"href":"https:\/\/www.hashtag.al\/index.php\/wp-json\/wp\/v2\/users\/30"}],"replies":[{"embeddable":true,"href":"https:\/\/www.hashtag.al\/index.php\/wp-json\/wp\/v2\/comments?post=456905"}],"version-history":[{"count":0,"href":"https:\/\/www.hashtag.al\/index.php\/wp-json\/wp\/v2\/posts\/456905\/revisions"}],"wp:featuredmedia":[{"embeddable":true,"href":"https:\/\/www.hashtag.al\/index.php\/wp-json\/wp\/v2\/media\/456906"}],"wp:attachment":[{"href":"https:\/\/www.hashtag.al\/index.php\/wp-json\/wp\/v2\/media?parent=456905"}],"wp:term":[{"taxonomy":"category","embeddable":true,"href":"https:\/\/www.hashtag.al\/index.php\/wp-json\/wp\/v2\/categories?post=456905"},{"taxonomy":"post_tag","embeddable":true,"href":"https:\/\/www.hashtag.al\/index.php\/wp-json\/wp\/v2\/tags?post=456905"}],"curies":[{"name":"wp","href":"https:\/\/api.w.org\/{rel}","templated":true}]}}