{"id":456832,"date":"2021-06-15T17:02:44","date_gmt":"2021-06-15T15:02:44","guid":{"rendered":"https:\/\/hashtag.al\/?p=456832"},"modified":"2021-06-15T17:15:15","modified_gmt":"2021-06-15T15:15:15","slug":"g7-bie-dakord-per-clirimet-zero-te-karbonit-deri-ne-vitin-2050","status":"publish","type":"post","link":"https:\/\/www.hashtag.al\/index.php\/2021\/06\/15\/g7-bie-dakord-per-clirimet-zero-te-karbonit-deri-ne-vitin-2050\/","title":{"rendered":"G7 bie dakord p\u00ebr \u00e7lirimet zero t\u00eb karbonit deri n\u00eb vitin 2050","gt_translate_keys":[{"key":"rendered","format":"text"}]},"content":{"rendered":"<p><span style=\"color: #000000;\"><img loading=\"lazy\" decoding=\"async\" class=\"aligncenter size-full wp-image-456833\" src=\"https:\/\/hashtag.al\/wp-content\/uploads\/2021\/06\/g7qymyr.jpg\" alt=\"\" width=\"992\" height=\"550\" srcset=\"https:\/\/www.hashtag.al\/wp-content\/uploads\/2021\/06\/g7qymyr.jpg 992w, https:\/\/www.hashtag.al\/wp-content\/uploads\/2021\/06\/g7qymyr-300x166.jpg 300w, https:\/\/www.hashtag.al\/wp-content\/uploads\/2021\/06\/g7qymyr-768x426.jpg 768w, https:\/\/www.hashtag.al\/wp-content\/uploads\/2021\/06\/g7qymyr-750x415.jpg 750w\" sizes=\"auto, (max-width: 992px) 100vw, 992px\" \/><\/span><\/p>\n<p><span style=\"color: #000000;\">G7, q\u00eb bashkon disa nga ekonomit\u00eb kryesore n\u00eb bot\u00eb, ka n\u00ebnshkruar nj\u00eb marr\u00ebveshje p\u00ebr t&#8217;u larguar nga impiantet e qymyrit dhe p\u00ebr t\u00eb ndaluar financimin e minierave t\u00eb reja t\u00eb qymyrit, p\u00ebr t\u00eb trajtuar ndryshimin e klim\u00ebs, ka th\u00ebn\u00eb zyrtarja e lart\u00eb e BE-s\u00eb.<\/span><\/p>\n<p><span style=\"color: #000000;\"><em>&#8220;Ne duhet t\u00eb dekarbonizojm\u00eb sektorin e energjis\u00eb.&#8221;<\/em> &#8211; shkroi n\u00eb Twitter shefja e Komisionit Evropian, Ursula von der Leyen, duke shtuar se partner\u00ebt e G7 \u2018ran\u00eb dakord t\u00eb heqin qymyrin nga p\u00ebrdorimi\u2019.<\/span><\/p>\n<p><span style=\"color: #000000;\"><em>&#8220;Marr\u00ebveshja e G7-\u00ebs p\u00ebr t&#8217;i dh\u00ebn\u00eb fund financave globale t\u00eb qymyrit \u00ebsht\u00eb nj\u00eb arritje e madhe dhe i d\u00ebrgon nj\u00eb mesazh t\u00eb fort\u00eb bot\u00ebs.&#8221;<\/em> &#8211; shkroi ajo.<\/span><\/p>\n<p><span style=\"color: #000000;\">BBC raportoi se t\u00eb pranishmit n\u00eb takimin e G7 n\u00eb Britani do i japin fund financimit t\u00eb prodhimit t\u00eb ri t\u00eb qymyrit n\u00eb vendet n\u00eb zhvillim dhe caktoi deri n\u00eb 2.6 miliard\u00eb euro p\u00ebr t\u00eb ndaluar p\u00ebrdorimin e karburantit.<\/span><\/p>\n<p><span style=\"color: #000000;\">Von der Leyen tha se BE-ja synon t\u00eb marr\u00eb 38% t\u00eb energjis\u00eb s\u00eb saj nga burimet e rinovueshme deri n\u00eb vitin 2030, pasi G7 planifikon t\u00eb arrij\u00eb \u00e7lirimet zero deri n\u00eb vitin 2050.<\/span><\/p>\n<p><span style=\"color: #000000;\">N\u00eb nj\u00eb deklarat\u00eb t\u00eb p\u00ebrbashk\u00ebt, G7 u zotua t\u00eb shpenzoj\u00eb 100 miliard\u00eb dollar\u00eb n\u00eb vit deri n\u00eb vitin 2025 p\u00ebr t\u00eb ndihmuar vendet e varf\u00ebra t\u00eb zbusin efektet e ndryshimit t\u00eb klim\u00ebs.<\/span><\/p>\n<p><span style=\"color: #000000;\">G7 p\u00ebrfshin SHBA-n\u00eb, Kanadan\u00eb,Mbret\u00ebrin\u00eb e Bashkuar, Franc\u00ebn, Gjermanin\u00eb, Italin\u00eb e Japonin\u00eb. Shefja e Komisionit Evropian merr pjes\u00eb n\u00eb takimet e e grupit.<\/span><\/p>\n","protected":false,"gt_translate_keys":[{"key":"rendered","format":"html"}]},"excerpt":{"rendered":"<p>G7, q\u00eb bashkon disa nga ekonomit\u00eb kryesore n\u00eb bot\u00eb, ka n\u00ebnshkruar nj\u00eb marr\u00ebveshje p\u00ebr t&#8217;u larguar nga impiantet e qymyrit dhe p\u00ebr t\u00eb ndaluar financimin e minierave t\u00eb reja t\u00eb qymyrit, p\u00ebr t\u00eb trajtuar ndryshimin e klim\u00ebs, ka th\u00ebn\u00eb zyrtarja e lart\u00eb e BE-s\u00eb. &#8220;Ne duhet t\u00eb dekarbonizojm\u00eb sektorin e energjis\u00eb.&#8221; &#8211; shkroi n\u00eb Twitter [&hellip;]<\/p>\n","protected":false,"gt_translate_keys":[{"key":"rendered","format":"html"}]},"author":51,"featured_media":456833,"comment_status":"open","ping_status":"open","sticky":false,"template":"","format":"standard","meta":{"footnotes":""},"categories":[53],"tags":[],"class_list":["post-456832","post","type-post","status-publish","format-standard","has-post-thumbnail","hentry","category-fast-foodi"],"gt_translate_keys":[{"key":"link","format":"url"}],"_links":{"self":[{"href":"https:\/\/www.hashtag.al\/index.php\/wp-json\/wp\/v2\/posts\/456832","targetHints":{"allow":["GET"]}}],"collection":[{"href":"https:\/\/www.hashtag.al\/index.php\/wp-json\/wp\/v2\/posts"}],"about":[{"href":"https:\/\/www.hashtag.al\/index.php\/wp-json\/wp\/v2\/types\/post"}],"author":[{"embeddable":true,"href":"https:\/\/www.hashtag.al\/index.php\/wp-json\/wp\/v2\/users\/51"}],"replies":[{"embeddable":true,"href":"https:\/\/www.hashtag.al\/index.php\/wp-json\/wp\/v2\/comments?post=456832"}],"version-history":[{"count":0,"href":"https:\/\/www.hashtag.al\/index.php\/wp-json\/wp\/v2\/posts\/456832\/revisions"}],"wp:featuredmedia":[{"embeddable":true,"href":"https:\/\/www.hashtag.al\/index.php\/wp-json\/wp\/v2\/media\/456833"}],"wp:attachment":[{"href":"https:\/\/www.hashtag.al\/index.php\/wp-json\/wp\/v2\/media?parent=456832"}],"wp:term":[{"taxonomy":"category","embeddable":true,"href":"https:\/\/www.hashtag.al\/index.php\/wp-json\/wp\/v2\/categories?post=456832"},{"taxonomy":"post_tag","embeddable":true,"href":"https:\/\/www.hashtag.al\/index.php\/wp-json\/wp\/v2\/tags?post=456832"}],"curies":[{"name":"wp","href":"https:\/\/api.w.org\/{rel}","templated":true}]}}