{"id":456684,"date":"2021-06-15T07:15:08","date_gmt":"2021-06-15T05:15:08","guid":{"rendered":"https:\/\/hashtag.al\/?p=456684"},"modified":"2021-06-15T07:15:08","modified_gmt":"2021-06-15T05:15:08","slug":"shqiperia-zbrazet-nga-te-rinjte-zevendesohet-ne-tregun-e-punes-nga-pensionistet","status":"publish","type":"post","link":"https:\/\/www.hashtag.al\/index.php\/2021\/06\/15\/shqiperia-zbrazet-nga-te-rinjte-zevendesohet-ne-tregun-e-punes-nga-pensionistet\/","title":{"rendered":"Shqip\u00ebria zbrazet nga t\u00eb rinjt\u00eb, z\u00ebvend\u00ebsohet n\u00eb tregun e pun\u00ebs nga pensionist\u00ebt","gt_translate_keys":[{"key":"rendered","format":"text"}]},"content":{"rendered":"<p><a href=\"https:\/\/hashtag.al\/wp-content\/uploads\/2021\/06\/pensionist.jpg\"><img loading=\"lazy\" decoding=\"async\" class=\"aligncenter size-full wp-image-456687\" src=\"https:\/\/hashtag.al\/wp-content\/uploads\/2021\/06\/pensionist.jpg\" alt=\"\" width=\"1000\" height=\"562\" srcset=\"https:\/\/www.hashtag.al\/wp-content\/uploads\/2021\/06\/pensionist.jpg 1000w, https:\/\/www.hashtag.al\/wp-content\/uploads\/2021\/06\/pensionist-300x169.jpg 300w, https:\/\/www.hashtag.al\/wp-content\/uploads\/2021\/06\/pensionist-768x432.jpg 768w\" sizes=\"auto, (max-width: 1000px) 100vw, 1000px\" \/><\/a><\/p>\n<p><span style=\"color: #000000;\">Nj\u00eb seri faktor\u00ebsh demografik, ku kryeson emigracioni i lart\u00eb po redukton me ritme t\u00eb p\u00ebrshpejtuara forc\u00ebn e pun\u00ebs tek t\u00eb rinjt\u00eb 15-29 vje\u00e7.<\/span><\/p>\n<p><span style=\"color: #000000;\">N\u00eb t\u00eb kund\u00ebrt, numri i pensionist\u00ebve n\u00eb pun\u00eb po rritet ndjesh\u00ebm.<\/span><\/p>\n<p><span style=\"color: #000000;\">T\u00eb dh\u00ebnat e INSTAT tregojn\u00eb se, n\u00eb tremujorin e par\u00eb t\u00eb vitit 2021 forca e pun\u00ebs n\u00eb grup-mosh\u00ebn 15-29 vje\u00e7 sh\u00ebnoi 326,106 persona, 27 mij\u00eb m\u00eb pak se nj\u00eb vit m\u00eb par\u00eb ose 7.7% m\u00eb pak.<\/span><\/p>\n<p><span style=\"color: #000000;\">Forca e pun\u00ebs reduktohet p\u00ebr dy faktor\u00eb themelore.<\/span><\/p>\n<p><span style=\"color: #000000;\">E para, r\u00ebnia e p\u00ebrgjithshme popullsis\u00eb n\u00eb mosh\u00eb pune dhe e dyta kur popullsia n\u00eb mosh\u00eb pun\u00eb b\u00ebhet inaktive (nuk d\u00ebshiron t\u00eb punoj\u00eb).<\/span><\/p>\n<p><span style=\"color: #000000;\">P\u00ebrgjith\u00ebsisht kur forca e pun\u00ebs bie rritet numri i personave \u201cdembele\u201d , inaktiv\u00ebt. Por n\u00eb rastin e grup mosh\u00ebs 15-29 vje\u00e7 inaktiviteti \u00ebsht\u00eb rritur shum\u00eb pak n\u00eb krahasim me r\u00ebnien q\u00eb ka ndodhur n\u00eb forc\u00ebn e pun\u00ebs, duke reflektuar qart\u00eb r\u00ebnien e popullsis\u00eb banuese n\u00eb vend n\u00eb ket\u00eb grup-mosh\u00eb.<\/span><\/p>\n<p><span style=\"color: #000000;\">Nga tremujori i par\u00eb 2020 deri n\u00eb tremujorin e par\u00eb 2020, rreth 8800 t\u00eb rinj kan\u00eb r\u00ebn\u00eb n\u00eb inaktivitet, por nd\u00ebrkoh\u00eb forca e pun\u00ebs ka r\u00ebn\u00eb me 27 mij\u00eb t\u00eb rinj.<\/span><\/p>\n<p><span style=\"color: #000000;\">Tkurrja e numrit t\u00eb t\u00eb rinjve t\u00eb forc\u00ebn e pun\u00ebs po vjen nga dy arsye kryesore. E para lidhet me emigracionin e lart\u00eb t\u00eb k\u00ebsaj grup moshe. T\u00eb dh\u00ebnat e m\u00ebparshme t\u00eb Eurostat mbi azilk\u00ebrkuesit tregojn\u00eb se mbi 80% e azilk\u00ebrkuesve shqiptare jan\u00eb t\u00eb rinj.<\/span><\/p>\n<p><span style=\"color: #000000;\">Arsyeja e dyt\u00eb lidhet me r\u00ebnien e lindjeve pas vitit 2000. R\u00ebnia sistematike e lindjeve ka ulur n\u00eb m\u00ebnyr\u00eb t\u00eb natyrshme grupin e t\u00eb rinjve n\u00eb forc\u00ebn e pun\u00ebs.<\/span><\/p>\n<p><span style=\"color: #000000;\">Projeksionet e popullsis\u00eb p\u00ebr tri n\u00ebnndarje t\u00eb grup-mosh\u00ebs s\u00eb t\u00eb rinjve, p\u00ebr vitet 2018-2021, tregojn\u00eb qart\u00eb q\u00eb prurjet e moshave 15-19 dhe 20-24 vje\u00e7 paraqesin r\u00ebnie t\u00eb dukshme gjat\u00eb viteve n\u00eb vijim, tendenc\u00eb kjo q\u00eb sh\u00ebnon pik\u00ebnisjen e trendit r\u00ebn\u00ebs p\u00ebr forc\u00ebn e pun\u00ebs.<\/span><\/p>\n<p><span style=\"color: #000000;\">Shifrat flasin p\u00ebr v\u00ebshtir\u00ebsi t\u00eb pun\u00ebsimit t\u00eb hasura kryesisht tek t\u00eb rinjt\u00eb. Tek grup-mosha 15-29 vje\u00e7 tregu i pun\u00ebs \u00ebsht\u00eb i paq\u00ebndruesh\u00ebm.<\/span><\/p>\n<p><span style=\"color: #000000;\">N\u00eb tremujorin e par\u00eb t\u00eb vitit 2021, shkalla zyrtare e papun\u00ebsis\u00eb p\u00ebr t\u00eb rinjt\u00eb \u00ebsht\u00eb 23,3 %. Papun\u00ebsia e t\u00eb rinjve shfaqi tendenc\u00eb rrit\u00ebse. Krahasuar me tremujorin e par\u00eb t\u00eb vitit 2020, shkalla e papun\u00ebsis\u00eb p\u00ebr t\u00eb rinjt\u00eb, n\u00eb tremujorin e par\u00eb 2021, \u00ebsht\u00eb 3,3 pik\u00eb p\u00ebrqindje m\u00eb e lart\u00eb. Krahasuar me tremujorin e kat\u00ebrt 2020 \u00ebsht\u00eb rritur me 1,6 pik\u00eb p\u00ebrqindje.<\/span><\/p>\n<p><span style=\"color: #000000;\">T\u00eb rinjt\u00eb e mosh\u00ebs 15-29 vje\u00e7 q\u00eb deklaruan se jan\u00eb nx\u00ebn\u00ebs\/student\u00eb ose n\u00eb trajnim p\u00ebrb\u00ebnin 70,1 % te t\u00eb rinjve ekonomikisht jo-aktiv\u00eb n\u00eb tremujorin e par\u00eb 2021, nd\u00ebrsa 9,0 % u klasifikuan si t\u00eb papun\u00eb t\u00eb dekurajuar.<\/span><\/p>\n<p><span style=\"color: #000000;\"><strong>Rritet me 30% numri i pensionist\u00ebve n\u00eb pun\u00eb<\/strong><\/span><\/p>\n<p><span style=\"color: #000000;\">Hendeku q\u00eb po l\u00ebn\u00eb t\u00eb rinjt\u00eb n\u00eb tregun e pun\u00ebs po z\u00ebvend\u00ebsohet me pensionist\u00eb. Sipas t\u00eb dh\u00ebnave t\u00eb INSTAT numri i personave mbi 64 vje\u00e7 q\u00eb jan\u00eb raportuar n\u00eb pun\u00eb arriti n\u00eb mbi 86 mij\u00eb n\u00eb tremujorin e par\u00eb t\u00eb vitit 2021 me nj\u00eb rritje 30 % n\u00eb raport me t\u00eb nj\u00ebjt\u00ebn periudh\u00eb t\u00eb nj\u00eb viti m\u00eb par\u00eb. Numri i personave n\u00eb pun\u00eb mbi 60 vje\u00e7 arriti rekord n\u00eb tremujorin e par\u00eb t\u00eb k\u00ebtij viti. Ata po b\u00ebhen gjithnj\u00eb e m\u00eb atraktiv n\u00eb tregun e pun\u00ebs p\u00ebr shkak t\u00eb zanateve q\u00eb zot\u00ebrojn\u00eb. Bizneset po gjejn\u00eb m\u00eb shum\u00eb aft\u00ebsi te moshat e vjetra. T\u00eb rinjt\u00eb jan\u00eb m\u00eb t\u00eb pak\u00ebt n\u00eb num\u00ebr dhe gjithnj\u00eb e m\u00eb pak po tentojn\u00eb t\u00eb m\u00ebsojn\u00eb zanate. Tendenca p\u00ebr t\u00eb fituar shpejt dhe shum\u00eb pa lodhje \u00ebsht\u00eb tashm\u00eb evidente.<\/span><\/p>\n<p><span style=\"color: #000000;\">Shum\u00eb biznese sidomos n\u00eb sektorin e nd\u00ebrtimit dhe fasonit po vuajn\u00eb munges\u00ebn e punonj\u00ebsve, teksa kan\u00eb nisur p\u00ebrpjekjet p\u00ebr ti plot\u00ebsuar nevojat me t\u00eb huaj nga Afrika dhe Azia.<\/span><\/p>\n<p><span style=\"color: #000000;\"><strong><span style=\"color: #ff0000;\">VINI RE:<\/span> Ky artikull \u00ebsht\u00eb pron\u00eb intelektuale e <span style=\"color: #0000ff;\"><a style=\"color: #0000ff;\" href=\"https:\/\/www.monitor.al\/shqiperia-zbrazet-nga-te-rinjte-zevendesohet-ne-tregun-e-punes-nga-pensionistet\/\">Monitor.al<\/a><\/span><\/strong><\/span><\/p>\n<p><a href=\"https:\/\/hashtag.al\/wp-content\/uploads\/2021\/06\/121.png\"><img loading=\"lazy\" decoding=\"async\" class=\"aligncenter size-full wp-image-456685\" src=\"https:\/\/hashtag.al\/wp-content\/uploads\/2021\/06\/121.png\" alt=\"\" width=\"768\" height=\"411\" srcset=\"https:\/\/www.hashtag.al\/wp-content\/uploads\/2021\/06\/121.png 768w, https:\/\/www.hashtag.al\/wp-content\/uploads\/2021\/06\/121-300x161.png 300w\" sizes=\"auto, (max-width: 768px) 100vw, 768px\" \/><\/a><a href=\"https:\/\/hashtag.al\/wp-content\/uploads\/2021\/06\/ere.jpg\"><img loading=\"lazy\" decoding=\"async\" class=\"aligncenter size-full wp-image-456686\" src=\"https:\/\/hashtag.al\/wp-content\/uploads\/2021\/06\/ere.jpg\" alt=\"\" width=\"768\" height=\"401\" srcset=\"https:\/\/www.hashtag.al\/wp-content\/uploads\/2021\/06\/ere.jpg 768w, https:\/\/www.hashtag.al\/wp-content\/uploads\/2021\/06\/ere-300x157.jpg 300w\" sizes=\"auto, (max-width: 768px) 100vw, 768px\" \/><\/a><\/p>\n","protected":false,"gt_translate_keys":[{"key":"rendered","format":"html"}]},"excerpt":{"rendered":"<p>Nj\u00eb seri faktor\u00ebsh demografik, ku kryeson emigracioni i lart\u00eb po redukton me ritme t\u00eb p\u00ebrshpejtuara forc\u00ebn e pun\u00ebs tek t\u00eb rinjt\u00eb 15-29 vje\u00e7. N\u00eb t\u00eb kund\u00ebrt, numri i pensionist\u00ebve n\u00eb pun\u00eb po rritet ndjesh\u00ebm. T\u00eb dh\u00ebnat e INSTAT tregojn\u00eb se, n\u00eb tremujorin e par\u00eb t\u00eb vitit 2021 forca e pun\u00ebs n\u00eb grup-mosh\u00ebn 15-29 vje\u00e7 sh\u00ebnoi [&hellip;]<\/p>\n","protected":false,"gt_translate_keys":[{"key":"rendered","format":"html"}]},"author":30,"featured_media":456687,"comment_status":"open","ping_status":"open","sticky":false,"template":"","format":"standard","meta":{"footnotes":""},"categories":[65],"tags":[],"class_list":["post-456684","post","type-post","status-publish","format-standard","has-post-thumbnail","hentry","category-lajme"],"gt_translate_keys":[{"key":"link","format":"url"}],"_links":{"self":[{"href":"https:\/\/www.hashtag.al\/index.php\/wp-json\/wp\/v2\/posts\/456684","targetHints":{"allow":["GET"]}}],"collection":[{"href":"https:\/\/www.hashtag.al\/index.php\/wp-json\/wp\/v2\/posts"}],"about":[{"href":"https:\/\/www.hashtag.al\/index.php\/wp-json\/wp\/v2\/types\/post"}],"author":[{"embeddable":true,"href":"https:\/\/www.hashtag.al\/index.php\/wp-json\/wp\/v2\/users\/30"}],"replies":[{"embeddable":true,"href":"https:\/\/www.hashtag.al\/index.php\/wp-json\/wp\/v2\/comments?post=456684"}],"version-history":[{"count":0,"href":"https:\/\/www.hashtag.al\/index.php\/wp-json\/wp\/v2\/posts\/456684\/revisions"}],"wp:featuredmedia":[{"embeddable":true,"href":"https:\/\/www.hashtag.al\/index.php\/wp-json\/wp\/v2\/media\/456687"}],"wp:attachment":[{"href":"https:\/\/www.hashtag.al\/index.php\/wp-json\/wp\/v2\/media?parent=456684"}],"wp:term":[{"taxonomy":"category","embeddable":true,"href":"https:\/\/www.hashtag.al\/index.php\/wp-json\/wp\/v2\/categories?post=456684"},{"taxonomy":"post_tag","embeddable":true,"href":"https:\/\/www.hashtag.al\/index.php\/wp-json\/wp\/v2\/tags?post=456684"}],"curies":[{"name":"wp","href":"https:\/\/api.w.org\/{rel}","templated":true}]}}