{"id":456608,"date":"2021-06-14T08:18:39","date_gmt":"2021-06-14T06:18:39","guid":{"rendered":"https:\/\/hashtag.al\/?p=456608"},"modified":"2021-06-14T08:20:47","modified_gmt":"2021-06-14T06:20:47","slug":"kryeministri-i-ri-i-izraelit-zotohet-te-bashkoje-kombin","status":"publish","type":"post","link":"https:\/\/www.hashtag.al\/index.php\/2021\/06\/14\/kryeministri-i-ri-i-izraelit-zotohet-te-bashkoje-kombin\/","title":{"rendered":"Kryeministri i ri i Izraelit zotohet t\u00eb bashkoj\u00eb kombin","gt_translate_keys":[{"key":"rendered","format":"text"}]},"content":{"rendered":"<p><a href=\"https:\/\/hashtag.al\/wp-content\/uploads\/2021\/06\/bennet.jpg\"><img loading=\"lazy\" decoding=\"async\" class=\"size-full wp-image-456609\" src=\"https:\/\/hashtag.al\/wp-content\/uploads\/2021\/06\/bennet.jpg\" alt=\"\" width=\"1024\" height=\"683\" srcset=\"https:\/\/www.hashtag.al\/wp-content\/uploads\/2021\/06\/bennet.jpg 1024w, https:\/\/www.hashtag.al\/wp-content\/uploads\/2021\/06\/bennet-300x200.jpg 300w, https:\/\/www.hashtag.al\/wp-content\/uploads\/2021\/06\/bennet-768x512.jpg 768w\" sizes=\"auto, (max-width: 1024px) 100vw, 1024px\" \/><\/a><\/p>\n<p><span style=\"color: #000000;\">Kryeministri i ri i Izraelit zotohet t\u00eb bashkoj\u00eb kombin e shkat\u00ebrruar nga kat\u00ebr zgjedhje n\u00eb dy vjet bllokim politik.<\/span><\/p>\n<p><span style=\"color: #000000;\">Sikurse shkruan <span style=\"color: #0000ff;\"><a style=\"color: #0000ff;\" href=\"https:\/\/www.bbc.com\/news\/world-middle-east-57464794?at_custom4=1CA66D36-CCAD-11EB-A321-6C2C0EDC252D&amp;at_custom3=BBC+News&amp;at_custom2=facebook_page&amp;at_medium=custom7&amp;at_custom1=%5Bpost+type%5D&amp;at_campaign=64&amp;fbclid=IwAR0VWgz2t1HSBd4EDaVZSrWCO8UEKM1NLBo_bu_UpF2BvIWb0ZF4SJW-lT8\">BBC<\/a><\/span>, ai tha se qeveria e tij do t\u00eb <em>&#8220;punonte p\u00ebr hir t\u00eb t\u00eb gjith\u00eb njer\u00ebzve&#8221;,<\/em> duke shtuar se p\u00ebrpar\u00ebsit\u00eb do t\u00eb ishin reformat n\u00eb arsim, sh\u00ebndet\u00ebsi dhe shkurtimi i burokracis\u00eb.<\/span><\/p>\n<p><span style=\"color: #000000;\">Nacionalisti i krahut t\u00eb djatht\u00eb do t\u00eb drejtoj\u00eb nj\u00eb koalicion t\u00eb partive t\u00eb mb\u00ebshtetura nga deputet\u00ebt n\u00eb nj\u00eb votim t\u00eb mbajtur t\u00eb Diel\u00ebn.<\/span><\/p>\n<p><span style=\"color: #000000;\">Bennett pason Benjamin Netanyahu, i cili u detyrua t\u00eb largohej nga detyra pas 12 vjet\u00ebsh. Ai do t\u00eb jet\u00eb kryeminist\u00ebr deri n\u00eb shtator t\u00eb vitit 2023 si pjes\u00eb e nj\u00eb marr\u00ebveshjeje p\u00ebr ndarjen e pushtetit.<\/span><\/p>\n<p><span style=\"color: #000000;\">Ai pastaj do t&#8217;ia dor\u00ebzoj\u00eb pushtetin Yair Lapid, kreut t\u00eb partis\u00eb qendrore Yesh Atid, p\u00ebr dy vjet t\u00eb tjer\u00eb.<\/span><\/p>\n<p><span style=\"color: #000000;\">Netanyahu i cili \u00ebsht\u00eb kryeministri m\u00eb jet\u00ebgjat\u00eb i Izraelit &#8211; do t\u00eb mbetet kreu i partis\u00eb s\u00eb krahut t\u00eb djatht\u00eb Likud dhe do t\u00eb b\u00ebhet udh\u00ebheq\u00ebs i opozit\u00ebs.<\/span><\/p>\n<p><span style=\"color: #000000;\">Gjat\u00eb debatit t\u00eb s\u00eb Diel\u00ebs n\u00eb Knesset, Netanyahu premtoi: <em>&#8220;Ne do t\u00eb kthehemi&#8221;.<\/em><\/span><\/p>\n<p><span style=\"color: #000000;\">Koalicioni i ri u miratua n\u00eb nj\u00eb votim t\u00eb ngusht\u00eb me 60 vota pro, 59 kund\u00ebr dhe me nj\u00eb abstenim. Pas votimit, Netanyahu shkoi tek Bennett dhe i dha dor\u00ebn.<\/span><\/p>\n","protected":false,"gt_translate_keys":[{"key":"rendered","format":"html"}]},"excerpt":{"rendered":"<p>Kryeministri i ri i Izraelit zotohet t\u00eb bashkoj\u00eb kombin e shkat\u00ebrruar nga kat\u00ebr zgjedhje n\u00eb dy vjet bllokim politik. Sikurse shkruan BBC, ai tha se qeveria e tij do t\u00eb &#8220;punonte p\u00ebr hir t\u00eb t\u00eb gjith\u00eb njer\u00ebzve&#8221;, duke shtuar se p\u00ebrpar\u00ebsit\u00eb do t\u00eb ishin reformat n\u00eb arsim, sh\u00ebndet\u00ebsi dhe shkurtimi i burokracis\u00eb. Nacionalisti i krahut [&hellip;]<\/p>\n","protected":false,"gt_translate_keys":[{"key":"rendered","format":"html"}]},"author":30,"featured_media":456609,"comment_status":"open","ping_status":"open","sticky":false,"template":"","format":"standard","meta":{"footnotes":""},"categories":[6,13],"tags":[],"class_list":["post-456608","post","type-post","status-publish","format-standard","has-post-thumbnail","hentry","category-nderkombetare","category-te-fundit"],"gt_translate_keys":[{"key":"link","format":"url"}],"_links":{"self":[{"href":"https:\/\/www.hashtag.al\/index.php\/wp-json\/wp\/v2\/posts\/456608","targetHints":{"allow":["GET"]}}],"collection":[{"href":"https:\/\/www.hashtag.al\/index.php\/wp-json\/wp\/v2\/posts"}],"about":[{"href":"https:\/\/www.hashtag.al\/index.php\/wp-json\/wp\/v2\/types\/post"}],"author":[{"embeddable":true,"href":"https:\/\/www.hashtag.al\/index.php\/wp-json\/wp\/v2\/users\/30"}],"replies":[{"embeddable":true,"href":"https:\/\/www.hashtag.al\/index.php\/wp-json\/wp\/v2\/comments?post=456608"}],"version-history":[{"count":0,"href":"https:\/\/www.hashtag.al\/index.php\/wp-json\/wp\/v2\/posts\/456608\/revisions"}],"wp:featuredmedia":[{"embeddable":true,"href":"https:\/\/www.hashtag.al\/index.php\/wp-json\/wp\/v2\/media\/456609"}],"wp:attachment":[{"href":"https:\/\/www.hashtag.al\/index.php\/wp-json\/wp\/v2\/media?parent=456608"}],"wp:term":[{"taxonomy":"category","embeddable":true,"href":"https:\/\/www.hashtag.al\/index.php\/wp-json\/wp\/v2\/categories?post=456608"},{"taxonomy":"post_tag","embeddable":true,"href":"https:\/\/www.hashtag.al\/index.php\/wp-json\/wp\/v2\/tags?post=456608"}],"curies":[{"name":"wp","href":"https:\/\/api.w.org\/{rel}","templated":true}]}}