{"id":456555,"date":"2021-06-13T20:42:36","date_gmt":"2021-06-13T18:42:36","guid":{"rendered":"https:\/\/hashtag.al\/?p=456555"},"modified":"2021-06-13T20:42:36","modified_gmt":"2021-06-13T18:42:36","slug":"netanyahu-largohet-pas-12-vitesh-ne-pushtet-deputetet-votojne-qeverine-e-ndryshimit-te-koalicionit-opozitar","status":"publish","type":"post","link":"https:\/\/www.hashtag.al\/index.php\/2021\/06\/13\/netanyahu-largohet-pas-12-vitesh-ne-pushtet-deputetet-votojne-qeverine-e-ndryshimit-te-koalicionit-opozitar\/","title":{"rendered":"Netanyahu largohet pas 12 vitesh n\u00eb pushtet, deputet\u00ebt votojn\u00eb qeverin\u00eb e \u2018ndryshimit\u2019 t\u00eb koalicionit opozitar","gt_translate_keys":[{"key":"rendered","format":"text"}]},"content":{"rendered":"<p><span style=\"color: #000000;\"><img loading=\"lazy\" decoding=\"async\" class=\"aligncenter size-full wp-image-456556\" src=\"https:\/\/hashtag.al\/wp-content\/uploads\/2021\/06\/netanyahu.jpg\" alt=\"\" width=\"988\" height=\"553\" srcset=\"https:\/\/www.hashtag.al\/wp-content\/uploads\/2021\/06\/netanyahu.jpg 988w, https:\/\/www.hashtag.al\/wp-content\/uploads\/2021\/06\/netanyahu-300x168.jpg 300w, https:\/\/www.hashtag.al\/wp-content\/uploads\/2021\/06\/netanyahu-768x430.jpg 768w\" sizes=\"auto, (max-width: 988px) 100vw, 988px\" \/><\/span><\/p>\n<p><span style=\"color: #000000;\">Benjamin Netanyahu do t\u00eb largohet nga posti i kryeministrit izraelit pas 12 vitesh n\u00eb pushtet teksa deputet\u00ebt votoi p\u00ebr qeverin\u00eb e re \u2018t\u00eb ndryshimit\u2019 t\u00eb diel\u00ebn.<\/span><\/p>\n<p><span style=\"color: #000000;\">Qeveria e re u mb\u00ebshtet nga 60 nga 120 deputet\u00eb n\u00eb Knesset, nd\u00ebrsa 59 votuan kund\u00ebr saj. Ligjv\u00ebn\u00ebsi i vet\u00ebm q\u00eb abstenoi ishte Said al-Harumi, i partis\u00eb pro-Palestineze t\u00eb List\u00ebs s\u00eb Bashkuar Arabe.<\/span><\/p>\n<p><span style=\"color: #000000;\">Naftali Bennett, udh\u00ebheq\u00ebsi i aleanc\u00ebs Yamina dhe nj\u00eb nga figurat kryesore n\u00eb koalicionin \u2018ndryshimi\u2019, \u00ebsht\u00eb betuar si kryeministri i ri izraelit, duke z\u00ebvend\u00ebsuar Netanyahun.<\/span><\/p>\n<p><span style=\"color: #000000;\">Votimi historik u zhvillua pas nj\u00eb seance t\u00eb tensionuar n\u00eb Knesset, e cila pa Bennett duke u sulmuar vazhdimisht nga mb\u00ebshtet\u00ebsit e Netanyahut gjat\u00eb fjal\u00ebs s\u00eb tij. Aleati kryesor i Bennett, Yair Lapid, vendosi t\u00eb heq\u00eb dor\u00eb plot\u00ebsisht nga fjalimi i tij, p\u00ebr shkak t\u00eb sjelljes s\u00eb kund\u00ebrshtar\u00ebve t\u00eb tij, disa prej t\u00eb cil\u00ebve duhej t\u00eb largoheshin nga dhoma nga sigurimi.<\/span><\/p>\n<p><span style=\"color: #000000;\">Kur Netanyahu foli, ai pretendoi se Izraeli do t\u00eb ket\u00eb nj\u00eb \u2018qeveri t\u00eb dob\u00ebt\u2019 me koalicionin. Ai k\u00ebmb\u00ebnguli q\u00eb Bennett, i cili do t\u00eb b\u00ebhet Kryeministri i ardhsh\u00ebm, \u2018nuk ka q\u00ebndrim global\u2019 dhe \u2018besueshm\u00ebri\u2019 p\u00ebr t&#8217;iu kund\u00ebrv\u00ebn\u00eb armikut t\u00eb shtetit hebre, Iranit, duke shtuar se Teherani do t\u00eb festonte pas votimit.<\/span><\/p>\n<p><span style=\"color: #000000;\">Kryeministri me sh\u00ebrbimin m\u00eb t\u00eb gjat\u00eb t\u00eb vendit akuzoi gjithashtu Bennett p\u00ebr kryerjen e \u2018mashtrimit m\u00eb t\u00eb madh n\u00eb historin\u00eb e Izraelit\u2019, duke kujtuar se lideri i aleanc\u00ebs Yamina kishte p\u00ebrjashtuar kategorikisht nj\u00eb partneritet me Lapid p\u00ebrpara zgjedhjeve. Tani, n\u00eb p\u00ebrputhje me marr\u00ebveshjen q\u00eb p\u00ebrfshin tet\u00eb parti anti-Netanyahu, Lapid do t\u00eb zgjedh\u00eb nj\u00eb pasardh\u00ebs t\u00eb Bennett si Kryeminist\u00ebr n\u00eb 2023.<\/span><\/p>\n<p><span style=\"color: #000000;\">P\u00ebrgatiti p\u00ebr <span style=\"color: #0000ff;\">Hashtag.al<\/span>, Klodian Manjani<\/span><\/p>\n","protected":false,"gt_translate_keys":[{"key":"rendered","format":"html"}]},"excerpt":{"rendered":"<p>Benjamin Netanyahu do t\u00eb largohet nga posti i kryeministrit izraelit pas 12 vitesh n\u00eb pushtet teksa deputet\u00ebt votoi p\u00ebr qeverin\u00eb e re \u2018t\u00eb ndryshimit\u2019 t\u00eb diel\u00ebn. Qeveria e re u mb\u00ebshtet nga 60 nga 120 deputet\u00eb n\u00eb Knesset, nd\u00ebrsa 59 votuan kund\u00ebr saj. Ligjv\u00ebn\u00ebsi i vet\u00ebm q\u00eb abstenoi ishte Said al-Harumi, i partis\u00eb pro-Palestineze t\u00eb [&hellip;]<\/p>\n","protected":false,"gt_translate_keys":[{"key":"rendered","format":"html"}]},"author":51,"featured_media":456556,"comment_status":"open","ping_status":"open","sticky":false,"template":"","format":"standard","meta":{"footnotes":""},"categories":[22,6],"tags":[],"class_list":["post-456555","post","type-post","status-publish","format-standard","has-post-thumbnail","hentry","category-ballina","category-nderkombetare"],"gt_translate_keys":[{"key":"link","format":"url"}],"_links":{"self":[{"href":"https:\/\/www.hashtag.al\/index.php\/wp-json\/wp\/v2\/posts\/456555","targetHints":{"allow":["GET"]}}],"collection":[{"href":"https:\/\/www.hashtag.al\/index.php\/wp-json\/wp\/v2\/posts"}],"about":[{"href":"https:\/\/www.hashtag.al\/index.php\/wp-json\/wp\/v2\/types\/post"}],"author":[{"embeddable":true,"href":"https:\/\/www.hashtag.al\/index.php\/wp-json\/wp\/v2\/users\/51"}],"replies":[{"embeddable":true,"href":"https:\/\/www.hashtag.al\/index.php\/wp-json\/wp\/v2\/comments?post=456555"}],"version-history":[{"count":0,"href":"https:\/\/www.hashtag.al\/index.php\/wp-json\/wp\/v2\/posts\/456555\/revisions"}],"wp:featuredmedia":[{"embeddable":true,"href":"https:\/\/www.hashtag.al\/index.php\/wp-json\/wp\/v2\/media\/456556"}],"wp:attachment":[{"href":"https:\/\/www.hashtag.al\/index.php\/wp-json\/wp\/v2\/media?parent=456555"}],"wp:term":[{"taxonomy":"category","embeddable":true,"href":"https:\/\/www.hashtag.al\/index.php\/wp-json\/wp\/v2\/categories?post=456555"},{"taxonomy":"post_tag","embeddable":true,"href":"https:\/\/www.hashtag.al\/index.php\/wp-json\/wp\/v2\/tags?post=456555"}],"curies":[{"name":"wp","href":"https:\/\/api.w.org\/{rel}","templated":true}]}}