{"id":456551,"date":"2021-06-13T20:36:21","date_gmt":"2021-06-13T18:36:21","guid":{"rendered":"https:\/\/hashtag.al\/?p=456551"},"modified":"2021-06-13T20:36:59","modified_gmt":"2021-06-13T18:36:59","slug":"austria-likujdon-maqedonine-e-veriut-veterani-pandev-ben-detyren","status":"publish","type":"post","link":"https:\/\/www.hashtag.al\/index.php\/2021\/06\/13\/austria-likujdon-maqedonine-e-veriut-veterani-pandev-ben-detyren\/","title":{"rendered":"Austria \u2018likuidon\u2019 Maqedonin\u00eb e Veriut, veterani Pandev b\u00ebn detyr\u00ebn","gt_translate_keys":[{"key":"rendered","format":"text"}]},"content":{"rendered":"<p><span style=\"color: #000000;\"><img loading=\"lazy\" decoding=\"async\" class=\"aligncenter size-full wp-image-456552\" src=\"https:\/\/hashtag.al\/wp-content\/uploads\/2021\/06\/austria.jpg\" alt=\"\" width=\"1200\" height=\"800\" srcset=\"https:\/\/www.hashtag.al\/wp-content\/uploads\/2021\/06\/austria.jpg 1200w, https:\/\/www.hashtag.al\/wp-content\/uploads\/2021\/06\/austria-300x200.jpg 300w, https:\/\/www.hashtag.al\/wp-content\/uploads\/2021\/06\/austria-768x512.jpg 768w, https:\/\/www.hashtag.al\/wp-content\/uploads\/2021\/06\/austria-1024x683.jpg 1024w\" sizes=\"auto, (max-width: 1200px) 100vw, 1200px\" \/><\/span><\/p>\n<p><span style=\"color: #000000;\">Austria ka mundur me leht\u00ebsi Maqedonin\u00eb e Veriut n\u00eb ndeshjen e par\u00eb n\u00eb grup n\u00eb Euro2020. <\/span><\/p>\n<p><span style=\"color: #000000;\">Golat p\u00ebr komb\u00ebtaren austriake u sh\u00ebnuan nga Lainer, Gregoritsch e Arnautovic nd\u00ebrsa goli nderit p\u00ebr ballkanasit u sh\u00ebnua nga veterani Pandev.<\/span><\/p>\n<p><span style=\"color: #000000;\">Mbr\u00ebmja e sotme n\u00eb Euro2020 mbyllet me takimin Holand\u00eb-Ukrain\u00eb.<\/span><\/p>\n","protected":false,"gt_translate_keys":[{"key":"rendered","format":"html"}]},"excerpt":{"rendered":"<p>Austria ka mundur me leht\u00ebsi Maqedonin\u00eb e Veriut n\u00eb ndeshjen e par\u00eb n\u00eb grup n\u00eb Euro2020. Golat p\u00ebr komb\u00ebtaren austriake u sh\u00ebnuan nga Lainer, Gregoritsch e Arnautovic nd\u00ebrsa goli nderit p\u00ebr ballkanasit u sh\u00ebnua nga veterani Pandev. Mbr\u00ebmja e sotme n\u00eb Euro2020 mbyllet me takimin Holand\u00eb-Ukrain\u00eb.<\/p>\n","protected":false,"gt_translate_keys":[{"key":"rendered","format":"html"}]},"author":51,"featured_media":456552,"comment_status":"open","ping_status":"open","sticky":false,"template":"","format":"standard","meta":{"footnotes":""},"categories":[134],"tags":[],"class_list":["post-456551","post","type-post","status-publish","format-standard","has-post-thumbnail","hentry","category-sport"],"gt_translate_keys":[{"key":"link","format":"url"}],"_links":{"self":[{"href":"https:\/\/www.hashtag.al\/index.php\/wp-json\/wp\/v2\/posts\/456551","targetHints":{"allow":["GET"]}}],"collection":[{"href":"https:\/\/www.hashtag.al\/index.php\/wp-json\/wp\/v2\/posts"}],"about":[{"href":"https:\/\/www.hashtag.al\/index.php\/wp-json\/wp\/v2\/types\/post"}],"author":[{"embeddable":true,"href":"https:\/\/www.hashtag.al\/index.php\/wp-json\/wp\/v2\/users\/51"}],"replies":[{"embeddable":true,"href":"https:\/\/www.hashtag.al\/index.php\/wp-json\/wp\/v2\/comments?post=456551"}],"version-history":[{"count":0,"href":"https:\/\/www.hashtag.al\/index.php\/wp-json\/wp\/v2\/posts\/456551\/revisions"}],"wp:featuredmedia":[{"embeddable":true,"href":"https:\/\/www.hashtag.al\/index.php\/wp-json\/wp\/v2\/media\/456552"}],"wp:attachment":[{"href":"https:\/\/www.hashtag.al\/index.php\/wp-json\/wp\/v2\/media?parent=456551"}],"wp:term":[{"taxonomy":"category","embeddable":true,"href":"https:\/\/www.hashtag.al\/index.php\/wp-json\/wp\/v2\/categories?post=456551"},{"taxonomy":"post_tag","embeddable":true,"href":"https:\/\/www.hashtag.al\/index.php\/wp-json\/wp\/v2\/tags?post=456551"}],"curies":[{"name":"wp","href":"https:\/\/api.w.org\/{rel}","templated":true}]}}