{"id":456529,"date":"2021-06-13T19:12:21","date_gmt":"2021-06-13T17:12:21","guid":{"rendered":"https:\/\/hashtag.al\/?p=456529"},"modified":"2021-06-13T19:12:21","modified_gmt":"2021-06-13T17:12:21","slug":"rama-takon-blinken-ne-bruksel-firmosin-marreveshjen-e-teknologjise-5g-mes-shba-se-e-shqiperise","status":"publish","type":"post","link":"https:\/\/www.hashtag.al\/index.php\/2021\/06\/13\/rama-takon-blinken-ne-bruksel-firmosin-marreveshjen-e-teknologjise-5g-mes-shba-se-e-shqiperise\/","title":{"rendered":"Rama takon Blinken n\u00eb Bruksel, firmosin marr\u00ebveshjen e teknologjis\u00eb 5G mes SHBA-s\u00eb e Shqip\u00ebris\u00eb","gt_translate_keys":[{"key":"rendered","format":"text"}]},"content":{"rendered":"<p><span style=\"color: #000000;\"><img loading=\"lazy\" decoding=\"async\" class=\"aligncenter size-full wp-image-456530\" src=\"https:\/\/hashtag.al\/wp-content\/uploads\/2021\/06\/ramablinken2.jpg\" alt=\"\" width=\"1271\" height=\"601\" srcset=\"https:\/\/www.hashtag.al\/wp-content\/uploads\/2021\/06\/ramablinken2.jpg 1271w, https:\/\/www.hashtag.al\/wp-content\/uploads\/2021\/06\/ramablinken2-300x142.jpg 300w, https:\/\/www.hashtag.al\/wp-content\/uploads\/2021\/06\/ramablinken2-768x363.jpg 768w, https:\/\/www.hashtag.al\/wp-content\/uploads\/2021\/06\/ramablinken2-1024x484.jpg 1024w\" sizes=\"auto, (max-width: 1271px) 100vw, 1271px\" \/><\/span><\/p>\n<p><span style=\"color: #000000;\">Kryeministri Rama \u00ebsh\u00eb takuar me Sekretarin amerikan t\u00eb Shtetit Blinken n\u00eb Bruksel. <\/span><\/p>\n<p><span style=\"color: #000000;\">T\u00eb dy kan\u00eb n\u00ebnshkruar marr\u00ebeshjen p\u00ebr koordinimine teknologjis\u00eb 5G mes SHBA-s\u00eb e Shqip\u00ebris\u00eb. <\/span><\/p>\n<p><span style=\"color: #000000;\">N\u00eb fjal\u00ebn e tij pas ceremonis\u00eb, Blinken tha se ishte mir\u00ebnjoh\u00ebs p\u00ebr pun\u00ebn q\u00eb SHBA-ja e Shqip\u00ebria kan\u00eb b\u00ebr\u00eb s\u00eb bashku n\u00eb shum\u00eb fusha. <\/span><\/p>\n<p><span style=\"color: #000000;\">Ai vler\u00ebsoi marr\u00ebveshjen e sotme duke theksuar se \u00ebsht\u00eb nj\u00eb shembull edhe p\u00ebr vendet e tjera nd\u00ebrsa vler\u00ebsoi kreun e qeveris\u00eb p\u00ebr lidershipin e tij n\u00eb t\u00eb gjitha bashk\u00ebpunimet mes pal\u00ebve.<\/span><\/p>\n<p><span style=\"color: #000000;\"><em>\u201cZ.kryeminist\u00ebr faleminderit q\u00eb jeni sot k\u00ebtu, ju faleminderit p\u00ebr pun\u00ebn q\u00eb kemi b\u00ebr\u00eb s\u00eb bashku. Mendoj q\u00eb po p\u00ebrdor nj\u00eb shembull t\u00eb fort\u00eb p\u00ebr t\u00eb tjer\u00ebt p\u00ebr nevoj\u00ebn p\u00ebr t\u00eb siguruar q\u00eb kur b\u00ebhet fjal\u00eb p\u00ebr rrjetet e ndjeshme t\u00eb teknologjis\u00eb, t\u00eb punojm\u00eb me shit\u00ebs t\u00eb besuar. Ky \u00ebsht\u00eb nj\u00eb mesazh shum\u00eb i fort\u00eb p\u00ebr t\u2019ua d\u00ebrguar t\u00eb tjer\u00ebve. Jemi mir\u00ebnjoh\u00ebs p\u00ebr bashk\u00ebpunimin q\u00eb SHBA-ja ka pasur me Shqip\u00ebrin\u00eb n\u00eb shum\u00eb fusha t\u00eb ndryshme, sidomos n\u00eb st\u00ebrvitjen e fundit \u2018Defender21\u2019 ky partneritet po forcohet gjthnj\u00eb e m\u00eb shum\u00eb dhe e vler\u00ebsojm\u00eb shum\u00eb lidershipin tuaj p\u00ebr ta b\u00ebr\u00eb k\u00ebt\u00eb. Ju uroj p\u00ebr vendin n\u00eb K\u00ebshillin e Sigurimit n\u00eb OKB dhe mezi presim q\u00eb t\u00eb bashk\u00ebpunojm\u00eb edhe atje dhe kemi shum\u00eb t\u00eb mira p\u00ebr t\u00eb b\u00ebr\u00eb.\u201d<\/em> \u2013 tha Sekretari amerikan Blinken pas n\u00ebnshkrimit t\u00eb marr\u00ebveshjes.<\/span><\/p>\n","protected":false,"gt_translate_keys":[{"key":"rendered","format":"html"}]},"excerpt":{"rendered":"<p>Kryeministri Rama \u00ebsh\u00eb takuar me Sekretarin amerikan t\u00eb Shtetit Blinken n\u00eb Bruksel. T\u00eb dy kan\u00eb n\u00ebnshkruar marr\u00ebeshjen p\u00ebr koordinimine teknologjis\u00eb 5G mes SHBA-s\u00eb e Shqip\u00ebris\u00eb. N\u00eb fjal\u00ebn e tij pas ceremonis\u00eb, Blinken tha se ishte mir\u00ebnjoh\u00ebs p\u00ebr pun\u00ebn q\u00eb SHBA-ja e Shqip\u00ebria kan\u00eb b\u00ebr\u00eb s\u00eb bashku n\u00eb shum\u00eb fusha. Ai vler\u00ebsoi marr\u00ebveshjen e sotme duke [&hellip;]<\/p>\n","protected":false,"gt_translate_keys":[{"key":"rendered","format":"html"}]},"author":51,"featured_media":456530,"comment_status":"open","ping_status":"open","sticky":false,"template":"","format":"standard","meta":{"footnotes":""},"categories":[65,13],"tags":[],"class_list":["post-456529","post","type-post","status-publish","format-standard","has-post-thumbnail","hentry","category-lajme","category-te-fundit"],"gt_translate_keys":[{"key":"link","format":"url"}],"_links":{"self":[{"href":"https:\/\/www.hashtag.al\/index.php\/wp-json\/wp\/v2\/posts\/456529","targetHints":{"allow":["GET"]}}],"collection":[{"href":"https:\/\/www.hashtag.al\/index.php\/wp-json\/wp\/v2\/posts"}],"about":[{"href":"https:\/\/www.hashtag.al\/index.php\/wp-json\/wp\/v2\/types\/post"}],"author":[{"embeddable":true,"href":"https:\/\/www.hashtag.al\/index.php\/wp-json\/wp\/v2\/users\/51"}],"replies":[{"embeddable":true,"href":"https:\/\/www.hashtag.al\/index.php\/wp-json\/wp\/v2\/comments?post=456529"}],"version-history":[{"count":0,"href":"https:\/\/www.hashtag.al\/index.php\/wp-json\/wp\/v2\/posts\/456529\/revisions"}],"wp:featuredmedia":[{"embeddable":true,"href":"https:\/\/www.hashtag.al\/index.php\/wp-json\/wp\/v2\/media\/456530"}],"wp:attachment":[{"href":"https:\/\/www.hashtag.al\/index.php\/wp-json\/wp\/v2\/media?parent=456529"}],"wp:term":[{"taxonomy":"category","embeddable":true,"href":"https:\/\/www.hashtag.al\/index.php\/wp-json\/wp\/v2\/categories?post=456529"},{"taxonomy":"post_tag","embeddable":true,"href":"https:\/\/www.hashtag.al\/index.php\/wp-json\/wp\/v2\/tags?post=456529"}],"curies":[{"name":"wp","href":"https:\/\/api.w.org\/{rel}","templated":true}]}}