{"id":456510,"date":"2021-06-13T17:57:14","date_gmt":"2021-06-13T15:57:14","guid":{"rendered":"https:\/\/hashtag.al\/?p=456510"},"modified":"2021-06-13T18:32:53","modified_gmt":"2021-06-13T16:32:53","slug":"nishani-e-sotmja-maskarade-elektorale-ata-qe-kane-marre-persiper-shkaterrimin-e-pd-se-kane-nje-mision-te-pamundur","status":"publish","type":"post","link":"https:\/\/www.hashtag.al\/index.php\/2021\/06\/13\/nishani-e-sotmja-maskarade-elektorale-ata-qe-kane-marre-persiper-shkaterrimin-e-pd-se-kane-nje-mision-te-pamundur\/","title":{"rendered":"Nishani: E sotmja maskarad\u00eb elektorale, ata q\u00eb kan\u00eb marr\u00eb p\u00ebrsip\u00ebr shkat\u00ebrrimin e PD-s\u00eb kan\u00eb nj\u00eb mision t\u00eb pamundur","gt_translate_keys":[{"key":"rendered","format":"text"}]},"content":{"rendered":"<p><span style=\"color: #000000;\"><img loading=\"lazy\" decoding=\"async\" class=\"aligncenter size-full wp-image-456511\" src=\"https:\/\/hashtag.al\/wp-content\/uploads\/2021\/06\/nishanibujar.jpg\" alt=\"\" width=\"1280\" height=\"720\" srcset=\"https:\/\/www.hashtag.al\/wp-content\/uploads\/2021\/06\/nishanibujar.jpg 1280w, https:\/\/www.hashtag.al\/wp-content\/uploads\/2021\/06\/nishanibujar-300x169.jpg 300w, https:\/\/www.hashtag.al\/wp-content\/uploads\/2021\/06\/nishanibujar-768x432.jpg 768w, https:\/\/www.hashtag.al\/wp-content\/uploads\/2021\/06\/nishanibujar-1024x576.jpg 1024w\" sizes=\"auto, (max-width: 1280px) 100vw, 1280px\" \/><\/span><\/p>\n<p><span style=\"color: #000000;\">Kreu i K\u00ebshillit Komb\u00ebtar t\u00eb PD-s\u00eb, Nishani, e ka quajtur maskarad\u00eb elektorale votimin e sot\u00ebm p\u00ebr kreun e ri t\u00eb selis\u00eb blu. <\/span><\/p>\n<p><span style=\"color: #000000;\">Ish-presidenti demokrat tha p\u00ebr mediat se gara ka qen\u00eb e pabarabart\u00eb nd\u00ebrsa theksoi se \u00ebsht\u00eb edhe p\u00ebrgjegj\u00ebsia e tij q\u00eb PD-ja \u00ebsht\u00eb katandisur n\u00eb k\u00ebt\u00eb gjendje.<\/span><\/p>\n<p><span style=\"color: #000000;\"><em>\u201cN\u00ebse me 25 prill kemi pasur masak\u00ebr elektorale t\u00eb regjimit t\u00eb Edi Ram\u00ebs, sot kemi nj\u00eb maskarad\u00eb elektorale. M\u00eb vjen keq ta them sepse edhe un\u00eb jam p\u00ebrgjegj\u00ebs i k\u00ebsaj situat\u00eb, si mij\u00ebra demokrat\u00eb q\u00eb kemi lejuar q\u00eb projekti i regjimit t\u00eb PD t\u00eb fitoj\u00eb terren pak nga pak.\u201d<\/em> &#8211; tha Nishani.<\/span><\/p>\n<p><span style=\"color: #000000;\">Ai shtoi se dita e sotme ishte tejet e r\u00ebnd\u00ebsishme p\u00ebr t\u00eb treguar se PD-ja jo vet\u00ebm mund ta p\u00ebrballoj\u00eb regjimin e bandave po edhe p\u00ebr t\u00eb sjell\u00eb nj\u00eb model ndryshe. <\/span><\/p>\n<p><span style=\"color: #000000;\">Sipas Nishanit, kjo gj\u00eb nuk \u00ebsht\u00eb treguar sot. N\u00eb fund t\u00eb deklarat\u00ebs, zyrtari i lart\u00eb demokrat tha se ata q\u00eb kan\u00eb marr\u00eb p\u00ebrsip\u00ebr shkat\u00ebrrimin e PD-s\u00eb, i kan\u00eb hyr\u00eb nj\u00eb rruge t\u00eb pamudur.<\/span><\/p>\n<p><span style=\"color: #000000;\"><em>\u201cPartia Demokratike duhet t\u00eb shihet si shpresa e shqiptar\u00ebve. Ndaj edhe kjo dit\u00eb sot ishte shum\u00eb e r\u00ebnd\u00ebsishme. Por edhe p\u00ebr vet\u00eb demokrat\u00ebt p\u00ebr t\u00eb treguar n\u00eb syt\u00eb e opinionit publik q\u00eb ky mekaniz\u00ebm i vet\u00ebm \u00ebsht\u00eb i fort\u00eb q\u00eb jo vet\u00ebm ta p\u00ebrballoj\u00eb regjimin e bandave, por edhe t\u00eb sjell\u00eb nj\u00eb model ndryshe me marrjen e pushtetit prej saj. P\u00ebr fat t\u00eb keq, sot jo vet\u00ebm q\u00eb nuk u realizua por d\u00ebshmoi t\u00eb kund\u00ebrt\u00ebn.\u00a0<\/em><em>Sot kam nj\u00eb mesazh p\u00ebr t\u00eb gjith\u00eb bashk\u00ebpun\u00ebtor\u00ebt e mi, p\u00ebr bashk\u00ebthemeluesit e PD, p\u00ebr rinin\u00eb e cila duhet t\u00eb jet\u00eb n\u00eb vij\u00ebn e par\u00eb dhe t\u2019u them se t\u00eb gjith\u00eb ata q\u00eb kan\u00eb marr\u00eb p\u00ebrsip\u00ebr shkat\u00ebrrimin e PD-s\u00eb, kan\u00eb marr\u00eb p\u00ebrsip\u00ebr nj\u00eb mision t\u00eb pamundur. Partia Demokratike \u00ebsht\u00eb ringritur nga hiri. Gabojn\u00eb r\u00ebnd\u00eb ata q\u00eb mendojn\u00eb se mund ta marrin peng k\u00ebt\u00eb parti dhe ta b\u00ebjn\u00eb nj\u00eb forc\u00eb pa energji.\u201d<\/em> &#8211; shtoi Nishani.<\/span><\/p>\n<p>&nbsp;<\/p>\n","protected":false,"gt_translate_keys":[{"key":"rendered","format":"html"}]},"excerpt":{"rendered":"<p>Kreu i K\u00ebshillit Komb\u00ebtar t\u00eb PD-s\u00eb, Nishani, e ka quajtur maskarad\u00eb elektorale votimin e sot\u00ebm p\u00ebr kreun e ri t\u00eb selis\u00eb blu. Ish-presidenti demokrat tha p\u00ebr mediat se gara ka qen\u00eb e pabarabart\u00eb nd\u00ebrsa theksoi se \u00ebsht\u00eb edhe p\u00ebrgjegj\u00ebsia e tij q\u00eb PD-ja \u00ebsht\u00eb katandisur n\u00eb k\u00ebt\u00eb gjendje. \u201cN\u00ebse me 25 prill kemi pasur masak\u00ebr [&hellip;]<\/p>\n","protected":false,"gt_translate_keys":[{"key":"rendered","format":"html"}]},"author":51,"featured_media":456511,"comment_status":"open","ping_status":"open","sticky":false,"template":"","format":"standard","meta":{"footnotes":""},"categories":[65,13],"tags":[],"class_list":["post-456510","post","type-post","status-publish","format-standard","has-post-thumbnail","hentry","category-lajme","category-te-fundit"],"gt_translate_keys":[{"key":"link","format":"url"}],"_links":{"self":[{"href":"https:\/\/www.hashtag.al\/index.php\/wp-json\/wp\/v2\/posts\/456510","targetHints":{"allow":["GET"]}}],"collection":[{"href":"https:\/\/www.hashtag.al\/index.php\/wp-json\/wp\/v2\/posts"}],"about":[{"href":"https:\/\/www.hashtag.al\/index.php\/wp-json\/wp\/v2\/types\/post"}],"author":[{"embeddable":true,"href":"https:\/\/www.hashtag.al\/index.php\/wp-json\/wp\/v2\/users\/51"}],"replies":[{"embeddable":true,"href":"https:\/\/www.hashtag.al\/index.php\/wp-json\/wp\/v2\/comments?post=456510"}],"version-history":[{"count":0,"href":"https:\/\/www.hashtag.al\/index.php\/wp-json\/wp\/v2\/posts\/456510\/revisions"}],"wp:featuredmedia":[{"embeddable":true,"href":"https:\/\/www.hashtag.al\/index.php\/wp-json\/wp\/v2\/media\/456511"}],"wp:attachment":[{"href":"https:\/\/www.hashtag.al\/index.php\/wp-json\/wp\/v2\/media?parent=456510"}],"wp:term":[{"taxonomy":"category","embeddable":true,"href":"https:\/\/www.hashtag.al\/index.php\/wp-json\/wp\/v2\/categories?post=456510"},{"taxonomy":"post_tag","embeddable":true,"href":"https:\/\/www.hashtag.al\/index.php\/wp-json\/wp\/v2\/tags?post=456510"}],"curies":[{"name":"wp","href":"https:\/\/api.w.org\/{rel}","templated":true}]}}