{"id":456460,"date":"2021-06-13T13:14:32","date_gmt":"2021-06-13T11:14:32","guid":{"rendered":"https:\/\/hashtag.al\/?p=456460"},"modified":"2021-06-13T13:14:32","modified_gmt":"2021-06-13T11:14:32","slug":"harxhi-anetaret-e-pd-se-nuk-po-gjejne-emrat-ne-liste","status":"publish","type":"post","link":"https:\/\/www.hashtag.al\/index.php\/2021\/06\/13\/harxhi-anetaret-e-pd-se-nuk-po-gjejne-emrat-ne-liste\/","title":{"rendered":"Harxhi: An\u00ebtar\u00ebt e PD-s\u00eb nuk po gjejn\u00eb emrat n\u00eb list\u00eb","gt_translate_keys":[{"key":"rendered","format":"text"}]},"content":{"rendered":"<p><span style=\"color: #000000;\"><img loading=\"lazy\" decoding=\"async\" class=\"aligncenter size-full wp-image-456461\" src=\"https:\/\/hashtag.al\/wp-content\/uploads\/2021\/06\/harxhi-1.jpg\" alt=\"\" width=\"1100\" height=\"620\" srcset=\"https:\/\/www.hashtag.al\/wp-content\/uploads\/2021\/06\/harxhi-1.jpg 1100w, https:\/\/www.hashtag.al\/wp-content\/uploads\/2021\/06\/harxhi-1-300x169.jpg 300w, https:\/\/www.hashtag.al\/wp-content\/uploads\/2021\/06\/harxhi-1-768x433.jpg 768w, https:\/\/www.hashtag.al\/wp-content\/uploads\/2021\/06\/harxhi-1-1024x577.jpg 1024w\" sizes=\"auto, (max-width: 1100px) 100vw, 1100px\" \/><\/span><\/p>\n<p><span style=\"color: #000000;\">Edhe kandidatja tjet\u00ebr p\u00ebr kreun e PD-s\u00eb Edit\u2019h Harxhi ka ngritur z\u00ebrin p\u00ebr procesin zgjedhor q\u00eb po kryhet n\u00eb Partin\u00eb Demokratike.<\/span><\/p>\n<p><span style=\"color: #000000;\">Harxhi b\u00ebri thirrje q\u00eb an\u00ebtar\u00ebt e PD-s\u00eb t\u00eb jen\u00eb n\u00eb lista nd\u00ebrsa tha se jan\u00eb penguar themelues t\u00eb k\u00ebsaj partie t\u00eb votojn\u00eb.<\/span><\/p>\n<p><span style=\"color: #000000;\">\u201c<em>PD \u00ebsht\u00eb nj\u00eb aset, \u00ebsht\u00eb nj\u00eb pasuri komb\u00ebtare, sot \u00ebsht\u00eb dita e demokrat\u00ebve, uroj shum\u00eb q\u00eb t\u00eb ket\u00eb nj\u00eb pjes\u00ebmarrje masive, pasi ne sot votojm\u00eb reformimin e PD-s\u00eb. Absolutisht q\u00eb mendoj se n\u00eb radh\u00eb t\u00eb par\u00eb do t\u00eb fitojn\u00eb demokrat\u00ebt, jam e sigurt q\u00eb vota e tyre do t\u00eb jet\u00eb p\u00ebr ndryshimin.<\/em><\/span><\/p>\n<p><span style=\"color: #000000;\"><em>Un\u00eb dua t\u00eb b\u00ebj nj\u00eb thirrje p\u00ebr zotin Basha, demokrat\u00ebt duhet t\u00eb jen\u00eb n\u00eb lista, jan\u00eb penguar themelues t\u00eb PD-s\u00eb q\u00eb t\u00eb votojn\u00eb, me pretendimin se nuk kan\u00eb qen\u00eb aktiv n\u00eb fushat\u00eb. Kjo nuk \u00ebsht\u00eb normale, ndryshimi yn\u00eb do t\u00eb sjell\u00eb vot\u00ebn e hapur p\u00ebr t\u00eb gjith\u00eb shqiptar\u00ebt, beteja ime fillon sot.<\/em><\/span><\/p>\n<p><span style=\"color: #000000;\"><em>Absolutisht q\u00eb un\u00eb do t\u00eb vazhdoj aktive edhe pas 30 vitesh, ju thash\u00eb q\u00eb beteja ime fillon sot<\/em>\u201d-tha Harxhi.<\/span><\/p>\n<p>&nbsp;<\/p>\n","protected":false,"gt_translate_keys":[{"key":"rendered","format":"html"}]},"excerpt":{"rendered":"<p>Edhe kandidatja tjet\u00ebr p\u00ebr kreun e PD-s\u00eb Edit\u2019h Harxhi ka ngritur z\u00ebrin p\u00ebr procesin zgjedhor q\u00eb po kryhet n\u00eb Partin\u00eb Demokratike. Harxhi b\u00ebri thirrje q\u00eb an\u00ebtar\u00ebt e PD-s\u00eb t\u00eb jen\u00eb n\u00eb lista nd\u00ebrsa tha se jan\u00eb penguar themelues t\u00eb k\u00ebsaj partie t\u00eb votojn\u00eb. \u201cPD \u00ebsht\u00eb nj\u00eb aset, \u00ebsht\u00eb nj\u00eb pasuri komb\u00ebtare, sot \u00ebsht\u00eb dita e [&hellip;]<\/p>\n","protected":false,"gt_translate_keys":[{"key":"rendered","format":"html"}]},"author":32,"featured_media":456461,"comment_status":"open","ping_status":"open","sticky":false,"template":"","format":"standard","meta":{"footnotes":""},"categories":[65,13],"tags":[],"class_list":["post-456460","post","type-post","status-publish","format-standard","has-post-thumbnail","hentry","category-lajme","category-te-fundit"],"gt_translate_keys":[{"key":"link","format":"url"}],"_links":{"self":[{"href":"https:\/\/www.hashtag.al\/index.php\/wp-json\/wp\/v2\/posts\/456460","targetHints":{"allow":["GET"]}}],"collection":[{"href":"https:\/\/www.hashtag.al\/index.php\/wp-json\/wp\/v2\/posts"}],"about":[{"href":"https:\/\/www.hashtag.al\/index.php\/wp-json\/wp\/v2\/types\/post"}],"author":[{"embeddable":true,"href":"https:\/\/www.hashtag.al\/index.php\/wp-json\/wp\/v2\/users\/32"}],"replies":[{"embeddable":true,"href":"https:\/\/www.hashtag.al\/index.php\/wp-json\/wp\/v2\/comments?post=456460"}],"version-history":[{"count":0,"href":"https:\/\/www.hashtag.al\/index.php\/wp-json\/wp\/v2\/posts\/456460\/revisions"}],"wp:featuredmedia":[{"embeddable":true,"href":"https:\/\/www.hashtag.al\/index.php\/wp-json\/wp\/v2\/media\/456461"}],"wp:attachment":[{"href":"https:\/\/www.hashtag.al\/index.php\/wp-json\/wp\/v2\/media?parent=456460"}],"wp:term":[{"taxonomy":"category","embeddable":true,"href":"https:\/\/www.hashtag.al\/index.php\/wp-json\/wp\/v2\/categories?post=456460"},{"taxonomy":"post_tag","embeddable":true,"href":"https:\/\/www.hashtag.al\/index.php\/wp-json\/wp\/v2\/tags?post=456460"}],"curies":[{"name":"wp","href":"https:\/\/api.w.org\/{rel}","templated":true}]}}