{"id":456229,"date":"2021-06-12T11:06:55","date_gmt":"2021-06-12T09:06:55","guid":{"rendered":"https:\/\/hashtag.al\/?p=456229"},"modified":"2021-06-12T11:11:39","modified_gmt":"2021-06-12T09:11:39","slug":"meta-mesazh-ne-diten-clirimit-te-kosoves-liria-dhe-pavaresia-eshte-e-shtrenjte","status":"publish","type":"post","link":"https:\/\/www.hashtag.al\/index.php\/2021\/06\/12\/meta-mesazh-ne-diten-clirimit-te-kosoves-liria-dhe-pavaresia-eshte-e-shtrenjte\/","title":{"rendered":"Meta mesazh n\u00eb dit\u00ebn \u00e7lirimit t\u00eb Kosov\u00ebs: Liria dhe pavar\u00ebsia \u00ebsht\u00eb e shtrenjt\u00eb","gt_translate_keys":[{"key":"rendered","format":"text"}]},"content":{"rendered":"<p><span style=\"color: #000000;\"><a href=\"https:\/\/hashtag.al\/wp-content\/uploads\/2021\/04\/meta-3.jpg\"><img loading=\"lazy\" decoding=\"async\" class=\"aligncenter size-full wp-image-443769\" src=\"https:\/\/hashtag.al\/wp-content\/uploads\/2021\/04\/meta-3.jpg\" alt=\"\" width=\"675\" height=\"450\" srcset=\"https:\/\/www.hashtag.al\/wp-content\/uploads\/2021\/04\/meta-3.jpg 675w, https:\/\/www.hashtag.al\/wp-content\/uploads\/2021\/04\/meta-3-300x200.jpg 300w\" sizes=\"auto, (max-width: 675px) 100vw, 675px\" \/><\/a><\/span><\/p>\n<p><span style=\"color: #000000;\">Presidenti Ilir Meta ka kujtuar me nj\u00eb mesazh n\u00eb rrjetet sociale dit\u00ebn e \u00e7lirimit t\u00eb Kosov\u00ebs.<\/span><\/p>\n<p><span style=\"color: #000000;\">Meta shkruan se p\u00ebr k\u00ebt\u00eb dit\u00eb \u00e7do qytetar i Kosov\u00ebs kontribuoi dhe sakrifikoi dhe q\u00eb sot na kujton se sa e shtrenjt\u00eb \u00ebsht\u00eb liria dhe pavar\u00ebsia.<\/span><\/p>\n<p><span style=\"color: #000000;\">Presidenti Meta ka shprehur mir\u00ebnjohjen e p\u00ebrjetsh\u00ebm ndaj NATO-s, SHBA dhe vendeve demokratike mike, q\u00eb kuror\u00ebzuan k\u00ebt\u00eb aspirat\u00eb shekullore dhe kontribuojn\u00eb sot p\u00ebr t\u00eb ndihmuar zhvillimin e pandalsh\u00ebm t\u00eb demokracis\u00eb, avancimit t\u00eb proceseve integruese dhe an\u00ebtar\u00ebsimit t\u00eb Kosov\u00ebs n\u00eb organizatat nd\u00ebrkomb\u00ebtare.<\/span><\/p>\n<p><strong><span style=\"color: #000000;\">Mesazhi i Met\u00ebs:<\/span><\/strong><\/p>\n<p><span style=\"color: #000000;\">Dita e \u00c7lirimit t\u00eb Kosov\u00ebs, p\u00ebr t\u00eb cil\u00ebn \u00e7do qytetar i saj kontribuoi dhe sakrifikoi, na kujton sot se sa e shtrenjt\u00eb \u00ebsht\u00eb liria dhe pavar\u00ebsia.<\/span><\/p>\n<p><span style=\"color: #000000;\">Fal\u00ebnderim dhe mir\u00ebnjohje p\u00ebrjet\u00eb NATO-s, SHBA dhe vendeve demokratike mike, q\u00eb kuror\u00ebzuan k\u00ebt\u00eb aspirat\u00eb shekullore dhe kontribuojn\u00eb sot p\u00ebr t\u00eb ndihmuar zhvillimin e pandalsh\u00ebm t\u00eb demokracis\u00eb, avancimit t\u00eb proceseve integruese dhe an\u00ebtar\u00ebsimit t\u00eb Kosov\u00ebs n\u00eb organizatat nd\u00ebrkomb\u00ebtare.<\/span><\/p>\n<p><span style=\"color: #000000;\">Sot \u00ebsht\u00eb dita p\u00ebr t\u00eb nderuar rezistenc\u00ebn dhe luft\u00ebn e drejt\u00eb t\u00eb Ushtris\u00eb \u00c7lirimtare t\u00eb Kosov\u00ebs, Presidentin Ibrahim Rugova, Komandantin legjendar, Adem Jashari dhe t\u00eb gjith\u00eb martir\u00ebt e kombit shqiptar.<\/span><\/p>\n<p><span style=\"color: #000000;\">Kosova, faktor paqeje, stabiliteti dhe sigurie n\u00eb rajon, meriton t\u00eb jet\u00eb an\u00ebtare e NATO dhe liberalizimi i vizave p\u00ebr qytetar\u00ebt e saj \u00ebsht\u00eb nj\u00eb domosdoshm\u00ebri, q\u00eb duhet t\u00eb ndodh\u00eb sa m\u00eb par\u00eb.<\/span><\/p>\n<p><span style=\"color: #000000;\">Shqip\u00ebria do t\u00eb jet\u00eb gjithmon\u00eb pran\u00eb Kosov\u00ebs n\u00eb mb\u00ebshtetje t\u00eb sovranitetit dhe integritetit t\u00eb saj, avancimit t\u00eb procesit t\u00eb integrimit euroatlantik dhe n\u00eb t\u00eb gjitha sfidat e ardhshme.<\/span><\/p>\n<p><span style=\"color: #000000;\">P\u00ebr t\u00eb risjell\u00eb sot emocionet e ve\u00e7anta t\u00eb 12 qershorit 1999, po ndaj me ju raportimin e gazetarit t\u00eb njohur, Asllan Bajrami, n\u00eb k\u00ebt\u00eb dit\u00eb t\u00eb sh\u00ebnuar p\u00ebr kombin ton\u00eb.<\/span><\/p>\n<p><span style=\"color: #000000;\">G\u00cbZUAR DIT\u00cbN E PAQES KOSOV\u00cb E DASHUR!<\/span><\/p>\n<p><iframe loading=\"lazy\" style=\"border: none; overflow: hidden;\" src=\"https:\/\/www.facebook.com\/plugins\/video.php?height=420&amp;href=https%3A%2F%2Fwww.facebook.com%2Filirmetazyrtar%2Fvideos%2F4223521284379595%2F&amp;show_text=false&amp;width=560&amp;t=0\" width=\"560\" height=\"420\" frameborder=\"0\" scrolling=\"no\" allowfullscreen=\"allowfullscreen\"><\/iframe><\/p>\n","protected":false,"gt_translate_keys":[{"key":"rendered","format":"html"}]},"excerpt":{"rendered":"<p>Presidenti Ilir Meta ka kujtuar me nj\u00eb mesazh n\u00eb rrjetet sociale dit\u00ebn e \u00e7lirimit t\u00eb Kosov\u00ebs. Meta shkruan se p\u00ebr k\u00ebt\u00eb dit\u00eb \u00e7do qytetar i Kosov\u00ebs kontribuoi dhe sakrifikoi dhe q\u00eb sot na kujton se sa e shtrenjt\u00eb \u00ebsht\u00eb liria dhe pavar\u00ebsia. Presidenti Meta ka shprehur mir\u00ebnjohjen e p\u00ebrjetsh\u00ebm ndaj NATO-s, SHBA dhe vendeve demokratike [&hellip;]<\/p>\n","protected":false,"gt_translate_keys":[{"key":"rendered","format":"html"}]},"author":30,"featured_media":443769,"comment_status":"open","ping_status":"open","sticky":false,"template":"","format":"standard","meta":{"footnotes":""},"categories":[65],"tags":[],"class_list":["post-456229","post","type-post","status-publish","format-standard","has-post-thumbnail","hentry","category-lajme"],"gt_translate_keys":[{"key":"link","format":"url"}],"_links":{"self":[{"href":"https:\/\/www.hashtag.al\/index.php\/wp-json\/wp\/v2\/posts\/456229","targetHints":{"allow":["GET"]}}],"collection":[{"href":"https:\/\/www.hashtag.al\/index.php\/wp-json\/wp\/v2\/posts"}],"about":[{"href":"https:\/\/www.hashtag.al\/index.php\/wp-json\/wp\/v2\/types\/post"}],"author":[{"embeddable":true,"href":"https:\/\/www.hashtag.al\/index.php\/wp-json\/wp\/v2\/users\/30"}],"replies":[{"embeddable":true,"href":"https:\/\/www.hashtag.al\/index.php\/wp-json\/wp\/v2\/comments?post=456229"}],"version-history":[{"count":0,"href":"https:\/\/www.hashtag.al\/index.php\/wp-json\/wp\/v2\/posts\/456229\/revisions"}],"wp:featuredmedia":[{"embeddable":true,"href":"https:\/\/www.hashtag.al\/index.php\/wp-json\/wp\/v2\/media\/443769"}],"wp:attachment":[{"href":"https:\/\/www.hashtag.al\/index.php\/wp-json\/wp\/v2\/media?parent=456229"}],"wp:term":[{"taxonomy":"category","embeddable":true,"href":"https:\/\/www.hashtag.al\/index.php\/wp-json\/wp\/v2\/categories?post=456229"},{"taxonomy":"post_tag","embeddable":true,"href":"https:\/\/www.hashtag.al\/index.php\/wp-json\/wp\/v2\/tags?post=456229"}],"curies":[{"name":"wp","href":"https:\/\/api.w.org\/{rel}","templated":true}]}}