{"id":456169,"date":"2021-06-11T21:54:39","date_gmt":"2021-06-11T19:54:39","guid":{"rendered":"https:\/\/hashtag.al\/?p=456169"},"modified":"2021-06-11T22:04:30","modified_gmt":"2021-06-11T20:04:30","slug":"10-vjet-pas-vrasjes-se-te-atit-djali-i-gaddafit-kerkon-presidencinen-e-libise","status":"publish","type":"post","link":"https:\/\/www.hashtag.al\/index.php\/2021\/06\/11\/10-vjet-pas-vrasjes-se-te-atit-djali-i-gaddafit-kerkon-presidencinen-e-libise\/","title":{"rendered":"10 vjet pas vrasjes s\u00eb t\u00eb atit, djali i Gaddafit k\u00ebrkon presidenc\u00ebn e Libis\u00eb","gt_translate_keys":[{"key":"rendered","format":"text"}]},"content":{"rendered":"<p><span style=\"color: #000000;\"><img loading=\"lazy\" decoding=\"async\" class=\"aligncenter size-full wp-image-456170\" src=\"https:\/\/hashtag.al\/wp-content\/uploads\/2021\/06\/gadafi.jpg\" alt=\"\" width=\"974\" height=\"559\" srcset=\"https:\/\/www.hashtag.al\/wp-content\/uploads\/2021\/06\/gadafi.jpg 974w, https:\/\/www.hashtag.al\/wp-content\/uploads\/2021\/06\/gadafi-300x172.jpg 300w, https:\/\/www.hashtag.al\/wp-content\/uploads\/2021\/06\/gadafi-768x441.jpg 768w\" sizes=\"auto, (max-width: 974px) 100vw, 974px\" \/><\/span><\/p>\n<p><span style=\"color: #000000;\">Djali i ish-udh\u00ebheq\u00ebsit libian Muammar Gaddafi thuhet se po synon zyr\u00ebn m\u00eb t\u00eb lart\u00eb t\u00eb vendit t\u00eb tij nj\u00eb dekad\u00eb pasi babai i tij u rr\u00ebzua dhe u vra nga rebel\u00ebt e mb\u00ebshtetur nga NATO, duke shkaktuar vite trazirash civile.<\/span><\/p>\n<p><span style=\"color: #000000;\">Saif al-Islam Gaddafi ka filluar t&#8217;u drejtohet diplomat\u00ebve per\u00ebndimor\u00eb dhe diplomat\u00ebve t\u00eb tjer\u00eb nd\u00ebrsa ai k\u00ebrkon t\u00eb rihyj\u00eb n\u00eb jet\u00ebn publike, njoftoi \u2018Times\u2019.<\/span><\/p>\n<p><span style=\"color: #000000;\"> Pasi u pa si pasardh\u00ebsi i babait t\u00eb tij, ai po p\u00ebrgatitet t\u00eb q\u00ebndroj\u00eb n\u00eb gar\u00ebn presidenciale t\u00eb Libis\u00eb n\u00eb 24 dhjetor. Duke folur p\u00ebr gazet\u00ebn p\u00ebrmes telefonit, ai tha se ishte mir\u00eb me sh\u00ebndetin dhe konfirmoi marr\u00ebdh\u00ebnien e tij me nj\u00eb ekip k\u00ebshilltar\u00ebsh q\u00eb vepronin n\u00eb em\u00ebr t\u00eb tij. <\/span><\/p>\n<p><span style=\"color: #000000;\">Gaddafi pritet t\u00eb shpall\u00eb publikisht ambiciet e tij politike n\u00eb t\u00eb ardhmen e af\u00ebrt. Sidoqoft\u00eb, \u00ebsht\u00eb ende e paqart\u00eb n\u00ebse ai do t\u00eb lejohet t\u00eb kandidoj\u00eb, pasi nj\u00eb ligj i ri zgjedhor q\u00eb po hartohet aktualisht mund ta p\u00ebrjashtoj\u00eb at\u00eb nga pjes\u00ebmarrja.<\/span><\/p>\n<p><span style=\"color: #000000;\">48-vje\u00e7ari u kap dhe u burgos nga militant\u00ebt n\u00eb 2011. Ai u lirua nga rr\u00ebmbyesit e tij gjasht\u00eb vjet m\u00eb von\u00eb n\u00ebn nj\u00eb marr\u00ebveshje amnistie. Q\u00eb at\u00ebher\u00eb, ai ka mbetur i fshehur. Ai ende p\u00ebrballet me nj\u00eb urdh\u00ebr arresti n\u00eb Libi dhe sipas \u2018Times\u2019, \u00ebsht\u00eb gjithashtu i k\u00ebrkuar nga Gjykata Penale Nd\u00ebrkomb\u00ebtare (I\u00c7). Disa nga v\u00ebllez\u00ebrit e motrat e tij q\u00ebndrojn\u00eb n\u00eb burg ose n\u00eb Libi dhe jasht\u00eb saj.<\/span><\/p>\n<p><span style=\"color: #000000;\">Burimet q\u00eb fol\u00ebn me \u2018Times\u2019 than\u00eb q\u00eb urdhri i I\u00c7 mund t\u00eb t\u00ebrhiqet. Gazeta spekuloi se Sekretari i Shtetit i SHBA Antony Blinken, i cili ishte nj\u00eb ithtar i z\u00ebsh\u00ebm i fushat\u00ebs s\u00eb NATO-s n\u00eb Libi, ka t\u00eb ngjar\u00eb t\u00eb kund\u00ebrshtonte iden\u00eb e djalit t\u00eb Gaddafi q\u00eb kandidon p\u00ebr president.<\/span><\/p>\n<p>&nbsp;<\/p>\n","protected":false,"gt_translate_keys":[{"key":"rendered","format":"html"}]},"excerpt":{"rendered":"<p>Djali i ish-udh\u00ebheq\u00ebsit libian Muammar Gaddafi thuhet se po synon zyr\u00ebn m\u00eb t\u00eb lart\u00eb t\u00eb vendit t\u00eb tij nj\u00eb dekad\u00eb pasi babai i tij u rr\u00ebzua dhe u vra nga rebel\u00ebt e mb\u00ebshtetur nga NATO, duke shkaktuar vite trazirash civile. Saif al-Islam Gaddafi ka filluar t&#8217;u drejtohet diplomat\u00ebve per\u00ebndimor\u00eb dhe diplomat\u00ebve t\u00eb tjer\u00eb nd\u00ebrsa ai [&hellip;]<\/p>\n","protected":false,"gt_translate_keys":[{"key":"rendered","format":"html"}]},"author":51,"featured_media":456170,"comment_status":"open","ping_status":"open","sticky":false,"template":"","format":"standard","meta":{"footnotes":""},"categories":[6],"tags":[],"class_list":["post-456169","post","type-post","status-publish","format-standard","has-post-thumbnail","hentry","category-nderkombetare"],"gt_translate_keys":[{"key":"link","format":"url"}],"_links":{"self":[{"href":"https:\/\/www.hashtag.al\/index.php\/wp-json\/wp\/v2\/posts\/456169","targetHints":{"allow":["GET"]}}],"collection":[{"href":"https:\/\/www.hashtag.al\/index.php\/wp-json\/wp\/v2\/posts"}],"about":[{"href":"https:\/\/www.hashtag.al\/index.php\/wp-json\/wp\/v2\/types\/post"}],"author":[{"embeddable":true,"href":"https:\/\/www.hashtag.al\/index.php\/wp-json\/wp\/v2\/users\/51"}],"replies":[{"embeddable":true,"href":"https:\/\/www.hashtag.al\/index.php\/wp-json\/wp\/v2\/comments?post=456169"}],"version-history":[{"count":0,"href":"https:\/\/www.hashtag.al\/index.php\/wp-json\/wp\/v2\/posts\/456169\/revisions"}],"wp:featuredmedia":[{"embeddable":true,"href":"https:\/\/www.hashtag.al\/index.php\/wp-json\/wp\/v2\/media\/456170"}],"wp:attachment":[{"href":"https:\/\/www.hashtag.al\/index.php\/wp-json\/wp\/v2\/media?parent=456169"}],"wp:term":[{"taxonomy":"category","embeddable":true,"href":"https:\/\/www.hashtag.al\/index.php\/wp-json\/wp\/v2\/categories?post=456169"},{"taxonomy":"post_tag","embeddable":true,"href":"https:\/\/www.hashtag.al\/index.php\/wp-json\/wp\/v2\/tags?post=456169"}],"curies":[{"name":"wp","href":"https:\/\/api.w.org\/{rel}","templated":true}]}}