{"id":456035,"date":"2021-06-11T12:50:45","date_gmt":"2021-06-11T10:50:45","guid":{"rendered":"https:\/\/hashtag.al\/?p=456035"},"modified":"2021-06-11T12:50:45","modified_gmt":"2021-06-11T10:50:45","slug":"balla-basha-mesa-duket-do-rizgjidhet-serish-nuk-besoj-se-do-e-refuzoje-bashkepunimin","status":"publish","type":"post","link":"https:\/\/www.hashtag.al\/index.php\/2021\/06\/11\/balla-basha-mesa-duket-do-rizgjidhet-serish-nuk-besoj-se-do-e-refuzoje-bashkepunimin\/","title":{"rendered":"Balla: Basha mesa duket do rizgjidhet s\u00ebrish, nuk besoj se do e refuzoj\u00eb bashk\u00ebpunimin","gt_translate_keys":[{"key":"rendered","format":"text"}]},"content":{"rendered":"<p><a href=\"https:\/\/hashtag.al\/wp-content\/uploads\/2021\/06\/balla.jpg\"><img loading=\"lazy\" decoding=\"async\" class=\"aligncenter size-full wp-image-456037\" src=\"https:\/\/hashtag.al\/wp-content\/uploads\/2021\/06\/balla.jpg\" alt=\"\" width=\"605\" height=\"450\" srcset=\"https:\/\/www.hashtag.al\/wp-content\/uploads\/2021\/06\/balla.jpg 605w, https:\/\/www.hashtag.al\/wp-content\/uploads\/2021\/06\/balla-300x223.jpg 300w\" sizes=\"auto, (max-width: 605px) 100vw, 605px\" \/><\/a><\/p>\n<p><span style=\"color: #000000;\">Sekretari i P\u00ebrgjithsh\u00ebm i PS-s\u00eb, Taulant Balla \u00ebsht\u00eb i bindur se Lulzim Basha do t\u00eb rizgjidhet kryetar i PD-s\u00eb.<\/span><\/p>\n<p><span style=\"color: #000000;\">N\u00eb nj\u00eb deklarat\u00eb p\u00ebr mediet, Balla tha se nuk e beson q\u00eb Basha do t\u00eb refuzoj\u00eb bashk\u00ebpunimin me maxhoranc\u00ebn pavar\u00ebsishr deklaratave t\u00eb k\u00ebtij t\u00eb fundit se s\u2019do ta b\u00ebj\u00eb kurr\u00eb k\u00ebt\u00eb.<\/span><\/p>\n<p><em><span style=\"color: #000000;\">\u00a0\u201cPS dhe Kryeministri Rama ka shprehur shum\u00eb qart\u00eb gatishm\u00ebrin\u00eb p\u00ebr t\u00eb krijuar nj\u00eb frym\u00eb t\u00eb re dhe nj\u00eb komunikim t\u00eb ri me opozit\u00ebn, e cila duhet t\u00eb gjej\u00eb veten p\u00ebr t\u00eb dh\u00ebn\u00eb kontributin n\u00eb k\u00ebt\u00eb proces histori. Ne n\u00eb shtator, n\u00eb Kuvendin e Shqip\u00ebris\u00eb, ne duhet t\u00eb kemi mund\u00ebsit\u00eb t\u00eb krijojm\u00eb mund\u00ebsi t\u00eb reja komunikimi, dialogu politik, n\u00eb funksion t\u00eb disa reformave t\u00eb r\u00ebnd\u00ebsishme, t\u00eb cilat k\u00ebrkojn\u00eb shumic\u00eb t\u00eb cil\u00ebsuar n\u00eb Kuvend. Kemi t\u00eb gjitha mund\u00ebsit\u00eb t\u00eb identifikojm\u00eb \u00e7\u00ebshtjet q\u00eb ne kemi nj\u00eb dakord\u00ebsi me PD, kujtoj disa reforma politike q\u00eb edhe vet\u00eb Basha, q\u00eb mesa duket do rizgjidhet prap\u00eb, do t\u00eb kemi mund\u00ebsin\u00eb t\u2019i ulim dhe t\u2019i identifikojm\u00eb p\u00ebr t\u2019i \u00e7uar p\u00ebrpara.<\/span><\/em><\/p>\n<p><em><span style=\"color: #000000;\">Un\u00eb shpesh her\u00eb k\u00ebrkoj dhe 94 vota, dua t\u2019ju them q\u00eb deputet\u00ebt n\u00eb sall\u00ebn e Kuvendit prej 26 shkurtit 2019 jan\u00eb t\u00eb ardhur nga listat e PD dhe LSI.<\/span><\/em><\/p>\n<p><em><span style=\"color: #000000;\">Edhe nj\u00eb pjes\u00eb ishin tek PD edhe pse PD u zotua se do i ekstramatrikolonte p\u00ebrjet\u00ebsisht nga partia e tyre. Partit\u00eb kur propozojn\u00eb kandidat\u00ebt p\u00ebr deputet jan\u00eb p\u00ebrgjegj\u00ebs, ky lloj demaskimi, se nj\u00eb deputet nuk kalon, apo s\u2019mb\u00ebshtet linj\u00ebn e partis\u00eb nuk shkon. Deputeti \u00ebsht\u00eb p\u00ebrgjegj\u00ebs p\u00ebr veprimet q\u00eb merr. N\u00eb k\u00ebt\u00eb kuptim, e para nj\u00ebher\u00eb n\u00eb 30 vite \u00e7do parti politike ka m\u00ebsuar nj\u00eb leksion, asnj\u00eb nga ne, asnj\u00eb parti nuk e zgjedh kund\u00ebrshtarin.<\/span><\/em><\/p>\n<p><em><span style=\"color: #000000;\">Dit\u00ebn q\u00eb kur e zgjedh vet\u00eb kund\u00ebrshtarin, at\u00ebhere shko diku tjet\u00ebr. N\u00eb k\u00ebt\u00eb fush\u00eb institucionale p\u00ebrball\u00eb PD \u00ebsht\u00eb PS dhe grupi parlamentar. Kemi gjith\u00eb d\u00ebshir\u00ebn p\u00ebr k\u00ebto ura komunikimi.<\/span><\/em><\/p>\n<p><span style=\"color: #000000;\"><em>N\u00ebse d\u00ebshiron ose jo, k\u00ebt\u00eb rrug\u00eb e ka provuar, rrug\u00ebn e bojkotit, moskomunikimit, munges\u00ebn e dialogut, pas kalimit t\u00eb etheve t\u00eb s\u00eb diel\u00ebs q\u00eb lidhen me procesin zgjedhor t\u00eb PD, mendoj q\u00eb Basha do e kuptoj\u00eb q\u00eb kund\u00ebrshtari i tij politik jemi ne, por n\u00eb fund t\u00eb fundit jemi shqiptar\u00eb. Ato q\u00eb presin shqiptar\u00ebt \u00ebsht\u00eb t\u00eb ngrem\u00eb nj\u00eb komunikim t\u00eb ri, n\u00eb nj\u00eb vit kur Shqip\u00ebria ka nisur negociatat p\u00ebr t\u2019u an\u00ebtar\u00ebsuar n\u00eb BE. Besoj n\u00eb k\u00ebt\u00eb k\u00ebndv\u00ebshtrim bie ajo q\u00eb Basha nuk pranon, s\u2019e besoj q\u00eb s\u2019do pranoj\u00eb.\u201d-<\/em> tha Balla.<\/span><\/p>\n","protected":false,"gt_translate_keys":[{"key":"rendered","format":"html"}]},"excerpt":{"rendered":"<p>Sekretari i P\u00ebrgjithsh\u00ebm i PS-s\u00eb, Taulant Balla \u00ebsht\u00eb i bindur se Lulzim Basha do t\u00eb rizgjidhet kryetar i PD-s\u00eb. N\u00eb nj\u00eb deklarat\u00eb p\u00ebr mediet, Balla tha se nuk e beson q\u00eb Basha do t\u00eb refuzoj\u00eb bashk\u00ebpunimin me maxhoranc\u00ebn pavar\u00ebsishr deklaratave t\u00eb k\u00ebtij t\u00eb fundit se s\u2019do ta b\u00ebj\u00eb kurr\u00eb k\u00ebt\u00eb. \u00a0\u201cPS dhe Kryeministri Rama ka [&hellip;]<\/p>\n","protected":false,"gt_translate_keys":[{"key":"rendered","format":"html"}]},"author":30,"featured_media":456037,"comment_status":"open","ping_status":"open","sticky":false,"template":"","format":"standard","meta":{"footnotes":""},"categories":[65,13],"tags":[],"class_list":["post-456035","post","type-post","status-publish","format-standard","has-post-thumbnail","hentry","category-lajme","category-te-fundit"],"gt_translate_keys":[{"key":"link","format":"url"}],"_links":{"self":[{"href":"https:\/\/www.hashtag.al\/index.php\/wp-json\/wp\/v2\/posts\/456035","targetHints":{"allow":["GET"]}}],"collection":[{"href":"https:\/\/www.hashtag.al\/index.php\/wp-json\/wp\/v2\/posts"}],"about":[{"href":"https:\/\/www.hashtag.al\/index.php\/wp-json\/wp\/v2\/types\/post"}],"author":[{"embeddable":true,"href":"https:\/\/www.hashtag.al\/index.php\/wp-json\/wp\/v2\/users\/30"}],"replies":[{"embeddable":true,"href":"https:\/\/www.hashtag.al\/index.php\/wp-json\/wp\/v2\/comments?post=456035"}],"version-history":[{"count":0,"href":"https:\/\/www.hashtag.al\/index.php\/wp-json\/wp\/v2\/posts\/456035\/revisions"}],"wp:featuredmedia":[{"embeddable":true,"href":"https:\/\/www.hashtag.al\/index.php\/wp-json\/wp\/v2\/media\/456037"}],"wp:attachment":[{"href":"https:\/\/www.hashtag.al\/index.php\/wp-json\/wp\/v2\/media?parent=456035"}],"wp:term":[{"taxonomy":"category","embeddable":true,"href":"https:\/\/www.hashtag.al\/index.php\/wp-json\/wp\/v2\/categories?post=456035"},{"taxonomy":"post_tag","embeddable":true,"href":"https:\/\/www.hashtag.al\/index.php\/wp-json\/wp\/v2\/tags?post=456035"}],"curies":[{"name":"wp","href":"https:\/\/api.w.org\/{rel}","templated":true}]}}