{"id":456032,"date":"2021-06-11T12:37:37","date_gmt":"2021-06-11T10:37:37","guid":{"rendered":"https:\/\/hashtag.al\/?p=456032"},"modified":"2021-06-11T12:37:37","modified_gmt":"2021-06-11T10:37:37","slug":"basha-fton-demokratet-e-peqinit-e-paskuqanit-ta-votojne-ajo-qe-do-te-vendosim-te-dielen-do-te-percaktoje-kursin-qe-do-ndjekim","status":"publish","type":"post","link":"https:\/\/www.hashtag.al\/index.php\/2021\/06\/11\/basha-fton-demokratet-e-peqinit-e-paskuqanit-ta-votojne-ajo-qe-do-te-vendosim-te-dielen-do-te-percaktoje-kursin-qe-do-ndjekim\/","title":{"rendered":"Basha fton demokrat\u00ebt e Peqinit e Paskuqanit ta votojn\u00eb: Ajo q\u00eb do t\u00eb vendosim t\u00eb diel\u00ebn do t\u00eb p\u00ebrcaktoj\u00eb kursin q\u00eb do ndjekim","gt_translate_keys":[{"key":"rendered","format":"text"}]},"content":{"rendered":"<p><a href=\"https:\/\/hashtag.al\/wp-content\/uploads\/2021\/06\/Basha.jpg\"><img loading=\"lazy\" decoding=\"async\" class=\"aligncenter size-full wp-image-456033\" src=\"https:\/\/hashtag.al\/wp-content\/uploads\/2021\/06\/Basha.jpg\" alt=\"\" width=\"1280\" height=\"853\" srcset=\"https:\/\/www.hashtag.al\/wp-content\/uploads\/2021\/06\/Basha.jpg 1280w, https:\/\/www.hashtag.al\/wp-content\/uploads\/2021\/06\/Basha-300x200.jpg 300w, https:\/\/www.hashtag.al\/wp-content\/uploads\/2021\/06\/Basha-768x512.jpg 768w, https:\/\/www.hashtag.al\/wp-content\/uploads\/2021\/06\/Basha-1024x682.jpg 1024w\" sizes=\"auto, (max-width: 1280px) 100vw, 1280px\" \/><\/a><\/p>\n<p><span style=\"color: #000000;\">Kryetari i PD-s\u00eb Lulzim Basha ka zhvilluar nj\u00eb takim me demokrat\u00ebt e Peqinit dhe Paskuqanit n\u00eb kuad\u00ebr t\u00eb fushat\u00ebs s\u00eb brendshme brenda partis\u00eb.<\/span><\/p>\n<p><span style=\"color: #000000;\">N\u00eb k\u00ebt\u00eb takim ai i ftoi t\u00eb gjith\u00eb demokrat\u00ebt q\u00eb t\u00eb dalin masivisht p\u00ebr ta votuar dhe p\u00ebr t\u00eb treguar forc\u00ebn e tyre. Ai theksoi se zgjedhjet e s\u00eb diel\u00ebs s\u00eb 13 Qershorit, do t\u00eb p\u00ebrcaktojn\u00eb edhe kursin q\u00eb Partia Demokratike do t\u00eb ndjek\u00eb.<\/span><\/p>\n<p><em><span style=\"color: #000000;\">\u201cKush e mohon masakr\u00ebn e 25 prillit, p\u00ebr fat t\u00eb keq i bie me shkelm k\u00ebsaj sakrifice.<\/span><\/em><\/p>\n<p><em><span style=\"color: #000000;\">Ne jemi sot n\u00eb mes t\u00eb nj\u00eb gare t\u00eb brendshme e cila do t\u00eb finalizohet t\u00eb diel\u00ebn. Ajo q\u00eb do t\u00eb vendosim t\u00eb diel\u00ebn do t\u00eb p\u00ebrcaktoj edhe kursin me t\u00eb cilin do t\u00eb ecim. Si\u00e7 kam insistuar n\u00eb mbledhjen e K\u00ebshillit Komb\u00ebtar\u00eb, dua ta p\u00ebrs\u00ebris edhe k\u00ebtu, ne mund t\u00eb kemi mendime t\u00eb ndryshme p\u00ebr aspekte t\u00eb ndryshme t\u00eb gjith\u00e7kaje q\u00eb ka ndodhur, qoft\u00eb n\u00eb kuptimin e asaj q\u00eb na ka ndodhur p\u00ebr shkak t\u00eb kund\u00ebrshtarit, qoft\u00eb p\u00ebr shkak t\u00eb p\u00ebrgjegj\u00ebsive t\u00eb brendshme tona.<\/span><\/em><\/p>\n<p><em><span style=\"color: #000000;\">Gjithsecili ka lirin\u00eb t\u00eb mendoj\u00eb dhe t\u00eb analizoj\u00eb dhe natyrisht me 13 qershor t\u00eb vendos\u00eb n\u00eb baz\u00eb t\u00eb k\u00ebtij arsyetimi, por p\u00ebr nj\u00eb gj\u00eb nuk mund t\u00eb jemi t\u00eb ndar\u00eb, p\u00ebr nj\u00eb gj\u00eb nuk mund t\u00eb kemi 2 mendime, e nuk mund t\u00eb ulemi n\u00eb 2 karrige, ose 25 prilli ishte masak\u00ebr zgjedhore ose ishte fitore e e Edi Ram\u00ebs.<\/span><\/em><\/p>\n<p><em><span style=\"color: #000000;\">N\u00eb qoft\u00eb se pranojm\u00eb t\u00eb dyt\u00ebn, at\u00ebher\u00eb de facto kemi shkelur mbi sakrific\u00ebn e demokrat\u00ebve dhe i kemi r\u00ebn\u00eb me shkelm gjithckaje q\u00eb kemi nd\u00ebrtuar n\u00eb kat\u00ebr vite dhe kjo nuk \u00ebsht\u00eb m\u00eb e keqja, m\u00eb e keqja \u00ebsht\u00eb q\u00eb duke pranuar k\u00ebt\u00eb kemi legjitimuar m\u00ebnyrat, format e t\u00eb keqes, korrupsioni, krimin harbut\u00ebrin\u00eb, dhe i kemi hapur rrug\u00ebn nj\u00eb nate t\u00eb pafund p\u00ebr Shqip\u00ebrin\u00eb dhe shqiptar\u00ebt.<\/span><\/em><\/p>\n<p><em><span style=\"color: #000000;\">Un\u00eb nuk mund ta pranoj k\u00ebt\u00eb, un\u00eb nuk mund t\u00eb pranoj t\u00eb shkel mbi sakrific\u00ebn e demokrat\u00ebve. Un\u00eb nuk mund t\u00eb pranoj ta trajtoj Edi Ram\u00ebn si nj\u00eb kund\u00ebrshtar normal politik n\u00eb momentin q\u00eb ai ka dhunuar dhe ka shkat\u00ebrruar t\u00eb vetmin mekaniz\u00ebm q\u00eb ka demokracia, vullnetin e shumic\u00ebs.<\/span><\/em><\/p>\n<p><em><span style=\"color: #000000;\">Ndaj p\u00ebrgjigja ime ka qen\u00eb dhe mbetet nga detyra e kryetarit t\u00eb Partis\u00eb Demokratike prej dit\u00ebs s\u00eb par\u00eb q\u00eb as nuk e njoh, as nuk e pranoj tjet\u00ebrsimin e vullneti t\u00eb shqiptar\u00ebve me 25 prill dhe rezultatin e manipuluar t\u00eb 25 prillit. As e njoh dhe as nuk e pranoj si t\u00eb ligjsh\u00ebm asnj\u00eb instuticion t\u00eb dal\u00eb nga kjo masak\u00ebr, sikund\u00ebr nuk mund t\u00eb pranoj kurr\u00ebsesi q\u00eb t\u00eb b\u00ebhem pjes\u00eb e k\u00ebsaj masakre duke kapur nj\u00ebr\u00ebn nga dy duart e Edi Ram\u00ebs, at\u00eb q\u00eb gjoja shtrin p\u00ebr bashk\u00ebpunim nd\u00ebrkoh\u00eb q\u00eb me dor\u00ebn tjet\u00ebr ka intensifikuar goditje ndaj demokrat\u00ebve dhe ndaj mb\u00ebshtet\u00ebsve tan\u00eb kudo anemban\u00eb Shqip\u00ebris\u00eb.<\/span><\/em><\/p>\n<p><em><span style=\"color: #000000;\">P\u00ebr mua ka vet\u00ebm nj\u00eb rrug\u00eb: rruga e betej\u00ebs totale ndaj atij q\u00eb i ka shpallur luft\u00eb totale Partis\u00eb Demokratike, demokrat\u00ebve shqiptar\u00ebve, Shqip\u00ebris\u00eb dhe demokracis\u00eb. Nuk ka rrug\u00eb tjet\u00ebr! Nuk do t\u00eb jet\u00eb fush\u00eb me lule por ju e dini fare mir\u00eb q\u00eb asnj\u00eb betej\u00eb e jona as me t\u00eb as me paraardh\u00ebsit e tij nuk ka qen\u00eb fush\u00eb me lule.<\/span><\/em><\/p>\n<p><em><span style=\"color: #000000;\">Nuk do ta b\u00ebjm\u00eb p\u00ebr veten ton\u00eb por do ta b\u00ebjm\u00eb p\u00ebr Shqip\u00ebrin\u00eb dhe shqiptar\u00ebt dhe ju e dini fare mir\u00eb q\u00eb po nuk e b\u00ebm\u00eb ne nuk ka forc\u00eb tjet\u00ebr q\u00eb ta b\u00ebj\u00eb.<\/span><\/em><\/p>\n<p><span style=\"color: #000000;\"><em>Un\u00eb ju ftoj q\u00eb n\u00eb 13 qershor t\u00eb dilni masivisht e n\u00eb radh\u00eb t\u00eb par\u00eb p\u00ebr t\u00eb treguar qytetar\u00ebve t\u00eb Paskuqanit, Kam\u00ebz, Tiran\u00ebs dhe gjith\u00eb Shqip\u00ebris\u00eb forc\u00ebn ton\u00eb. Ju k\u00ebrkoj\u00eb t\u00eb votoni p\u00ebr t\u00eb vazhduar se betej\u00ebn ton\u00eb se rrug\u00eb tjet\u00ebr nuk ka. As Shqip\u00ebria nuk do t\u00eb zbrazet dhe t\u00eb vdes\u00eb, as demokracia nuk do t\u00eb marr\u00eb fund pas 30 viteve q\u00eb ka lindur dhe as shqiptar\u00ebt nuk do t\u00eb kthehen n\u00eb koh\u00ebt m\u00eb t\u00eb errta t\u00eb monizmit.\u201d<\/em>&#8211; deklaroi Basha.<\/span><\/p>\n","protected":false,"gt_translate_keys":[{"key":"rendered","format":"html"}]},"excerpt":{"rendered":"<p>Kryetari i PD-s\u00eb Lulzim Basha ka zhvilluar nj\u00eb takim me demokrat\u00ebt e Peqinit dhe Paskuqanit n\u00eb kuad\u00ebr t\u00eb fushat\u00ebs s\u00eb brendshme brenda partis\u00eb. N\u00eb k\u00ebt\u00eb takim ai i ftoi t\u00eb gjith\u00eb demokrat\u00ebt q\u00eb t\u00eb dalin masivisht p\u00ebr ta votuar dhe p\u00ebr t\u00eb treguar forc\u00ebn e tyre. Ai theksoi se zgjedhjet e s\u00eb diel\u00ebs s\u00eb 13 [&hellip;]<\/p>\n","protected":false,"gt_translate_keys":[{"key":"rendered","format":"html"}]},"author":30,"featured_media":456033,"comment_status":"open","ping_status":"open","sticky":false,"template":"","format":"standard","meta":{"footnotes":""},"categories":[65,13],"tags":[],"class_list":["post-456032","post","type-post","status-publish","format-standard","has-post-thumbnail","hentry","category-lajme","category-te-fundit"],"gt_translate_keys":[{"key":"link","format":"url"}],"_links":{"self":[{"href":"https:\/\/www.hashtag.al\/index.php\/wp-json\/wp\/v2\/posts\/456032","targetHints":{"allow":["GET"]}}],"collection":[{"href":"https:\/\/www.hashtag.al\/index.php\/wp-json\/wp\/v2\/posts"}],"about":[{"href":"https:\/\/www.hashtag.al\/index.php\/wp-json\/wp\/v2\/types\/post"}],"author":[{"embeddable":true,"href":"https:\/\/www.hashtag.al\/index.php\/wp-json\/wp\/v2\/users\/30"}],"replies":[{"embeddable":true,"href":"https:\/\/www.hashtag.al\/index.php\/wp-json\/wp\/v2\/comments?post=456032"}],"version-history":[{"count":0,"href":"https:\/\/www.hashtag.al\/index.php\/wp-json\/wp\/v2\/posts\/456032\/revisions"}],"wp:featuredmedia":[{"embeddable":true,"href":"https:\/\/www.hashtag.al\/index.php\/wp-json\/wp\/v2\/media\/456033"}],"wp:attachment":[{"href":"https:\/\/www.hashtag.al\/index.php\/wp-json\/wp\/v2\/media?parent=456032"}],"wp:term":[{"taxonomy":"category","embeddable":true,"href":"https:\/\/www.hashtag.al\/index.php\/wp-json\/wp\/v2\/categories?post=456032"},{"taxonomy":"post_tag","embeddable":true,"href":"https:\/\/www.hashtag.al\/index.php\/wp-json\/wp\/v2\/tags?post=456032"}],"curies":[{"name":"wp","href":"https:\/\/api.w.org\/{rel}","templated":true}]}}