{"id":455958,"date":"2021-06-10T23:23:51","date_gmt":"2021-06-10T21:23:51","guid":{"rendered":"https:\/\/hashtag.al\/?p=455958"},"modified":"2021-06-11T13:50:02","modified_gmt":"2021-06-11T11:50:02","slug":"berisha-kercenon-hapur-bashen-nuk-perjashtoj-asnje-te-drejte-timen-kushtetuese","status":"publish","type":"post","link":"https:\/\/www.hashtag.al\/index.php\/2021\/06\/10\/berisha-kercenon-hapur-bashen-nuk-perjashtoj-asnje-te-drejte-timen-kushtetuese\/","title":{"rendered":"Berisha k\u00ebrc\u00ebnon hapur Bash\u00ebn: Nuk p\u00ebrjashtoj asnj\u00eb t\u00eb drejt\u00eb timen kushtetuese","gt_translate_keys":[{"key":"rendered","format":"text"}]},"content":{"rendered":"<p><span style=\"color: #000000;\"><img loading=\"lazy\" decoding=\"async\" class=\"aligncenter size-full wp-image-455959\" src=\"https:\/\/hashtag.al\/wp-content\/uploads\/2021\/06\/berish.png\" alt=\"\" width=\"936\" height=\"503\" srcset=\"https:\/\/www.hashtag.al\/wp-content\/uploads\/2021\/06\/berish.png 936w, https:\/\/www.hashtag.al\/wp-content\/uploads\/2021\/06\/berish-300x161.png 300w, https:\/\/www.hashtag.al\/wp-content\/uploads\/2021\/06\/berish-768x413.png 768w\" sizes=\"auto, (max-width: 936px) 100vw, 936px\" \/><\/span><\/p>\n<p><span style=\"color: #000000;\">Ish-kryeministri Sali Berisha n\u00eb nj\u00eb intervist\u00eb p\u00ebr emisionin \u201c \u00c7im Peka Live\u201d ka k\u00ebrc\u00ebnuar hapur kreun aktual t\u00eb PD-s\u00eb Lulzim Basha.<\/span><\/p>\n<p><span style=\"color: #000000;\">Berisha nuk ka p\u00ebrjashtuar nj\u00eb rikthim n\u00eb drejtimin e PD-s\u00eb, nd\u00ebrsa ishte duke komentuar situat\u00ebn e brendshme n\u00eb selin\u00eb blu.<\/span><\/p>\n<p><span style=\"color: #000000;\">Ish-kyeministri i pyetur mbi drejtimin e PD-s\u00eb tha se nuk p\u00ebrjashton m\u00eb asnj\u00eb t\u00eb drejt\u00eb t\u00eb tij\u00ebn kushtetuese.<\/span><\/p>\n<p><span style=\"color: #000000;\">\u201c<em>Kurr\u00eb mos thuaj kurr\u00eb! (Never say never)! E kam p\u00ebrdorur me Ramiz Alin\u00eb dhe e p\u00ebrdor sot prap\u00eb. Po ecja n\u00eb nj\u00eb drejtim dhe kam nd\u00ebrruar. Drejtimi i PD-s\u00eb? Nuk p\u00ebrjashtoj asnj\u00eb t\u00eb drejt\u00eb timen kushtetuese m\u00eb<\/em>,\u201d-deklaroi Berisha.<\/span><\/p>\n<div style=\"width: 1080px;\" class=\"wp-video\"><video class=\"wp-video-shortcode\" id=\"video-455958-1\" width=\"1080\" height=\"1080\" preload=\"metadata\" controls=\"controls\"><source type=\"video\/mp4\" src=\"https:\/\/hashtag.al\/wp-content\/uploads\/2021\/06\/WhatsApp-Video-2021-06-10-at-23.32.34.mp4?_=1\" \/><a href=\"https:\/\/hashtag.al\/wp-content\/uploads\/2021\/06\/WhatsApp-Video-2021-06-10-at-23.32.34.mp4\">https:\/\/hashtag.al\/wp-content\/uploads\/2021\/06\/WhatsApp-Video-2021-06-10-at-23.32.34.mp4<\/a><\/video><\/div>\n","protected":false,"gt_translate_keys":[{"key":"rendered","format":"html"}]},"excerpt":{"rendered":"<p>Ish-kryeministri Sali Berisha n\u00eb nj\u00eb intervist\u00eb p\u00ebr emisionin \u201c \u00c7im Peka Live\u201d ka k\u00ebrc\u00ebnuar hapur kreun aktual t\u00eb PD-s\u00eb Lulzim Basha. Berisha nuk ka p\u00ebrjashtuar nj\u00eb rikthim n\u00eb drejtimin e PD-s\u00eb, nd\u00ebrsa ishte duke komentuar situat\u00ebn e brendshme n\u00eb selin\u00eb blu. Ish-kyeministri i pyetur mbi drejtimin e PD-s\u00eb tha se nuk p\u00ebrjashton m\u00eb asnj\u00eb t\u00eb [&hellip;]<\/p>\n","protected":false,"gt_translate_keys":[{"key":"rendered","format":"html"}]},"author":32,"featured_media":455959,"comment_status":"open","ping_status":"open","sticky":false,"template":"","format":"standard","meta":{"footnotes":""},"categories":[22,65,13],"tags":[],"class_list":["post-455958","post","type-post","status-publish","format-standard","has-post-thumbnail","hentry","category-ballina","category-lajme","category-te-fundit"],"gt_translate_keys":[{"key":"link","format":"url"}],"_links":{"self":[{"href":"https:\/\/www.hashtag.al\/index.php\/wp-json\/wp\/v2\/posts\/455958","targetHints":{"allow":["GET"]}}],"collection":[{"href":"https:\/\/www.hashtag.al\/index.php\/wp-json\/wp\/v2\/posts"}],"about":[{"href":"https:\/\/www.hashtag.al\/index.php\/wp-json\/wp\/v2\/types\/post"}],"author":[{"embeddable":true,"href":"https:\/\/www.hashtag.al\/index.php\/wp-json\/wp\/v2\/users\/32"}],"replies":[{"embeddable":true,"href":"https:\/\/www.hashtag.al\/index.php\/wp-json\/wp\/v2\/comments?post=455958"}],"version-history":[{"count":0,"href":"https:\/\/www.hashtag.al\/index.php\/wp-json\/wp\/v2\/posts\/455958\/revisions"}],"wp:featuredmedia":[{"embeddable":true,"href":"https:\/\/www.hashtag.al\/index.php\/wp-json\/wp\/v2\/media\/455959"}],"wp:attachment":[{"href":"https:\/\/www.hashtag.al\/index.php\/wp-json\/wp\/v2\/media?parent=455958"}],"wp:term":[{"taxonomy":"category","embeddable":true,"href":"https:\/\/www.hashtag.al\/index.php\/wp-json\/wp\/v2\/categories?post=455958"},{"taxonomy":"post_tag","embeddable":true,"href":"https:\/\/www.hashtag.al\/index.php\/wp-json\/wp\/v2\/tags?post=455958"}],"curies":[{"name":"wp","href":"https:\/\/api.w.org\/{rel}","templated":true}]}}