{"id":455956,"date":"2021-06-10T23:10:14","date_gmt":"2021-06-10T21:10:14","guid":{"rendered":"https:\/\/hashtag.al\/?p=455956"},"modified":"2021-06-10T23:10:14","modified_gmt":"2021-06-10T21:10:14","slug":"berisha-as-nano-as-rama-nuk-me-kane-akuzuar-per-korrupsion-femijet-e-mi-nuk-kane-fituar-asnje-qindarke-nga-buxheti","status":"publish","type":"post","link":"https:\/\/www.hashtag.al\/index.php\/2021\/06\/10\/berisha-as-nano-as-rama-nuk-me-kane-akuzuar-per-korrupsion-femijet-e-mi-nuk-kane-fituar-asnje-qindarke-nga-buxheti\/","title":{"rendered":"Berisha: As Nano as Rama nuk m\u00eb kan\u00eb akuzuar p\u00ebr korrupsion, f\u00ebmij\u00ebt e mi nuk kan\u00eb fituar asnj\u00eb qindark\u00eb nga buxheti","gt_translate_keys":[{"key":"rendered","format":"text"}]},"content":{"rendered":"<p><span style=\"color: #000000;\"><img loading=\"lazy\" decoding=\"async\" class=\"aligncenter size-full wp-image-248781\" src=\"https:\/\/hashtag.al\/wp-content\/uploads\/2018\/11\/berisha-syri.png\" alt=\"\" width=\"847\" height=\"482\" srcset=\"https:\/\/www.hashtag.al\/wp-content\/uploads\/2018\/11\/berisha-syri.png 847w, https:\/\/www.hashtag.al\/wp-content\/uploads\/2018\/11\/berisha-syri-300x171.png 300w, https:\/\/www.hashtag.al\/wp-content\/uploads\/2018\/11\/berisha-syri-768x437.png 768w\" sizes=\"auto, (max-width: 847px) 100vw, 847px\" \/><\/span><\/p>\n<p><span style=\"color: #000000;\">Ish-kryeministri Sali Berisha n\u00eb nj\u00eb intervist\u00eb p\u00ebr \u201c\u00c7im Peka Live\u201d deklaroi se nuk ka asnj\u00eb akuz\u00eb p\u00ebr korrupsion nga Fatos Nano dhe Edi Rama.<\/span><\/p>\n<p><span style=\"color: #000000;\">Ai theksoi se f\u00ebmij\u00ebt e tij nuk kan\u00eb marr\u00eb asnj\u00eb qindark\u00eb nga fondet e shtetit, duke komentuar edhe vendimin e SHBA-ve p\u00ebr shpalljen \u201cnon grata\u201d<\/span><\/p>\n<p><span style=\"color: #000000;\">\u201c<em>As Fatos Nano dhe as Edi Rama, asnj\u00eb kund\u00ebrshtar nuk ka akuza p\u00ebr korrupsion. Familjar\u00ebt e mi\u2026? N\u00eb vitin 2005 b\u00ebra ligjin p\u00ebr gazetar\u00ebt. Ata nga 2005-2013 s\u2019kan\u00eb paditur asnj\u00eb. Por kan\u00eb \u00e7uar n\u00eb gjyq \u00e7do politikan q\u00eb p\u00ebrpunonte shpifjet e gazetar\u00ebve dhe i kan\u00eb fituar t\u00eb gjitha. Un\u00eb kam nj\u00eb postulat, \u00e7far\u00ebdo q\u00eb kan\u00eb b\u00ebr\u00eb f\u00ebmij\u00ebt e mi, e kam b\u00ebr\u00eb un\u00eb. Nuk e thot\u00eb askush tjet\u00ebr, un\u00eb e them. E kam th\u00ebn\u00eb gjithmon\u00eb. Nuk kan\u00eb b\u00ebr\u00eb asnj\u00eb shkelje ligji. Nuk kan\u00eb marr\u00eb asnj\u00eb qindark\u00eb nga fonde, tendera publike<\/em><em> Nuk kan\u00eb b\u00ebr\u00eb asnj\u00eb shkelje ligji. Sepse n\u00eb m\u00ebnyr\u00eb absolute nuk kan\u00eb marr\u00eb nj\u00eb qindark\u00eb. P\u00ebrvce tre muajve rrog\u00eb q\u00eb ka marr\u00eb djali im n\u00eb nj\u00eb nd\u00ebrmarrje publike ku ka ardh dhe ka ik, nuk ka marr\u00eb n\u00eb jet\u00ebn e tij asnj\u00eb qindark\u00eb nga fondet publike, tendera publik, as nga kompani q\u00eb kan\u00eb marr\u00eb tendera publike. N\u00ebse marr\u00ebdh\u00ebniet e tyre kan\u00eb qen\u00eb privat-privat, k\u00ebtu nuk jemi n\u00eb Koren\u00eb e Veriut<\/em>\u201d-deklaroi Berisha.<\/span><\/p>\n","protected":false,"gt_translate_keys":[{"key":"rendered","format":"html"}]},"excerpt":{"rendered":"<p>Ish-kryeministri Sali Berisha n\u00eb nj\u00eb intervist\u00eb p\u00ebr \u201c\u00c7im Peka Live\u201d deklaroi se nuk ka asnj\u00eb akuz\u00eb p\u00ebr korrupsion nga Fatos Nano dhe Edi Rama. Ai theksoi se f\u00ebmij\u00ebt e tij nuk kan\u00eb marr\u00eb asnj\u00eb qindark\u00eb nga fondet e shtetit, duke komentuar edhe vendimin e SHBA-ve p\u00ebr shpalljen \u201cnon grata\u201d \u201cAs Fatos Nano dhe as Edi [&hellip;]<\/p>\n","protected":false,"gt_translate_keys":[{"key":"rendered","format":"html"}]},"author":32,"featured_media":248781,"comment_status":"open","ping_status":"open","sticky":false,"template":"","format":"standard","meta":{"footnotes":""},"categories":[65,13],"tags":[],"class_list":["post-455956","post","type-post","status-publish","format-standard","has-post-thumbnail","hentry","category-lajme","category-te-fundit"],"gt_translate_keys":[{"key":"link","format":"url"}],"_links":{"self":[{"href":"https:\/\/www.hashtag.al\/index.php\/wp-json\/wp\/v2\/posts\/455956","targetHints":{"allow":["GET"]}}],"collection":[{"href":"https:\/\/www.hashtag.al\/index.php\/wp-json\/wp\/v2\/posts"}],"about":[{"href":"https:\/\/www.hashtag.al\/index.php\/wp-json\/wp\/v2\/types\/post"}],"author":[{"embeddable":true,"href":"https:\/\/www.hashtag.al\/index.php\/wp-json\/wp\/v2\/users\/32"}],"replies":[{"embeddable":true,"href":"https:\/\/www.hashtag.al\/index.php\/wp-json\/wp\/v2\/comments?post=455956"}],"version-history":[{"count":0,"href":"https:\/\/www.hashtag.al\/index.php\/wp-json\/wp\/v2\/posts\/455956\/revisions"}],"wp:featuredmedia":[{"embeddable":true,"href":"https:\/\/www.hashtag.al\/index.php\/wp-json\/wp\/v2\/media\/248781"}],"wp:attachment":[{"href":"https:\/\/www.hashtag.al\/index.php\/wp-json\/wp\/v2\/media?parent=455956"}],"wp:term":[{"taxonomy":"category","embeddable":true,"href":"https:\/\/www.hashtag.al\/index.php\/wp-json\/wp\/v2\/categories?post=455956"},{"taxonomy":"post_tag","embeddable":true,"href":"https:\/\/www.hashtag.al\/index.php\/wp-json\/wp\/v2\/tags?post=455956"}],"curies":[{"name":"wp","href":"https:\/\/api.w.org\/{rel}","templated":true}]}}