{"id":455886,"date":"2021-06-10T16:10:25","date_gmt":"2021-06-10T14:10:25","guid":{"rendered":"https:\/\/hashtag.al\/?p=455886"},"modified":"2021-06-10T16:10:25","modified_gmt":"2021-06-10T14:10:25","slug":"kurti-nga-tirana-serbia-te-pranoje-realitetin-e-te-njohe-kosoven-duhet-te-shkeputet-nga-milloshevici","status":"publish","type":"post","link":"https:\/\/www.hashtag.al\/index.php\/2021\/06\/10\/kurti-nga-tirana-serbia-te-pranoje-realitetin-e-te-njohe-kosoven-duhet-te-shkeputet-nga-milloshevici\/","title":{"rendered":"Kurti nga Tirana: Serbia t\u00eb pranoj\u00eb realitetin e t\u00eb njoh\u00eb Kosov\u00ebn, duhet t\u00eb shk\u00ebputet nga Milloshevi\u00e7i","gt_translate_keys":[{"key":"rendered","format":"text"}]},"content":{"rendered":"<p><span style=\"color: #000000;\"><img loading=\"lazy\" decoding=\"async\" class=\"aligncenter size-full wp-image-455887\" src=\"https:\/\/hashtag.al\/wp-content\/uploads\/2021\/06\/kurtialbin.jpg\" alt=\"\" width=\"1301\" height=\"655\" srcset=\"https:\/\/www.hashtag.al\/wp-content\/uploads\/2021\/06\/kurtialbin.jpg 1301w, https:\/\/www.hashtag.al\/wp-content\/uploads\/2021\/06\/kurtialbin-300x151.jpg 300w, https:\/\/www.hashtag.al\/wp-content\/uploads\/2021\/06\/kurtialbin-768x387.jpg 768w, https:\/\/www.hashtag.al\/wp-content\/uploads\/2021\/06\/kurtialbin-1024x516.jpg 1024w\" sizes=\"auto, (max-width: 1301px) 100vw, 1301px\" \/><\/span><\/p>\n<p><span style=\"color: #000000;\">Kryeministri i Kosov\u00ebs i ka b\u00ebr\u00eb thirrje Serbis\u00eb q\u00eb t\u00eb njoh\u00eb Kosov\u00ebn n\u00eb m\u00ebnyr\u00eb q\u00eb t\u00eb shk\u00ebputet nga e shkuara e nga regjimi i Sllobodan Milloshevi\u00e7it. <\/span><\/p>\n<p><span style=\"color: #000000;\">Kurti e b\u00ebri deklarat\u00ebn nga Tirana ku po merr pjes\u00eb n\u00eb samitin e lider\u00ebve t\u00eb Ballkanit per\u00ebndimor.<\/span><\/p>\n<p><span style=\"color: #000000;\"> Sipas tij, njohja e Kosov\u00ebs do \u00e7lironte rajonin e do rriste bashk\u00ebpunimin mes vendeve e zhvillimin.<\/span><\/p>\n<p><span style=\"color: #000000;\"><em>\u201cNismat e ndryshme i b\u00ebjn\u00eb bashk\u00eb lider\u00ebt e Ballkanit p\u00ebr t\u00eb sjell\u00eb frym\u00ebn e integrimeve evropiane. Nismat rajonale po ngecin p\u00ebr shkak se mungon njohja e Kosov\u00ebs nga Serbia. Njohja do b\u00ebnte q\u00eb vendet t\u00eb bashk\u00ebpunonin m\u00eb shum\u00eb. Nuk mjafton vet\u00ebm tregu i p\u00ebrbashk\u00ebt por q\u00eb vlerat e BE-s\u00eb t\u00eb vendosen n\u00eb raportet mes shteteve. N\u00eb fund dhash\u00eb nj\u00eb propozim si mund t\u00eb ecim para. Kjo \u00ebsht\u00eb marr\u00ebveshje e tregut. Ajo q\u00eb \u00ebsht\u00eb m\u00eb e r\u00ebnd\u00ebsishme \u00ebsht\u00eb s\u00eb Serbia t\u00eb njoh\u00eb pavar\u00ebsin\u00eb e Kosov\u00ebs p\u00ebr t\u00eb pranuar aktualitetin real. Serbia duhet t\u00eb shk\u00ebputet duke u distancuar nga regjimi i Millosheviqit, duke qen\u00eb se nuk ka zgjedhje tjet\u00ebr, ve\u00e7se ta njoh\u00eb pavar\u00ebsin\u00eb e Kosov\u00ebs. Pavar\u00ebsia e Kosov\u00ebs nuk \u00ebsht\u00eb e mir\u00eb vet\u00ebm p\u00ebr Kosov\u00ebn por edhe p\u00ebr Serbin\u00eb, se po mban edhe veten peng. Para 13 vjet\u00ebve Kosova e ka shpallur pavar\u00ebsin\u00eb nga Serbia.\u201d<\/em> \u2013 tha nd\u00ebr t\u00eb tjera Kurti gjat\u00eb deklarat\u00ebs p\u00ebr mediat.<\/span><\/p>\n","protected":false,"gt_translate_keys":[{"key":"rendered","format":"html"}]},"excerpt":{"rendered":"<p>Kryeministri i Kosov\u00ebs i ka b\u00ebr\u00eb thirrje Serbis\u00eb q\u00eb t\u00eb njoh\u00eb Kosov\u00ebn n\u00eb m\u00ebnyr\u00eb q\u00eb t\u00eb shk\u00ebputet nga e shkuara e nga regjimi i Sllobodan Milloshevi\u00e7it. Kurti e b\u00ebri deklarat\u00ebn nga Tirana ku po merr pjes\u00eb n\u00eb samitin e lider\u00ebve t\u00eb Ballkanit per\u00ebndimor. Sipas tij, njohja e Kosov\u00ebs do \u00e7lironte rajonin e do rriste bashk\u00ebpunimin [&hellip;]<\/p>\n","protected":false,"gt_translate_keys":[{"key":"rendered","format":"html"}]},"author":51,"featured_media":455887,"comment_status":"open","ping_status":"open","sticky":false,"template":"","format":"standard","meta":{"footnotes":""},"categories":[149],"tags":[],"class_list":["post-455886","post","type-post","status-publish","format-standard","has-post-thumbnail","hentry","category-kosoverajon"],"gt_translate_keys":[{"key":"link","format":"url"}],"_links":{"self":[{"href":"https:\/\/www.hashtag.al\/index.php\/wp-json\/wp\/v2\/posts\/455886","targetHints":{"allow":["GET"]}}],"collection":[{"href":"https:\/\/www.hashtag.al\/index.php\/wp-json\/wp\/v2\/posts"}],"about":[{"href":"https:\/\/www.hashtag.al\/index.php\/wp-json\/wp\/v2\/types\/post"}],"author":[{"embeddable":true,"href":"https:\/\/www.hashtag.al\/index.php\/wp-json\/wp\/v2\/users\/51"}],"replies":[{"embeddable":true,"href":"https:\/\/www.hashtag.al\/index.php\/wp-json\/wp\/v2\/comments?post=455886"}],"version-history":[{"count":0,"href":"https:\/\/www.hashtag.al\/index.php\/wp-json\/wp\/v2\/posts\/455886\/revisions"}],"wp:featuredmedia":[{"embeddable":true,"href":"https:\/\/www.hashtag.al\/index.php\/wp-json\/wp\/v2\/media\/455887"}],"wp:attachment":[{"href":"https:\/\/www.hashtag.al\/index.php\/wp-json\/wp\/v2\/media?parent=455886"}],"wp:term":[{"taxonomy":"category","embeddable":true,"href":"https:\/\/www.hashtag.al\/index.php\/wp-json\/wp\/v2\/categories?post=455886"},{"taxonomy":"post_tag","embeddable":true,"href":"https:\/\/www.hashtag.al\/index.php\/wp-json\/wp\/v2\/tags?post=455886"}],"curies":[{"name":"wp","href":"https:\/\/api.w.org\/{rel}","templated":true}]}}