{"id":455883,"date":"2021-06-10T15:52:24","date_gmt":"2021-06-10T13:52:24","guid":{"rendered":"https:\/\/hashtag.al\/?p=455883"},"modified":"2021-06-10T15:52:24","modified_gmt":"2021-06-10T13:52:24","slug":"kpa-shkarkon-nga-detyra-prokurorin-anton-martini","status":"publish","type":"post","link":"https:\/\/www.hashtag.al\/index.php\/2021\/06\/10\/kpa-shkarkon-nga-detyra-prokurorin-anton-martini\/","title":{"rendered":"KPA shkarkon nga detyra prokurorin Anton Martini","gt_translate_keys":[{"key":"rendered","format":"text"}]},"content":{"rendered":"<p><img loading=\"lazy\" decoding=\"async\" class=\"aligncenter size-full wp-image-455884\" src=\"https:\/\/hashtag.al\/wp-content\/uploads\/2021\/06\/martinianton.jpg\" alt=\"\" width=\"4032\" height=\"3024\" srcset=\"https:\/\/www.hashtag.al\/wp-content\/uploads\/2021\/06\/martinianton.jpg 4032w, https:\/\/www.hashtag.al\/wp-content\/uploads\/2021\/06\/martinianton-300x225.jpg 300w, https:\/\/www.hashtag.al\/wp-content\/uploads\/2021\/06\/martinianton-768x576.jpg 768w, https:\/\/www.hashtag.al\/wp-content\/uploads\/2021\/06\/martinianton-1024x768.jpg 1024w\" sizes=\"auto, (max-width: 4032px) 100vw, 4032px\" \/><\/p>\n<p><span style=\"color: #000000;\">Kolegji i Posa\u00e7\u00ebm i Apelimit ka shkarkuar nga detyra prokurorin Anton Martini.<\/span><\/p>\n<p><span style=\"color: #000000;\"> Ky i fundit ishte edhe kandidat p\u00ebr t\u00eb qen\u00eb pjes\u00eb e prokuroris\u00eb speciale SPAK. <\/span><\/p>\n<p><span style=\"color: #000000;\">Sipas KPA-s\u00eb, Martini nuk justifikonte dot pasurin\u00eb, shkruan <span style=\"color: #0000ff;\">BW<\/span>. <\/span><\/p>\n<p><span style=\"color: #000000;\">M\u00eb her\u00ebt Komisioni i Pavarur i Kualifikimit e kishte kaluar n\u00eb vetting Martinin por pas ankimimit t\u00eb Komisionerit Publik, \u00e7\u00ebshtja kaloi n\u00eb KPA.<\/span><\/p>\n","protected":false,"gt_translate_keys":[{"key":"rendered","format":"html"}]},"excerpt":{"rendered":"<p>Kolegji i Posa\u00e7\u00ebm i Apelimit ka shkarkuar nga detyra prokurorin Anton Martini. Ky i fundit ishte edhe kandidat p\u00ebr t\u00eb qen\u00eb pjes\u00eb e prokuroris\u00eb speciale SPAK. Sipas KPA-s\u00eb, Martini nuk justifikonte dot pasurin\u00eb, shkruan BW. M\u00eb her\u00ebt Komisioni i Pavarur i Kualifikimit e kishte kaluar n\u00eb vetting Martinin por pas ankimimit t\u00eb Komisionerit Publik, \u00e7\u00ebshtja [&hellip;]<\/p>\n","protected":false,"gt_translate_keys":[{"key":"rendered","format":"html"}]},"author":51,"featured_media":455884,"comment_status":"open","ping_status":"open","sticky":false,"template":"","format":"standard","meta":{"footnotes":""},"categories":[65,13],"tags":[],"class_list":["post-455883","post","type-post","status-publish","format-standard","has-post-thumbnail","hentry","category-lajme","category-te-fundit"],"gt_translate_keys":[{"key":"link","format":"url"}],"_links":{"self":[{"href":"https:\/\/www.hashtag.al\/index.php\/wp-json\/wp\/v2\/posts\/455883","targetHints":{"allow":["GET"]}}],"collection":[{"href":"https:\/\/www.hashtag.al\/index.php\/wp-json\/wp\/v2\/posts"}],"about":[{"href":"https:\/\/www.hashtag.al\/index.php\/wp-json\/wp\/v2\/types\/post"}],"author":[{"embeddable":true,"href":"https:\/\/www.hashtag.al\/index.php\/wp-json\/wp\/v2\/users\/51"}],"replies":[{"embeddable":true,"href":"https:\/\/www.hashtag.al\/index.php\/wp-json\/wp\/v2\/comments?post=455883"}],"version-history":[{"count":0,"href":"https:\/\/www.hashtag.al\/index.php\/wp-json\/wp\/v2\/posts\/455883\/revisions"}],"wp:featuredmedia":[{"embeddable":true,"href":"https:\/\/www.hashtag.al\/index.php\/wp-json\/wp\/v2\/media\/455884"}],"wp:attachment":[{"href":"https:\/\/www.hashtag.al\/index.php\/wp-json\/wp\/v2\/media?parent=455883"}],"wp:term":[{"taxonomy":"category","embeddable":true,"href":"https:\/\/www.hashtag.al\/index.php\/wp-json\/wp\/v2\/categories?post=455883"},{"taxonomy":"post_tag","embeddable":true,"href":"https:\/\/www.hashtag.al\/index.php\/wp-json\/wp\/v2\/tags?post=455883"}],"curies":[{"name":"wp","href":"https:\/\/api.w.org\/{rel}","templated":true}]}}