{"id":455742,"date":"2021-06-09T22:45:29","date_gmt":"2021-06-09T20:45:29","guid":{"rendered":"https:\/\/hashtag.al\/?p=455742"},"modified":"2021-06-09T22:45:29","modified_gmt":"2021-06-09T20:45:29","slug":"disa-minuta-shi-permbytin-pazarin-e-vjeter-te-korces","status":"publish","type":"post","link":"https:\/\/www.hashtag.al\/index.php\/2021\/06\/09\/disa-minuta-shi-permbytin-pazarin-e-vjeter-te-korces\/","title":{"rendered":"Disa minuta shi p\u00ebrmbytin Pazarin e Vjet\u00ebr t\u00eb Kor\u00e7\u00ebs","gt_translate_keys":[{"key":"rendered","format":"text"}]},"content":{"rendered":"<p><span style=\"color: #000000;\"><img loading=\"lazy\" decoding=\"async\" class=\"aligncenter size-full wp-image-455743\" src=\"https:\/\/hashtag.al\/wp-content\/uploads\/2021\/06\/pazari-i-korces.jpg\" alt=\"\" width=\"765\" height=\"410\" srcset=\"https:\/\/www.hashtag.al\/wp-content\/uploads\/2021\/06\/pazari-i-korces.jpg 765w, https:\/\/www.hashtag.al\/wp-content\/uploads\/2021\/06\/pazari-i-korces-300x161.jpg 300w\" sizes=\"auto, (max-width: 765px) 100vw, 765px\" \/><\/span><\/p>\n<p><span style=\"color: #000000;\">Juglindja e Shqip\u00ebris\u00eb \u00ebsht\u00eb p\u00ebrfshir\u00eb nga reshje t\u00eb dendura t\u00eb shiut prej disa dit\u00ebsh.<\/span><\/p>\n<p><span style=\"color: #000000;\">K\u00ebto reshje nuk kan\u00eb kaluar pa probleme n\u00eb zon\u00ebn urbane t\u00eb qytetit t\u00eb Kor\u00e7\u00ebs.<\/span><\/p>\n<p><span style=\"color: #000000;\">Pas disa minutash shi, zona e Pazarit t\u00eb Vjet\u00ebr t\u00eb Kor\u00e7\u00ebs \u00ebsht\u00eb p\u00ebrmbytur nga uji duke mbushur me uj\u00eb katet e para t\u00eb qytetit.<\/span><\/p>\n<p><img loading=\"lazy\" decoding=\"async\" class=\"aligncenter size-full wp-image-455743\" src=\"https:\/\/hashtag.al\/wp-content\/uploads\/2021\/06\/pazari-i-korces.jpg\" alt=\"\" width=\"765\" height=\"410\" srcset=\"https:\/\/www.hashtag.al\/wp-content\/uploads\/2021\/06\/pazari-i-korces.jpg 765w, https:\/\/www.hashtag.al\/wp-content\/uploads\/2021\/06\/pazari-i-korces-300x161.jpg 300w\" sizes=\"auto, (max-width: 765px) 100vw, 765px\" \/><\/p>\n","protected":false,"gt_translate_keys":[{"key":"rendered","format":"html"}]},"excerpt":{"rendered":"<p>Juglindja e Shqip\u00ebris\u00eb \u00ebsht\u00eb p\u00ebrfshir\u00eb nga reshje t\u00eb dendura t\u00eb shiut prej disa dit\u00ebsh. K\u00ebto reshje nuk kan\u00eb kaluar pa probleme n\u00eb zon\u00ebn urbane t\u00eb qytetit t\u00eb Kor\u00e7\u00ebs. Pas disa minutash shi, zona e Pazarit t\u00eb Vjet\u00ebr t\u00eb Kor\u00e7\u00ebs \u00ebsht\u00eb p\u00ebrmbytur nga uji duke mbushur me uj\u00eb katet e para t\u00eb qytetit.<\/p>\n","protected":false,"gt_translate_keys":[{"key":"rendered","format":"html"}]},"author":32,"featured_media":455743,"comment_status":"open","ping_status":"open","sticky":false,"template":"","format":"standard","meta":{"footnotes":""},"categories":[65,13],"tags":[],"class_list":["post-455742","post","type-post","status-publish","format-standard","has-post-thumbnail","hentry","category-lajme","category-te-fundit"],"gt_translate_keys":[{"key":"link","format":"url"}],"_links":{"self":[{"href":"https:\/\/www.hashtag.al\/index.php\/wp-json\/wp\/v2\/posts\/455742","targetHints":{"allow":["GET"]}}],"collection":[{"href":"https:\/\/www.hashtag.al\/index.php\/wp-json\/wp\/v2\/posts"}],"about":[{"href":"https:\/\/www.hashtag.al\/index.php\/wp-json\/wp\/v2\/types\/post"}],"author":[{"embeddable":true,"href":"https:\/\/www.hashtag.al\/index.php\/wp-json\/wp\/v2\/users\/32"}],"replies":[{"embeddable":true,"href":"https:\/\/www.hashtag.al\/index.php\/wp-json\/wp\/v2\/comments?post=455742"}],"version-history":[{"count":0,"href":"https:\/\/www.hashtag.al\/index.php\/wp-json\/wp\/v2\/posts\/455742\/revisions"}],"wp:featuredmedia":[{"embeddable":true,"href":"https:\/\/www.hashtag.al\/index.php\/wp-json\/wp\/v2\/media\/455743"}],"wp:attachment":[{"href":"https:\/\/www.hashtag.al\/index.php\/wp-json\/wp\/v2\/media?parent=455742"}],"wp:term":[{"taxonomy":"category","embeddable":true,"href":"https:\/\/www.hashtag.al\/index.php\/wp-json\/wp\/v2\/categories?post=455742"},{"taxonomy":"post_tag","embeddable":true,"href":"https:\/\/www.hashtag.al\/index.php\/wp-json\/wp\/v2\/tags?post=455742"}],"curies":[{"name":"wp","href":"https:\/\/api.w.org\/{rel}","templated":true}]}}